{"id":1080,"date":"2015-12-18T07:08:55","date_gmt":"2015-12-18T06:08:55","guid":{"rendered":"http:\/\/pensalla.cat\/?p=1080"},"modified":"2015-12-16T18:12:46","modified_gmt":"2015-12-16T17:12:46","slug":"iphones-i-ipads-per-a-gent-gran","status":"publish","type":"post","link":"https:\/\/pensalla.cat\/?p=1080","title":{"rendered":"iPhones i iPads per a gent gran"},"content":{"rendered":"<div style=\"padding-top:0px;\t\r\npadding-right:0px;\r\npadding-bottom:0px;\r\npadding-left:0px;\r\nmargin-top:0px;\r\nmargin-right:0px;\r\nmargin-bottom:0px;\r\nmargin-left:0px;\"><a href=\"https:\/\/twitter.com\/share\" class=\"twitter-share-button\" \r\n\t\t\t\t        data-url=\"https:\/\/pensalla.cat\/?p=1080\" \r\n\t\t\t\t        data-via=\"jjofra\"\r\n\t\t\t\t\t    data-text=\"iPhones i iPads per a gent gran\"\r\n\t\t\t\t\t    data-related=\"\"\r\n\t\t\t\t\t    data-count=\"none\"\r\n\t\t\t\t\t    data-hashtags=\"\"\r\n\t\t\t\t\t    data-lang=\"autoLANGauto\"\r\n\t\t\t\t\t    data-counturl=\"pensalla.cat\"\r\n\t\t\t\t\t    data-size=\"medium\"\r\n\t\t\t\t\t    data-dnt=\"false\"\t> Tweet <\/a> <\/div>\r\n\t\t                <script>\r\n\t\t\t\t\t    !function(d,s,id) {\r\n\t\t\t\t\t      var js,fjs=d.getElementsByTagName(s)[0];\r\n\t\t\t\t\t      if(!d.getElementById(id)) {\r\n\t\t\t\t\t       js=d.createElement(s);js.id=id;js.src=\"https:\/\/platform.twitter.com\/widgets.js\";fjs.parentNode.insertBefore(js,fjs);\r\n\t\t\t\t\t      }\r\n\t\t\t\t\t    }\r\n\t\t\t\t\t   (document,\"script\",\"twitter-wjs\");\r\n\t\t\t\t\t    <\/script><div>&nbsp;<\/div>\n<div>La setmana passada explicava quines precaucions podien tenir els nens i els joves a Internet, avui apujarem una mica l\u2019edat i us explicar\u00e9 com la gent gran pot conviure millor amb els dispositius d\u2019Apple, i prometo un article pels Androids.<\/div>\n<div>&nbsp;<\/div>\n<div>Primer definim gent gran, que pel contingut d\u2019aquests articles s\u00f3n les persones a partir dels quaranta anys, ho sento si us sentiu al\u00b7ludits i us heu fet vells de cop, per\u00f2 a partir dels quaranta comen\u00e7a a disminuir la capacitat de la nostra vista, es comencen a necessitar ulleres per llegir, all\u00f2 que t\u00e8cnicament se\u2019n diu \u2018presb\u00edcia\u2019 i m\u00e9s col\u00b7loquialment \u2018vista cansada\u2019, i no percebem tan b\u00e9 els sons.<\/div>\n<div>&nbsp;<\/div>\n<div><a href=\"https:\/\/i0.wp.com\/pensalla.cat\/wp-content\/uploads\/2015\/12\/IMG_6941.jpg\" rel=\"attachment wp-att-1084\"><img data-recalc-dims=\"1\" loading=\"lazy\" decoding=\"async\" class=\"size-medium wp-image-1084 alignleft\" src=\"https:\/\/i0.wp.com\/pensalla.cat\/wp-content\/uploads\/2015\/12\/IMG_6941-169x300.jpg?resize=169%2C300\" alt=\"IMG_6941\" width=\"169\" height=\"300\" srcset=\"https:\/\/i0.wp.com\/pensalla.cat\/wp-content\/uploads\/2015\/12\/IMG_6941.jpg?resize=169%2C300&amp;ssl=1 169w, https:\/\/i0.wp.com\/pensalla.cat\/wp-content\/uploads\/2015\/12\/IMG_6941.jpg?resize=768%2C1365&amp;ssl=1 768w, https:\/\/i0.wp.com\/pensalla.cat\/wp-content\/uploads\/2015\/12\/IMG_6941.jpg?resize=576%2C1024&amp;ssl=1 576w, https:\/\/i0.wp.com\/pensalla.cat\/wp-content\/uploads\/2015\/12\/IMG_6941.jpg?resize=100%2C178&amp;ssl=1 100w, https:\/\/i0.wp.com\/pensalla.cat\/wp-content\/uploads\/2015\/12\/IMG_6941.jpg?resize=150%2C267&amp;ssl=1 150w, https:\/\/i0.wp.com\/pensalla.cat\/wp-content\/uploads\/2015\/12\/IMG_6941.jpg?resize=200%2C356&amp;ssl=1 200w, https:\/\/i0.wp.com\/pensalla.cat\/wp-content\/uploads\/2015\/12\/IMG_6941.jpg?resize=300%2C533&amp;ssl=1 300w, https:\/\/i0.wp.com\/pensalla.cat\/wp-content\/uploads\/2015\/12\/IMG_6941.jpg?resize=450%2C800&amp;ssl=1 450w, https:\/\/i0.wp.com\/pensalla.cat\/wp-content\/uploads\/2015\/12\/IMG_6941.jpg?resize=600%2C1067&amp;ssl=1 600w, https:\/\/i0.wp.com\/pensalla.cat\/wp-content\/uploads\/2015\/12\/IMG_6941.jpg?resize=900%2C1600&amp;ssl=1 900w, https:\/\/i0.wp.com\/pensalla.cat\/wp-content\/uploads\/2015\/12\/IMG_6941.jpg?w=1242&amp;ssl=1 1242w\" sizes=\"auto, (max-width: 169px) 100vw, 169px\" \/><\/a><\/div>\n<div>Si encara no heu arribat als quaranta, guardeu aquest article, arribar\u00e0 un dia que us faci falta \ud83d\ude42<\/div>\n<div>&nbsp;<\/div>\n<div>Aix\u00ed que per dissimular la nostra edat, haurem d\u2019anar a \u2018Configuraci\u00f3\u2019, una vegada aqu\u00ed a l\u2019opci\u00f3 \u2018General\u2019 i a l\u2019apartat \u2018Accessibilitat&#8217;<\/div>\n<div>&nbsp;<\/div>\n<div class= aligncenter >&nbsp;<\/div>\n<div>&nbsp;<\/div>\n<div>&nbsp;<\/div>\n<div>&nbsp;<\/div>\n<div><b>Fer zoom de la pantalla<\/b><\/div>\n<div>&nbsp;<\/div>\n<div><a href=\"https:\/\/i0.wp.com\/pensalla.cat\/wp-content\/uploads\/2015\/12\/IMG_6937.jpg\" rel=\"attachment wp-att-1081\"><img data-recalc-dims=\"1\" loading=\"lazy\" decoding=\"async\" class=\"alignright size-medium wp-image-1081\" src=\"https:\/\/i0.wp.com\/pensalla.cat\/wp-content\/uploads\/2015\/12\/IMG_6937-169x300.jpg?resize=169%2C300\" alt=\"IMG_6937\" width=\"169\" height=\"300\" srcset=\"https:\/\/i0.wp.com\/pensalla.cat\/wp-content\/uploads\/2015\/12\/IMG_6937.jpg?resize=169%2C300&amp;ssl=1 169w, https:\/\/i0.wp.com\/pensalla.cat\/wp-content\/uploads\/2015\/12\/IMG_6937.jpg?resize=768%2C1365&amp;ssl=1 768w, https:\/\/i0.wp.com\/pensalla.cat\/wp-content\/uploads\/2015\/12\/IMG_6937.jpg?resize=576%2C1024&amp;ssl=1 576w, https:\/\/i0.wp.com\/pensalla.cat\/wp-content\/uploads\/2015\/12\/IMG_6937.jpg?resize=100%2C178&amp;ssl=1 100w, https:\/\/i0.wp.com\/pensalla.cat\/wp-content\/uploads\/2015\/12\/IMG_6937.jpg?resize=150%2C267&amp;ssl=1 150w, https:\/\/i0.wp.com\/pensalla.cat\/wp-content\/uploads\/2015\/12\/IMG_6937.jpg?resize=200%2C356&amp;ssl=1 200w, https:\/\/i0.wp.com\/pensalla.cat\/wp-content\/uploads\/2015\/12\/IMG_6937.jpg?resize=300%2C533&amp;ssl=1 300w, https:\/\/i0.wp.com\/pensalla.cat\/wp-content\/uploads\/2015\/12\/IMG_6937.jpg?resize=450%2C800&amp;ssl=1 450w, https:\/\/i0.wp.com\/pensalla.cat\/wp-content\/uploads\/2015\/12\/IMG_6937.jpg?resize=600%2C1067&amp;ssl=1 600w, https:\/\/i0.wp.com\/pensalla.cat\/wp-content\/uploads\/2015\/12\/IMG_6937.jpg?resize=900%2C1600&amp;ssl=1 900w, https:\/\/i0.wp.com\/pensalla.cat\/wp-content\/uploads\/2015\/12\/IMG_6937.jpg?w=1242&amp;ssl=1 1242w\" sizes=\"auto, (max-width: 169px) 100vw, 169px\" \/><\/a>Una soluci\u00f3 d\u2019emerg\u00e8ncia per ampliar la pantalla fent zoom el trobem a l\u2019apartat de \u2018Visi\u00f3\u2019 a on hi ha l\u2019opci\u00f3 \u2018Zoom\u2019 que, si est\u00e0 activada, permet ampliar la pantalla fent \u2018clic\u2019 dues vegades amb TRES dits,<\/div>\n<div>&nbsp;<\/div>\n<div class= aligncenter >&nbsp;<\/div>\n<div>&nbsp;<\/div>\n<div>&nbsp;<\/div>\n<div>&nbsp;<\/div>\n<div><b>Fer el text m\u00e9s gran<\/b><\/div>\n<div>&nbsp;<\/div>\n<div><a href=\"https:\/\/i0.wp.com\/pensalla.cat\/wp-content\/uploads\/2015\/12\/IMG_6939.jpg\" rel=\"attachment wp-att-1082\"><img data-recalc-dims=\"1\" loading=\"lazy\" decoding=\"async\" class=\"alignright size-medium wp-image-1082\" src=\"https:\/\/i0.wp.com\/pensalla.cat\/wp-content\/uploads\/2015\/12\/IMG_6939-169x300.jpg?resize=169%2C300\" alt=\"IMG_6939\" width=\"169\" height=\"300\" srcset=\"https:\/\/i0.wp.com\/pensalla.cat\/wp-content\/uploads\/2015\/12\/IMG_6939.jpg?resize=169%2C300&amp;ssl=1 169w, https:\/\/i0.wp.com\/pensalla.cat\/wp-content\/uploads\/2015\/12\/IMG_6939.jpg?resize=768%2C1365&amp;ssl=1 768w, https:\/\/i0.wp.com\/pensalla.cat\/wp-content\/uploads\/2015\/12\/IMG_6939.jpg?resize=576%2C1024&amp;ssl=1 576w, https:\/\/i0.wp.com\/pensalla.cat\/wp-content\/uploads\/2015\/12\/IMG_6939.jpg?resize=100%2C178&amp;ssl=1 100w, https:\/\/i0.wp.com\/pensalla.cat\/wp-content\/uploads\/2015\/12\/IMG_6939.jpg?resize=150%2C267&amp;ssl=1 150w, https:\/\/i0.wp.com\/pensalla.cat\/wp-content\/uploads\/2015\/12\/IMG_6939.jpg?resize=200%2C356&amp;ssl=1 200w, https:\/\/i0.wp.com\/pensalla.cat\/wp-content\/uploads\/2015\/12\/IMG_6939.jpg?resize=300%2C533&amp;ssl=1 300w, https:\/\/i0.wp.com\/pensalla.cat\/wp-content\/uploads\/2015\/12\/IMG_6939.jpg?resize=450%2C800&amp;ssl=1 450w, https:\/\/i0.wp.com\/pensalla.cat\/wp-content\/uploads\/2015\/12\/IMG_6939.jpg?resize=600%2C1067&amp;ssl=1 600w, https:\/\/i0.wp.com\/pensalla.cat\/wp-content\/uploads\/2015\/12\/IMG_6939.jpg?resize=900%2C1600&amp;ssl=1 900w, https:\/\/i0.wp.com\/pensalla.cat\/wp-content\/uploads\/2015\/12\/IMG_6939.jpg?w=1242&amp;ssl=1 1242w\" sizes=\"auto, (max-width: 169px) 100vw, 169px\" \/><\/a>El m\u00e9s interessant \u00e9s l\u2019opci\u00f3 \u2018Text m\u00e9s gran\u2019 especial per gent amb uns anys, que, com el seu nom indica permet que les aplicacions que segueixen les normes d\u2019Apple engrandeixin la mida de la lletra en pantalla. Ja veureu un regulador que us permet decidir la mida de la lletra.<\/div>\n<div>&nbsp;<\/div>\n<div class= aligncenter >&nbsp;<\/div>\n<div>&nbsp;<\/div>\n<div>&nbsp;<\/div>\n<div>Si, a m\u00e9s a m\u00e9s, activeu l\u2019opci\u00f3 de \u2018Mides m\u00e9s grans\u2019 podreu ampliar encara m\u00e9s la mida de la lletra, a la pantalla us surt un exemple de com quedar\u00e0 la lletra, nom\u00e9s us heu de treure les ulleres i anar fent fins que pugueu llegir f\u00e0cilment.<\/div>\n<div>&nbsp;<\/div>\n<div>Una vegada canviat, aneu a Whatsapp i veureu la difer\u00e8ncia, aix\u00f2 s\u00ed, no us hi cabran molts missatges a la pantalla \ud83d\ude03<\/div>\n<div>&nbsp;<\/div>\n<div>Les apps m\u00e9s importants que segueixen la norma \u2018Dynamic Type\u2019 s\u00f3n les de Mail, iBooks, Messages, Whatsapp, per\u00f2 si aneu a l\u2019app de Gmail veureu que no en fa ni cas del canvi de la mida del text<\/div>\n<div>&nbsp;<\/div>\n<div>&nbsp;<\/div>\n<div>&nbsp;<\/div>\n<div><b>Fer el text en negreta<\/b><\/div>\n<div>&nbsp;<\/div>\n<div>Quan Apple va presentar el nou sistema operatiu hi va haver moltes cr\u00edtiques perqu\u00e8 la lletra era molt prima i, segons i com, de vegades costava de llegir, la resposta va ser posar l\u2019opci\u00f3 \u2018Text en negreta\u2019 a l\u2019apartat d\u2019accessibilitat.<\/div>\n<div>&nbsp;<\/div>\n<div>Si ho seleccioneu, s\u2019haur\u00e0 de reinicialitzar el tel\u00e8fon, per\u00f2 una vegada fet, veureu la difer\u00e8ncia i la facilitat que tindreu per llegir en situacions de poca llum<\/div>\n<div>&nbsp;<\/div>\n<div>&nbsp;<\/div>\n<div>&nbsp;<\/div>\n<div><b>Dibuixar les formes dels botons.<\/b><\/div>\n<div>&nbsp;<\/div>\n<div>Una altra cr\u00edtica del nou sistema va ser que els botons de l\u2019IOS van perdre el seu dibuix, i no queda prou clar qu\u00e8 \u00e9s clicable i qu\u00e8 no ho \u00e9s.<\/div>\n<div>&nbsp;<\/div>\n<div>Exactament aix\u00f2 \u00e9s el que fa l\u2019opci\u00f3 \u2018Formes de bot\u00f3\u2019, tan aviat el seleccioneu veureu el bot\u00f3 \u2018General\u2019 a la part superior esquerra de la pantalla com agafa forma.<\/div>\n<div>&nbsp;<\/div>\n<div>&nbsp;<\/div>\n<div>&nbsp;<\/div>\n<div><b>Augmentar contrast<\/b><\/div>\n<div>&nbsp;<\/div>\n<div>Aqu\u00ed trobareu tres opcions per millorar la lectura i visibilitat de les pantalles.<\/div>\n<div>&nbsp;<\/div>\n<div>La primera, \u2018Reduir transpar\u00e8ncia\u2019 fa que les pantalles \u2018transparents\u2019 o siguin molt menys, si voleu fer una prova r\u00e0pida, llisqueu la part inferior de la pantalla per fer sortir el \u2018Centre de Control\u2019 sense i amb l\u2019opci\u00f3 de reduir la transpar\u00e8ncia, veureu com queda una pantalla molt m\u00e9s neta i f\u00e0cil de llegir.<\/div>\n<div>&nbsp;<\/div>\n<div>\u2018Enfosquir colors\u2019 \u00e9s subtil, no ho veureu tan clarament com altres opcions, el que fa \u00e9s que en alguns casos les lletres s\u00f3n una mica m\u00e9s fosques i gruixudes. A on millor ho veureu \u00e9s als botons del Calendari i del Safari.<\/div>\n<div>&nbsp;<\/div>\n<div>\u2018Reduir punt blanc\u2019 fa que alguns colors \u2018blancs\u2019 redueixin la seva intensitat i fent-los menys \u2018agressius\u2019-<\/div>\n<div>&nbsp;<\/div>\n<div>&nbsp;<\/div>\n<div>&nbsp;<\/div>\n<div><b>Reduir el moviment<\/b><\/div>\n<div>&nbsp;<\/div>\n<div>Pels qui no us heu fixat en la subtilitat de les pantalles \u2018Home\u2019 de l\u2019iPhone us haig d\u2019explicar que tenen una cosa que li\u2019n diuen \u2018Parallax motion\u2019 i que crec que no existeix encara traducci\u00f3, i que \u00e9s el moviment subtil dels botons quan inclineu el tel\u00e8fon per donar la sensaci\u00f3 de profunditat. Aneu a la pantalla Home i inclineu el tel\u00e8fon amunt i aval i dreta i esquerra.<\/div>\n<div>&nbsp;<\/div>\n<div>En tot cas, si voleu que no ho faci, aquesta opci\u00f3 us permet desactivar-ho, jo nom\u00e9s li veig utilitat a tel\u00e8fons antics i lents per treure el m\u00e0xim de coses que no s\u00f3n imprescindibles.<\/div>\n<div>&nbsp;<\/div>\n<div>&nbsp;<\/div>\n<div>&nbsp;<\/div>\n<div><b>Etiquetes I\/O<\/b><\/div>\n<div>&nbsp;<\/div>\n<div>Aquesta opci\u00f3 ens d\u00f3na una mica m\u00e9s d\u2019informaci\u00f3 als que no sabem mai si un interruptor en verd o en blanc vol dir que est\u00e0 enc\u00e8s o apagat, si l\u2019activeu, veureu que surt a la part del darrere de l\u2019interruptor una indicaci\u00f3 textual \u2018I\u2019 en cas d\u2019interruptor en marxa, \u00a0i \u2018O\u2019 en cas d\u2019interruptor parat. Aix\u00f2 us ajudar\u00e0 recordar que l\u2019interruptor verd vol dir en marxa perqu\u00e8 surt la \u2018I\u2019, i el blanc vol dir parat perqu\u00e8 surt el \u2018O\u2019.<\/div>\n<div>&nbsp;<\/div>\n<div>&nbsp;<\/div>\n<div><b>No sentiu el timbre?<\/b><\/div>\n<div>&nbsp;<\/div>\n<div><a href=\"https:\/\/i0.wp.com\/pensalla.cat\/wp-content\/uploads\/2015\/12\/IMG_6940.jpg\" rel=\"attachment wp-att-1083\"><img data-recalc-dims=\"1\" loading=\"lazy\" decoding=\"async\" class=\"alignright size-medium wp-image-1083\" src=\"https:\/\/i0.wp.com\/pensalla.cat\/wp-content\/uploads\/2015\/12\/IMG_6940-169x300.jpg?resize=169%2C300\" alt=\"IMG_6940\" width=\"169\" height=\"300\" srcset=\"https:\/\/i0.wp.com\/pensalla.cat\/wp-content\/uploads\/2015\/12\/IMG_6940.jpg?resize=169%2C300&amp;ssl=1 169w, https:\/\/i0.wp.com\/pensalla.cat\/wp-content\/uploads\/2015\/12\/IMG_6940.jpg?resize=768%2C1365&amp;ssl=1 768w, https:\/\/i0.wp.com\/pensalla.cat\/wp-content\/uploads\/2015\/12\/IMG_6940.jpg?resize=576%2C1024&amp;ssl=1 576w, https:\/\/i0.wp.com\/pensalla.cat\/wp-content\/uploads\/2015\/12\/IMG_6940.jpg?resize=100%2C178&amp;ssl=1 100w, https:\/\/i0.wp.com\/pensalla.cat\/wp-content\/uploads\/2015\/12\/IMG_6940.jpg?resize=150%2C267&amp;ssl=1 150w, https:\/\/i0.wp.com\/pensalla.cat\/wp-content\/uploads\/2015\/12\/IMG_6940.jpg?resize=200%2C356&amp;ssl=1 200w, https:\/\/i0.wp.com\/pensalla.cat\/wp-content\/uploads\/2015\/12\/IMG_6940.jpg?resize=300%2C533&amp;ssl=1 300w, https:\/\/i0.wp.com\/pensalla.cat\/wp-content\/uploads\/2015\/12\/IMG_6940.jpg?resize=450%2C800&amp;ssl=1 450w, https:\/\/i0.wp.com\/pensalla.cat\/wp-content\/uploads\/2015\/12\/IMG_6940.jpg?resize=600%2C1067&amp;ssl=1 600w, https:\/\/i0.wp.com\/pensalla.cat\/wp-content\/uploads\/2015\/12\/IMG_6940.jpg?resize=900%2C1600&amp;ssl=1 900w, https:\/\/i0.wp.com\/pensalla.cat\/wp-content\/uploads\/2015\/12\/IMG_6940.jpg?w=1242&amp;ssl=1 1242w\" sizes=\"auto, (max-width: 169px) 100vw, 169px\" \/><\/a>Ajudeu-vos amb senyals visuals, podeu activar el llum del flash quan entra una trucada, amb l\u2019opci\u00f3 \u2018Avisos LED intermitent&#8217;<\/div>\n<div>&nbsp;<\/div>\n<div class= aligncenter >&nbsp;<\/div>\n<div>&nbsp;<\/div>\n<div>&nbsp;<\/div>\n<div>Tots aquests trucs i molts m\u00e9s, els trobareu a \u2018<a href=\"http:\/\/www.amazon.es\/gp\/product\/B0199JB84E?keywords=iPhone%3A%20The%20Missing%20Manual&amp;qid=1450184992&amp;ref_=sr_1_1&amp;s=digital-text&amp;sr=1-1\" target=\"_blank\">iPhone, the missing manual<\/a>&#8216;, de David Pogue.<\/div>\n<div>&nbsp;<\/div>\n<div>I si voleu, us podeu apuntar al <a href=\"http:\/\/pensalla.cat\/?page_id=998\" target=\"_blank\">curs d\u2019iPad per a tothom<\/a> que farem aquests dies\u00a0a Vilaweb, el millor regl per aquest Nadal.<\/div>\n<div>&nbsp;<\/div>\n<div>&nbsp;<\/div>\n<div>&nbsp;<\/div>\n<div style=\"padding-top:0px;\t\r\npadding-right:0px;\r\npadding-bottom:0px;\r\npadding-left:0px;\r\nmargin-top:0px;\r\nmargin-right:0px;\r\nmargin-bottom:0px;\r\nmargin-left:0px;\"><a href=\"https:\/\/twitter.com\/share\" class=\"twitter-share-button\" \r\n\t\t\t\t        data-url=\"https:\/\/pensalla.cat\/?p=1080\" \r\n\t\t\t\t        data-via=\"jjofra\"\r\n\t\t\t\t\t    data-text=\"iPhones i iPads per a gent gran\"\r\n\t\t\t\t\t    data-related=\"\"\r\n\t\t\t\t\t    data-count=\"none\"\r\n\t\t\t\t\t    data-hashtags=\"\"\r\n\t\t\t\t\t    data-lang=\"autoLANGauto\"\r\n\t\t\t\t\t    data-counturl=\"pensalla.cat\"\r\n\t\t\t\t\t    data-size=\"medium\"\r\n\t\t\t\t\t    data-dnt=\"false\"\t> Tweet <\/a> <\/div>\r\n\t\t                <script>\r\n\t\t\t\t\t    !function(d,s,id) {\r\n\t\t\t\t\t      var js,fjs=d.getElementsByTagName(s)[0];\r\n\t\t\t\t\t      if(!d.getElementById(id)) {\r\n\t\t\t\t\t       js=d.createElement(s);js.id=id;js.src=\"https:\/\/platform.twitter.com\/widgets.js\";fjs.parentNode.insertBefore(js,fjs);\r\n\t\t\t\t\t      }\r\n\t\t\t\t\t    }\r\n\t\t\t\t\t   (document,\"script\",\"twitter-wjs\");\r\n\t\t\t\t\t    <\/script>","protected":false},"excerpt":{"rendered":"<p>Tweet &nbsp; La setmana passada explicava quines precaucions podien tenir els nens i els joves a Internet, avui apujarem una mica l\u2019edat i us explicar\u00e9 com la gent gran pot conviure millor amb els dispositius d\u2019Apple, i prometo un article<span class=\"ellipsis\">&hellip;<\/span><\/p>\n<div class=\"read-more\"><a href=\"https:\/\/pensalla.cat\/?p=1080\">Read more <span class=\"screen-reader-text\">iPhones i iPads per a gent gran<\/span><span class=\"meta-nav\"> &#8250;<\/span><\/a><\/div>\n<p><!-- end of .read-more --><\/p>\n","protected":false},"author":1,"featured_media":0,"comment_status":"open","ping_status":"open","sticky":false,"template":"","format":"standard","meta":{"_exactmetrics_skip_tracking":false,"_exactmetrics_sitenote_active":false,"_exactmetrics_sitenote_note":"","_exactmetrics_sitenote_category":0,"jetpack_post_was_ever_published":false,"_jetpack_newsletter_access":"","_jetpack_dont_email_post_to_subs":false,"_jetpack_newsletter_tier_id":0,"_jetpack_memberships_contains_paywalled_content":false,"_jetpack_memberships_contains_paid_content":false,"footnotes":"","jetpack_publicize_message":"","jetpack_publicize_feature_enabled":true,"jetpack_social_post_already_shared":true,"jetpack_social_options":{"image_generator_settings":{"template":"highway","default_image_id":0,"font":"","enabled":false},"version":2}},"categories":[2],"tags":[],"class_list":["post-1080","post","type-post","status-publish","format-standard","hentry","category-articles"],"aioseo_notices":[],"jetpack_publicize_connections":[],"jetpack_featured_media_url":"","jetpack_sharing_enabled":true,"_links":{"self":[{"href":"https:\/\/pensalla.cat\/index.php?rest_route=\/wp\/v2\/posts\/1080","targetHints":{"allow":["GET"]}}],"collection":[{"href":"https:\/\/pensalla.cat\/index.php?rest_route=\/wp\/v2\/posts"}],"about":[{"href":"https:\/\/pensalla.cat\/index.php?rest_route=\/wp\/v2\/types\/post"}],"author":[{"embeddable":true,"href":"https:\/\/pensalla.cat\/index.php?rest_route=\/wp\/v2\/users\/1"}],"replies":[{"embeddable":true,"href":"https:\/\/pensalla.cat\/index.php?rest_route=%2Fwp%2Fv2%2Fcomments&post=1080"}],"version-history":[{"count":0,"href":"https:\/\/pensalla.cat\/index.php?rest_route=\/wp\/v2\/posts\/1080\/revisions"}],"wp:attachment":[{"href":"https:\/\/pensalla.cat\/index.php?rest_route=%2Fwp%2Fv2%2Fmedia&parent=1080"}],"wp:term":[{"taxonomy":"category","embeddable":true,"href":"https:\/\/pensalla.cat\/index.php?rest_route=%2Fwp%2Fv2%2Fcategories&post=1080"},{"taxonomy":"post_tag","embeddable":true,"href":"https:\/\/pensalla.cat\/index.php?rest_route=%2Fwp%2Fv2%2Ftags&post=1080"}],"curies":[{"name":"wp","href":"https:\/\/api.w.org\/{rel}","templated":true}]}}