{"id":1440,"date":"2016-06-03T07:10:19","date_gmt":"2016-06-03T06:10:19","guid":{"rendered":"http:\/\/pensalla.cat\/?p=1440"},"modified":"2016-06-01T08:34:25","modified_gmt":"2016-06-01T07:34:25","slug":"privacitat-al-navegar","status":"publish","type":"post","link":"https:\/\/pensalla.cat\/?p=1440","title":{"rendered":"Privacitat al navegar"},"content":{"rendered":"<div style=\"padding-top:0px;\t\r\npadding-right:0px;\r\npadding-bottom:0px;\r\npadding-left:0px;\r\nmargin-top:0px;\r\nmargin-right:0px;\r\nmargin-bottom:0px;\r\nmargin-left:0px;\"><a href=\"https:\/\/twitter.com\/share\" class=\"twitter-share-button\" \r\n\t\t\t\t        data-url=\"https:\/\/pensalla.cat\/?p=1440\" \r\n\t\t\t\t        data-via=\"jjofra\"\r\n\t\t\t\t\t    data-text=\"Privacitat al navegar\"\r\n\t\t\t\t\t    data-related=\"\"\r\n\t\t\t\t\t    data-count=\"none\"\r\n\t\t\t\t\t    data-hashtags=\"\"\r\n\t\t\t\t\t    data-lang=\"autoLANGauto\"\r\n\t\t\t\t\t    data-counturl=\"pensalla.cat\"\r\n\t\t\t\t\t    data-size=\"medium\"\r\n\t\t\t\t\t    data-dnt=\"false\"\t> Tweet <\/a> <\/div>\r\n\t\t                <script>\r\n\t\t\t\t\t    !function(d,s,id) {\r\n\t\t\t\t\t      var js,fjs=d.getElementsByTagName(s)[0];\r\n\t\t\t\t\t      if(!d.getElementById(id)) {\r\n\t\t\t\t\t       js=d.createElement(s);js.id=id;js.src=\"https:\/\/platform.twitter.com\/widgets.js\";fjs.parentNode.insertBefore(js,fjs);\r\n\t\t\t\t\t      }\r\n\t\t\t\t\t    }\r\n\t\t\t\t\t   (document,\"script\",\"twitter-wjs\");\r\n\t\t\t\t\t    <\/script><div>&nbsp;<\/div>\n<div>&nbsp;<\/div>\n<div>Tot moltes vegades que he parlat de la privacitat en tots els aspectes d\u2019Internet, i de la nostra vida, seguir\u00e9 fent-ho per insistir en la gran import\u00e0ncia que tenen les nostres dades i la facilitat que tenen els \u2018captadors\u2019 de dades per fer-se amb elles.<\/div>\n<div>&nbsp;<\/div>\n<div>Segur que tots vosaltres heu vist i us heu molestat per l\u2019anunci que surt a pr\u00e0cticament tots els webs per informar-vos i perqu\u00e8 accepteu l\u2019\u00fas de galetes. Aix\u00f2 respon a una normativa comunit\u00e0ria que, sincerament, crec que no ha servit per res m\u00e9s que per ocupar espai de pantalla, ja veureu com, a m\u00e9s a m\u00e9s, \u00e9s nom\u00e9s la punteta d\u2019un iceberg ben gran.<\/div>\n<div>&nbsp;<\/div>\n<div>I us heu preguntat com \u00e9s que m\u2019estan sortint anuncis a una p\u00e0gina de not\u00edcies t\u00e8cniques d\u2019una joguina que vaig mirar fa un parell de dies a Amazon, oi?<\/div>\n<div>&nbsp;<\/div>\n<div>Avui em vull concentrar en el que s\u2019anomena browser tracking, o rastreig del nostre navegador, si quan acabo no se us han posat els p\u00e8ls de punta, voldr\u00e0 dir que no m\u2019he explicat b\u00e9, comencem.<\/div>\n<div>&nbsp;<\/div>\n<div>&nbsp;<\/div>\n<div><a href=\"https:\/\/i0.wp.com\/pensalla.cat\/wp-content\/uploads\/2016\/06\/BD289772-5221-4118-8C79-8B57AFCD7CC5.jpg\"><img data-recalc-dims=\"1\" loading=\"lazy\" decoding=\"async\" class=\"aligncenter size-medium wp-image-1444\" src=\"https:\/\/i0.wp.com\/pensalla.cat\/wp-content\/uploads\/2016\/06\/BD289772-5221-4118-8C79-8B57AFCD7CC5-295x300.jpg?resize=295%2C300\" alt=\"BD289772-5221-4118-8C79-8B57AFCD7CC5\" width=\"295\" height=\"300\" srcset=\"https:\/\/i0.wp.com\/pensalla.cat\/wp-content\/uploads\/2016\/06\/BD289772-5221-4118-8C79-8B57AFCD7CC5.jpg?resize=295%2C300&amp;ssl=1 295w, https:\/\/i0.wp.com\/pensalla.cat\/wp-content\/uploads\/2016\/06\/BD289772-5221-4118-8C79-8B57AFCD7CC5.jpg?resize=100%2C102&amp;ssl=1 100w, https:\/\/i0.wp.com\/pensalla.cat\/wp-content\/uploads\/2016\/06\/BD289772-5221-4118-8C79-8B57AFCD7CC5.jpg?resize=150%2C153&amp;ssl=1 150w, https:\/\/i0.wp.com\/pensalla.cat\/wp-content\/uploads\/2016\/06\/BD289772-5221-4118-8C79-8B57AFCD7CC5.jpg?resize=200%2C203&amp;ssl=1 200w, https:\/\/i0.wp.com\/pensalla.cat\/wp-content\/uploads\/2016\/06\/BD289772-5221-4118-8C79-8B57AFCD7CC5.jpg?resize=300%2C305&amp;ssl=1 300w, https:\/\/i0.wp.com\/pensalla.cat\/wp-content\/uploads\/2016\/06\/BD289772-5221-4118-8C79-8B57AFCD7CC5.jpg?resize=450%2C458&amp;ssl=1 450w, https:\/\/i0.wp.com\/pensalla.cat\/wp-content\/uploads\/2016\/06\/BD289772-5221-4118-8C79-8B57AFCD7CC5.jpg?w=600&amp;ssl=1 600w\" sizes=\"auto, (max-width: 295px) 100vw, 295px\" \/><\/a><\/div>\n<div>&nbsp;<\/div>\n<div>&nbsp;<\/div>\n<div>&nbsp;<\/div>\n<div>&nbsp;<\/div>\n<div><b>Com funcionen?<\/b><\/div>\n<div>&nbsp;<\/div>\n<div>Quan visitem un web els trackers o rastrejadors (oficialment anomenats \u201cthird party tracking technologies\u201d o \u201ctecnologies de seguiment de terceres parts&#8221;) es guarden al nostre ordinador.<\/div>\n<div>&nbsp;<\/div>\n<div>\u00c9s el propietari del web qui decideix quants i quins tipus ens envia perqu\u00e8 guardem al nostre ordinador en funci\u00f3 del que vol fer, per exemple a pensalla.cat enviem quatre rastrejadors, molt senzills que s\u00f3n:<\/div>\n<div>&nbsp;<\/div>\n<ul>\n<li>el bot\u00f3 de twitter, perqu\u00e8 pugueu publicar l\u2019article a twitter<\/li>\n<li>el Gravatar, la imatge del nostre perfil que ens segueix pels webs i que s\u2019inclou a tots els llocs creats amb WordPress i que, pr\u00e8viament, hem d\u2019haver pujat a <a href=\"http:\/\/en.gravatar.com\/support\/activating-your-account\/\">Gravatar<\/a>\u00a0o a WordPress, \u00e9s la foto del nostre perfil quan fem comentaris a un web que suporti Gravatars.<\/li>\n<li>les estad\u00edstiques de Google Analytics, per tenir un seguiment<\/li>\n<li>i les estad\u00edstiques de WordPress, perqu\u00e8 WordPress ens digui qui ens visita<\/li>\n<\/ul>\n<div>&nbsp;<\/div>\n<div>Podeu veure que no tots els trackers s\u00f3n per saber el que feu o analitzar els vostres h\u00e0bits, alguns simplement serveixen per saber quants visitants t\u00e9 un web o per saber d\u2019on provenen, i alguns s\u00f3n necessaris per al funcionament del web.<\/div>\n<div>&nbsp;<\/div>\n<div>Els del <a href=\"http:\/\/international.nytimes.com\">New York Times<\/a>\u00a0en posen 15, i no s\u00f3n dels que m\u00e9s en posen, els de <a href=\"http:\/\/holykaw.alltop.com\">holykaw<\/a>\u00a0en posen 20.<\/div>\n<div>&nbsp;<\/div>\n<div>Com deia a l\u2019inici, hi ha un tracker molt conegut que s\u00f3n les famoses galetes, per\u00f2 les coses no acaben aqu\u00ed, tamb\u00e9 hi ha web beacons, flash cookies, pixel tags i altres tipus de tracker. Quan vosaltres accepteu les galetes en l\u2019empipador av\u00eds que surt sempre, o ha de sortir sempre la primera vegada que visiteu un web, esteu acceptant TOTS els trackers que t\u00e9 el web, fins i tot els que us segueixen.<\/div>\n<div>&nbsp;<\/div>\n<div>M\u00e9s endavant explicar\u00e9 com bloquejar tots aquests trackers, per\u00f2 penseu que hi ha webs, com per exemple Wired, que no els agrada que bloquegem els seus anuncis o trackers i no us deixen seguir lliurement en el seu web si no pagueu una subscripci\u00f3:<\/div>\n<div>&nbsp;<\/div>\n<div><a href=\"https:\/\/i0.wp.com\/pensalla.cat\/wp-content\/uploads\/2016\/06\/14B8BB9D-B6AC-4BB3-B25A-CAE679A4436B.png\"><img data-recalc-dims=\"1\" loading=\"lazy\" decoding=\"async\" class=\"aligncenter size-medium wp-image-1441\" src=\"https:\/\/i0.wp.com\/pensalla.cat\/wp-content\/uploads\/2016\/06\/14B8BB9D-B6AC-4BB3-B25A-CAE679A4436B-300x188.png?resize=300%2C188\" alt=\"14B8BB9D-B6AC-4BB3-B25A-CAE679A4436B\" width=\"300\" height=\"188\" srcset=\"https:\/\/i0.wp.com\/pensalla.cat\/wp-content\/uploads\/2016\/06\/14B8BB9D-B6AC-4BB3-B25A-CAE679A4436B.png?resize=300%2C188&amp;ssl=1 300w, https:\/\/i0.wp.com\/pensalla.cat\/wp-content\/uploads\/2016\/06\/14B8BB9D-B6AC-4BB3-B25A-CAE679A4436B.png?resize=768%2C482&amp;ssl=1 768w, https:\/\/i0.wp.com\/pensalla.cat\/wp-content\/uploads\/2016\/06\/14B8BB9D-B6AC-4BB3-B25A-CAE679A4436B.png?resize=100%2C63&amp;ssl=1 100w, https:\/\/i0.wp.com\/pensalla.cat\/wp-content\/uploads\/2016\/06\/14B8BB9D-B6AC-4BB3-B25A-CAE679A4436B.png?resize=150%2C94&amp;ssl=1 150w, https:\/\/i0.wp.com\/pensalla.cat\/wp-content\/uploads\/2016\/06\/14B8BB9D-B6AC-4BB3-B25A-CAE679A4436B.png?resize=200%2C126&amp;ssl=1 200w, https:\/\/i0.wp.com\/pensalla.cat\/wp-content\/uploads\/2016\/06\/14B8BB9D-B6AC-4BB3-B25A-CAE679A4436B.png?resize=450%2C283&amp;ssl=1 450w, https:\/\/i0.wp.com\/pensalla.cat\/wp-content\/uploads\/2016\/06\/14B8BB9D-B6AC-4BB3-B25A-CAE679A4436B.png?resize=600%2C377&amp;ssl=1 600w, https:\/\/i0.wp.com\/pensalla.cat\/wp-content\/uploads\/2016\/06\/14B8BB9D-B6AC-4BB3-B25A-CAE679A4436B.png?w=790&amp;ssl=1 790w\" sizes=\"auto, (max-width: 300px) 100vw, 300px\" \/><\/a><\/div>\n<div>&nbsp;<\/div>\n<div>&nbsp;<\/div>\n<div>&nbsp;<\/div>\n<div><b>Qu\u00e8 recullen, i per qu\u00e8?<\/b><\/div>\n<div>&nbsp;<\/div>\n<div>Els trackers recullen informaci\u00f3 de quins webs visiteu i quins dispositius teniu al vostre ordinador, en el fons el que fan \u00e9s generar el vostre perfil: quina edat teniu, a on viviu, qu\u00e8 llegiu i en qu\u00e8 esteu interessats per fer un paquet i revendre-ho a empreses de publicitat o qui estigui interessat, el seu negoci \u00e9s vendre dades de clients.<\/div>\n<div>&nbsp;<\/div>\n<div>Aquests trackers no tenen cap relaci\u00f3 amb el web que esteu visitant, s\u00f3n \u2018venedors d\u2019informaci\u00f3\u2019 amagats amb noms molt macos com DoubleClick, propietat de Google, ComScore, cXense, etc. etc. o b\u00e9, directament i visiblement, trackers com la \u2018f\u2019 de Facebook, l\u2019ocellet de Twitter o la \u2018g+\u2019 de Google.<\/div>\n<div>&nbsp;<\/div>\n<div>&nbsp;<\/div>\n<div>&nbsp;<\/div>\n<div><b>Com ho fan?<\/b><\/div>\n<div>&nbsp;<\/div>\n<div>Per explicar com ho fan primer he d\u2019explicar qu\u00e8 \u00e9s l\u2019empremta digital del vostre navegador, que, per similitud amb el nom, \u00e9s el conjunt de dades que caracteritzant el nostre navegador i el fan diferent del navegador de l\u2019ordinador del costat, com si an\u00e9ssim deixant l\u2019empremta digital, amb la difer\u00e8ncia que s\u00ed que hi poden haver dos navegadors amb la mateixa empremta, per\u00f2 aix\u00f2 no els preocupa als captadors de dades, un petit error o desviaci\u00f3 \u00e9s insignificant.<\/div>\n<div>&nbsp;<\/div>\n<div>La forma de diferenciar el nostre navegador consisteix a analitzar la configuraci\u00f3 del nostre ordinador, \u00a0la configuraci\u00f3 que tenim del navegador com per exemple la zona hor\u00e0ria, la mida de la pantalla, l\u2019idioma, els tipus de lletres instal\u00b7lats o els plugins que tenim instal\u00b7lats (un plugin s\u00f3n les extensions al navegador que amplien la seva funci\u00f3 i permeten que faci coses per les quals no estava programat), aix\u00f2 el fa for\u00e7a individualitzat. Si voleu saber com \u00e9s de diferent el vostre navegador aneu a <a href=\"https:\/\/panopticlick.eff.org\/\">Panopticlick<\/a>\u00a0un web de l\u2019EFF (Electronic Frontier Foundation) especialitzats a ajudar als internautes a mantenir la seva privacitat, feu clic a \u2019TEST ME\u2019, espereu una estona i sabreu quants navegadors han de passar per un lloc per trobar-ne un d\u2019igual al vostre, com m\u00e9s alt sigui el n\u00famero, m\u00e9s f\u00e0cil \u00e9s que us tinguin identificat.<\/div>\n<div>&nbsp;<\/div>\n<div>En el meu cas, era un diumenge i portaven pocs analitzats, aix\u00ed que em va dir que era \u00fanic entre tots els que havia analitzat: &#8220;Your browser fingerprint\u00a0<strong>appears to be unique<\/strong>\u00a0among the 135,033 tested so far.&#8221;<\/div>\n<div>&nbsp;<\/div>\n<div>Si una empresa de les que recullen dades tenen el seu tracker a diferents llocs, poden identificar-vos f\u00e0cilment i saber que sou vosaltres els qui esteu en aquell moment al web.<\/div>\n<div>&nbsp;<\/div>\n<div>I com saben qui sou?, aix\u00f2 \u00e9s la part m\u00e9s senzilla, si us heu identificat a un lloc o b\u00e9 feu servir xarxes socials ja esteu identificats.<\/div>\n<div>&nbsp;<\/div>\n<div>&nbsp;<\/div>\n<div>&nbsp;<\/div>\n<div><b>Qui m\u2019est\u00e0 seguint?<\/b><\/div>\n<div>&nbsp;<\/div>\n<div>Tenim molts programes no nom\u00e9s per saber qui ens segueix per\u00f2 tamb\u00e9 per evitar que ho facin, a mi m\u2019agrada el <a href=\"https:\/\/www.ghostery.com\">Ghostery<\/a>\u00a0perqu\u00e8 \u00e9s una extensi\u00f3 disponible per a Firefox, Chrome, Safari, Explorer i Opera, els principals navegadors.<\/div>\n<div>&nbsp;<\/div>\n<div>Quan visiteu un web, veureu exactament qui us est\u00e0 seguint i podreu bloquejar-lo. Tenen una base de dades de m\u00e9s de 2.000 trackers.<\/div>\n<div>&nbsp;<\/div>\n<div>Aquest s\u00f3n els trackers que Ghostery ha trobat al seu propi web:<\/div>\n<div>&nbsp;<\/div>\n<div><a href=\"https:\/\/i0.wp.com\/pensalla.cat\/wp-content\/uploads\/2016\/06\/3886C867-B0DC-44CE-A788-BA21BD562D54.png\"><img data-recalc-dims=\"1\" loading=\"lazy\" decoding=\"async\" class=\"aligncenter size-medium wp-image-1442\" src=\"https:\/\/i0.wp.com\/pensalla.cat\/wp-content\/uploads\/2016\/06\/3886C867-B0DC-44CE-A788-BA21BD562D54-247x300.png?resize=247%2C300\" alt=\"3886C867-B0DC-44CE-A788-BA21BD562D54\" width=\"247\" height=\"300\" srcset=\"https:\/\/i0.wp.com\/pensalla.cat\/wp-content\/uploads\/2016\/06\/3886C867-B0DC-44CE-A788-BA21BD562D54.png?resize=247%2C300&amp;ssl=1 247w, https:\/\/i0.wp.com\/pensalla.cat\/wp-content\/uploads\/2016\/06\/3886C867-B0DC-44CE-A788-BA21BD562D54.png?resize=100%2C122&amp;ssl=1 100w, https:\/\/i0.wp.com\/pensalla.cat\/wp-content\/uploads\/2016\/06\/3886C867-B0DC-44CE-A788-BA21BD562D54.png?resize=150%2C182&amp;ssl=1 150w, https:\/\/i0.wp.com\/pensalla.cat\/wp-content\/uploads\/2016\/06\/3886C867-B0DC-44CE-A788-BA21BD562D54.png?resize=200%2C243&amp;ssl=1 200w, https:\/\/i0.wp.com\/pensalla.cat\/wp-content\/uploads\/2016\/06\/3886C867-B0DC-44CE-A788-BA21BD562D54.png?resize=300%2C365&amp;ssl=1 300w, https:\/\/i0.wp.com\/pensalla.cat\/wp-content\/uploads\/2016\/06\/3886C867-B0DC-44CE-A788-BA21BD562D54.png?w=348&amp;ssl=1 348w\" sizes=\"auto, (max-width: 247px) 100vw, 247px\" \/><\/a><\/div>\n<div>&nbsp;<\/div>\n<div>&nbsp;<\/div>\n<div>Si voleu saber qu\u00e8 passa quan llegiu les not\u00edcies online, hi ha una web que us ho ensenyar\u00e0, i ho far\u00e0 gr\u00e0ficament amb un mapa a on dibuixar\u00e0 com viatja la informaci\u00f3 de les not\u00edcies i com viatja la vostra informaci\u00f3 als diaris i als anunciants, s\u00f3n els de <a href=\"https:\/\/trackography.org\">Trackography<\/a>\u00a0 i nom\u00e9s heu d\u2019anar al seu web, seleccionar el pa\u00eds i el diari que llegiu per veure qu\u00e8 passa.<\/div>\n<div>&nbsp;<\/div>\n<div>Aquest \u00e9s el tr\u00e0fic de Vilaweb:<\/div>\n<div>&nbsp;<\/div>\n<div><a href=\"https:\/\/i0.wp.com\/pensalla.cat\/wp-content\/uploads\/2016\/06\/F7DB44EF-8649-4B39-9C73-01E160EC3ADD.png\"><img data-recalc-dims=\"1\" loading=\"lazy\" decoding=\"async\" class=\"aligncenter size-medium wp-image-1445\" src=\"https:\/\/i0.wp.com\/pensalla.cat\/wp-content\/uploads\/2016\/06\/F7DB44EF-8649-4B39-9C73-01E160EC3ADD-300x236.png?resize=300%2C236\" alt=\"F7DB44EF-8649-4B39-9C73-01E160EC3ADD\" width=\"300\" height=\"236\" srcset=\"https:\/\/i0.wp.com\/pensalla.cat\/wp-content\/uploads\/2016\/06\/F7DB44EF-8649-4B39-9C73-01E160EC3ADD.png?resize=300%2C236&amp;ssl=1 300w, https:\/\/i0.wp.com\/pensalla.cat\/wp-content\/uploads\/2016\/06\/F7DB44EF-8649-4B39-9C73-01E160EC3ADD.png?resize=768%2C603&amp;ssl=1 768w, https:\/\/i0.wp.com\/pensalla.cat\/wp-content\/uploads\/2016\/06\/F7DB44EF-8649-4B39-9C73-01E160EC3ADD.png?resize=100%2C79&amp;ssl=1 100w, https:\/\/i0.wp.com\/pensalla.cat\/wp-content\/uploads\/2016\/06\/F7DB44EF-8649-4B39-9C73-01E160EC3ADD.png?resize=150%2C118&amp;ssl=1 150w, https:\/\/i0.wp.com\/pensalla.cat\/wp-content\/uploads\/2016\/06\/F7DB44EF-8649-4B39-9C73-01E160EC3ADD.png?resize=200%2C157&amp;ssl=1 200w, https:\/\/i0.wp.com\/pensalla.cat\/wp-content\/uploads\/2016\/06\/F7DB44EF-8649-4B39-9C73-01E160EC3ADD.png?resize=450%2C354&amp;ssl=1 450w, https:\/\/i0.wp.com\/pensalla.cat\/wp-content\/uploads\/2016\/06\/F7DB44EF-8649-4B39-9C73-01E160EC3ADD.png?resize=600%2C471&amp;ssl=1 600w, https:\/\/i0.wp.com\/pensalla.cat\/wp-content\/uploads\/2016\/06\/F7DB44EF-8649-4B39-9C73-01E160EC3ADD.png?w=784&amp;ssl=1 784w\" sizes=\"auto, (max-width: 300px) 100vw, 300px\" \/><\/a><\/div>\n<div>&nbsp;<\/div>\n<div>&nbsp;<\/div>\n<div>Els nois de lalibertaddigital tenen 107 \u2018unintended connections\u2019 cada vegada que llegiu una not\u00edcia seva.<\/div>\n<div>&nbsp;<\/div>\n<div><a href=\"https:\/\/i0.wp.com\/pensalla.cat\/wp-content\/uploads\/2016\/06\/B8C7C42C-3D65-49D4-80F9-4AD809B20753.png\"><img data-recalc-dims=\"1\" loading=\"lazy\" decoding=\"async\" class=\"aligncenter size-medium wp-image-1443\" src=\"https:\/\/i0.wp.com\/pensalla.cat\/wp-content\/uploads\/2016\/06\/B8C7C42C-3D65-49D4-80F9-4AD809B20753-300x224.png?resize=300%2C224\" alt=\"B8C7C42C-3D65-49D4-80F9-4AD809B20753\" width=\"300\" height=\"224\" srcset=\"https:\/\/i0.wp.com\/pensalla.cat\/wp-content\/uploads\/2016\/06\/B8C7C42C-3D65-49D4-80F9-4AD809B20753.png?resize=300%2C224&amp;ssl=1 300w, https:\/\/i0.wp.com\/pensalla.cat\/wp-content\/uploads\/2016\/06\/B8C7C42C-3D65-49D4-80F9-4AD809B20753.png?resize=100%2C75&amp;ssl=1 100w, https:\/\/i0.wp.com\/pensalla.cat\/wp-content\/uploads\/2016\/06\/B8C7C42C-3D65-49D4-80F9-4AD809B20753.png?resize=150%2C112&amp;ssl=1 150w, https:\/\/i0.wp.com\/pensalla.cat\/wp-content\/uploads\/2016\/06\/B8C7C42C-3D65-49D4-80F9-4AD809B20753.png?resize=200%2C150&amp;ssl=1 200w, https:\/\/i0.wp.com\/pensalla.cat\/wp-content\/uploads\/2016\/06\/B8C7C42C-3D65-49D4-80F9-4AD809B20753.png?resize=450%2C337&amp;ssl=1 450w, https:\/\/i0.wp.com\/pensalla.cat\/wp-content\/uploads\/2016\/06\/B8C7C42C-3D65-49D4-80F9-4AD809B20753.png?resize=600%2C449&amp;ssl=1 600w, https:\/\/i0.wp.com\/pensalla.cat\/wp-content\/uploads\/2016\/06\/B8C7C42C-3D65-49D4-80F9-4AD809B20753.png?w=750&amp;ssl=1 750w\" sizes=\"auto, (max-width: 300px) 100vw, 300px\" \/><\/a><\/div>\n<div>&nbsp;<\/div>\n<div>&nbsp;<\/div>\n<div>&nbsp;<\/div>\n<div><b>Qu\u00e8 saben de mi?<\/b><\/div>\n<div>&nbsp;<\/div>\n<div>&nbsp;<\/div>\n<div>Les empreses de captura de dades s\u00f3n molt opaques a l\u2019hora de facilitar la informaci\u00f3 que tenen d\u2019un usuari, si l\u2019empresa est\u00e0 a Europa, i vosaltres tamb\u00e9, estan obligades pel principi del Dret d\u2019Acc\u00e9s a dir-vos totes les dades que tenen sobre vosaltres i \u00e9s d\u2019obligat compliment.<\/div>\n<div>&nbsp;<\/div>\n<div>Com es fa efectiu aix\u00f2 ja \u00e9s un altre debat i ens portaria moltes hores, nom\u00e9s deixeu-me citar que un estudiant austr\u00edac ho va intentar amb Facebook la primavera del 2011 i encara hi s\u00f3n. Fins al punt que fins i tot s\u2019ha creat una organitzaci\u00f3 <a href=\"http:\/\/europe-v-facebook.org\/\">\u2018Europe vs Facebook\u2019<\/a>\u00a0que lluita per aconseguir la transpar\u00e8ncia de les dades pels usuaris. En aquest temps les autoritats irlandeses, a on Facebook t\u00e9 la seu central per Europa, han aconseguit canvis en les pol\u00edtiques de privacitat.<\/div>\n<div>&nbsp;<\/div>\n<div>En <a href=\"http:\/\/europe-v-facebook.org\/EN\/Get_your_Data_\/get_your_data_.html\">aquesta p\u00e0gina<\/a>\u00a0teniu el procediment, llarg, per protestar davant de la Comissi\u00f3 Europea, perqu\u00e8 les queixes davant del Comissionat Irland\u00e8s de Protecci\u00f3 de Dades s\u00f3n \u2018oblidades\u2019 al son dels justos.<\/div>\n<div>&nbsp;<\/div>\n<div>&nbsp;<\/div>\n<div>Els de Google tenen moltes p\u00e0gines a la nostra disposici\u00f3 perqu\u00e8 nosaltres sabem el que ells saben de nosaltres. Nom\u00e9s cal que ens identifiquem amb el nostre compte de Gmail, i anem a la p\u00e0gina <a href=\"https:\/\/aboutme.google.com\/\">\u2018sobre mi\u2019<\/a>\u00a0i, a m\u00e9s, hi trobarem el link per comprovar la privadesa de les nostres dades. L\u00f2gicament, les dades principals els hi hem introdu\u00eft nosaltres en crear el compte, aix\u00ed que si heu contestat \u2018honradament\u2019 sabran for\u00e7a coses i molt exactes sobre vosaltres.<\/div>\n<div>&nbsp;<\/div>\n<div>Per \u2018ajustar\u2019 els anuncis que Google us fa, nom\u00e9s heu d\u2019anar a la <a href=\"http:\/\/www.google.com\/settings\/ads\/\">p\u00e0gina de control d\u2019anuncis<\/a>\u00a0a on podeu seleccionar, per exemple, que no voleu anuncis de \u2018Cotxes de joguina de ferro colat\u2019 mai m\u00e9s.<\/div>\n<div>&nbsp;<\/div>\n<div>Si feu servir un Android, a <a href=\"https:\/\/maps.google.com\/locationhistory\">aquesta p\u00e0gina<\/a>\u00a0Google us ensenya a on heu estat.<\/div>\n<div>&nbsp;<\/div>\n<div>I, \u00e9s clar, Google recorda totes les cerques que heu fet i els anuncis en els quals heu fet clic, si voleu veure-ho, aneu a <a href=\"https:\/\/history.google.com\/history\/\">aquesta p\u00e0gina<\/a>.<\/div>\n<div>&nbsp;<\/div>\n<div>YouTube, que \u00e9s de Google, tamb\u00e9 guarda les vostres cerques que podreu veure <a href=\"https:\/\/www.youtube.com\/feed\/history\/search_history\">aqu\u00ed<\/a>.<\/div>\n<div>&nbsp;<\/div>\n<div>Un resum de tots els serveix de Google que esteu fent servir, per si de cas no els teniu tots controlats, el teniu a <a href=\"https:\/\/www.google.com\/settings\/dashboard\">aquesta p\u00e0gina<\/a>\u00a0i us ofereix la possibilitat d\u2019enviar-vos recordatoris mensuals.<\/div>\n<div>&nbsp;<\/div>\n<div>I, per acabar amb Google, una relaci\u00f3 de <a href=\"https:\/\/security.google.com\/settings\/security\/permissions\">totes les aplicacions que tenen drets<\/a>, i us diu quins drets tenen, a les dades que Google t\u00e9 de vosaltres.<\/div>\n<div>&nbsp;<\/div>\n<div>&nbsp;<\/div>\n<div>&nbsp;<\/div>\n<div>&nbsp;<\/div>\n<div>Hi ha per espantar-se oi?, seguint les passes que us he indicat us estalviareu m\u00e9s d&#8217;un disgust.<\/div>\n<div>&nbsp;<\/div>\n<div style=\"padding-top:0px;\t\r\npadding-right:0px;\r\npadding-bottom:0px;\r\npadding-left:0px;\r\nmargin-top:0px;\r\nmargin-right:0px;\r\nmargin-bottom:0px;\r\nmargin-left:0px;\"><a href=\"https:\/\/twitter.com\/share\" class=\"twitter-share-button\" \r\n\t\t\t\t        data-url=\"https:\/\/pensalla.cat\/?p=1440\" \r\n\t\t\t\t        data-via=\"jjofra\"\r\n\t\t\t\t\t    data-text=\"Privacitat al navegar\"\r\n\t\t\t\t\t    data-related=\"\"\r\n\t\t\t\t\t    data-count=\"none\"\r\n\t\t\t\t\t    data-hashtags=\"\"\r\n\t\t\t\t\t    data-lang=\"autoLANGauto\"\r\n\t\t\t\t\t    data-counturl=\"pensalla.cat\"\r\n\t\t\t\t\t    data-size=\"medium\"\r\n\t\t\t\t\t    data-dnt=\"false\"\t> Tweet <\/a> <\/div>\r\n\t\t                <script>\r\n\t\t\t\t\t    !function(d,s,id) {\r\n\t\t\t\t\t      var js,fjs=d.getElementsByTagName(s)[0];\r\n\t\t\t\t\t      if(!d.getElementById(id)) {\r\n\t\t\t\t\t       js=d.createElement(s);js.id=id;js.src=\"https:\/\/platform.twitter.com\/widgets.js\";fjs.parentNode.insertBefore(js,fjs);\r\n\t\t\t\t\t      }\r\n\t\t\t\t\t    }\r\n\t\t\t\t\t   (document,\"script\",\"twitter-wjs\");\r\n\t\t\t\t\t    <\/script>","protected":false},"excerpt":{"rendered":"<p>Tweet &nbsp; &nbsp; Tot moltes vegades que he parlat de la privacitat en tots els aspectes d\u2019Internet, i de la nostra vida, seguir\u00e9 fent-ho per insistir en la gran import\u00e0ncia que tenen les nostres dades i la facilitat que tenen<span class=\"ellipsis\">&hellip;<\/span><\/p>\n<div class=\"read-more\"><a href=\"https:\/\/pensalla.cat\/?p=1440\">Read more <span class=\"screen-reader-text\">Privacitat al navegar<\/span><span class=\"meta-nav\"> &#8250;<\/span><\/a><\/div>\n<p><!-- end of .read-more --><\/p>\n","protected":false},"author":1,"featured_media":0,"comment_status":"open","ping_status":"open","sticky":false,"template":"","format":"standard","meta":{"_exactmetrics_skip_tracking":false,"_exactmetrics_sitenote_active":false,"_exactmetrics_sitenote_note":"","_exactmetrics_sitenote_category":0,"jetpack_post_was_ever_published":false,"_jetpack_newsletter_access":"","_jetpack_dont_email_post_to_subs":false,"_jetpack_newsletter_tier_id":0,"_jetpack_memberships_contains_paywalled_content":false,"_jetpack_memberships_contains_paid_content":false,"footnotes":"","jetpack_publicize_message":"","jetpack_publicize_feature_enabled":true,"jetpack_social_post_already_shared":true,"jetpack_social_options":{"image_generator_settings":{"template":"highway","default_image_id":0,"font":"","enabled":false},"version":2}},"categories":[2],"tags":[],"class_list":["post-1440","post","type-post","status-publish","format-standard","hentry","category-articles"],"aioseo_notices":[],"jetpack_publicize_connections":[],"jetpack_featured_media_url":"","jetpack_sharing_enabled":true,"_links":{"self":[{"href":"https:\/\/pensalla.cat\/index.php?rest_route=\/wp\/v2\/posts\/1440","targetHints":{"allow":["GET"]}}],"collection":[{"href":"https:\/\/pensalla.cat\/index.php?rest_route=\/wp\/v2\/posts"}],"about":[{"href":"https:\/\/pensalla.cat\/index.php?rest_route=\/wp\/v2\/types\/post"}],"author":[{"embeddable":true,"href":"https:\/\/pensalla.cat\/index.php?rest_route=\/wp\/v2\/users\/1"}],"replies":[{"embeddable":true,"href":"https:\/\/pensalla.cat\/index.php?rest_route=%2Fwp%2Fv2%2Fcomments&post=1440"}],"version-history":[{"count":0,"href":"https:\/\/pensalla.cat\/index.php?rest_route=\/wp\/v2\/posts\/1440\/revisions"}],"wp:attachment":[{"href":"https:\/\/pensalla.cat\/index.php?rest_route=%2Fwp%2Fv2%2Fmedia&parent=1440"}],"wp:term":[{"taxonomy":"category","embeddable":true,"href":"https:\/\/pensalla.cat\/index.php?rest_route=%2Fwp%2Fv2%2Fcategories&post=1440"},{"taxonomy":"post_tag","embeddable":true,"href":"https:\/\/pensalla.cat\/index.php?rest_route=%2Fwp%2Fv2%2Ftags&post=1440"}],"curies":[{"name":"wp","href":"https:\/\/api.w.org\/{rel}","templated":true}]}}