{"id":1492,"date":"2016-07-01T07:10:26","date_gmt":"2016-07-01T06:10:26","guid":{"rendered":"http:\/\/pensalla.cat\/?p=1492"},"modified":"2016-06-22T17:22:03","modified_gmt":"2016-06-22T16:22:03","slug":"planificar-les-vacances-amb-els-mobil-segona-part","status":"publish","type":"post","link":"https:\/\/pensalla.cat\/?p=1492","title":{"rendered":"Planificar les vacances amb els m\u00f2bil (segona part)"},"content":{"rendered":"<div style=\"padding-top:0px;\t\r\npadding-right:0px;\r\npadding-bottom:0px;\r\npadding-left:0px;\r\nmargin-top:0px;\r\nmargin-right:0px;\r\nmargin-bottom:0px;\r\nmargin-left:0px;\"><a href=\"https:\/\/twitter.com\/share\" class=\"twitter-share-button\" \r\n\t\t\t\t        data-url=\"https:\/\/pensalla.cat\/?p=1492\" \r\n\t\t\t\t        data-via=\"jjofra\"\r\n\t\t\t\t\t    data-text=\"Planificar les vacances amb els m\u00f2bil (segona part)\"\r\n\t\t\t\t\t    data-related=\"\"\r\n\t\t\t\t\t    data-count=\"none\"\r\n\t\t\t\t\t    data-hashtags=\"\"\r\n\t\t\t\t\t    data-lang=\"autoLANGauto\"\r\n\t\t\t\t\t    data-counturl=\"pensalla.cat\"\r\n\t\t\t\t\t    data-size=\"medium\"\r\n\t\t\t\t\t    data-dnt=\"false\"\t> Tweet <\/a> <\/div>\r\n\t\t                <script>\r\n\t\t\t\t\t    !function(d,s,id) {\r\n\t\t\t\t\t      var js,fjs=d.getElementsByTagName(s)[0];\r\n\t\t\t\t\t      if(!d.getElementById(id)) {\r\n\t\t\t\t\t       js=d.createElement(s);js.id=id;js.src=\"https:\/\/platform.twitter.com\/widgets.js\";fjs.parentNode.insertBefore(js,fjs);\r\n\t\t\t\t\t      }\r\n\t\t\t\t\t    }\r\n\t\t\t\t\t   (document,\"script\",\"twitter-wjs\");\r\n\t\t\t\t\t    <\/script><div>&nbsp;<\/div>\n<div>La setmana anterior vam iniciar el tema i aquesta l&#8217;acabarem, anem per feina.<\/div>\n<div>&nbsp;<\/div>\n<div>&nbsp;<\/div>\n<div>\n<div>\n<div><b>Documents<\/b><\/div>\n<div>&nbsp;<\/div>\n<\/div>\n<\/div>\n<div>\n<div>Quan ens posem a organitzar un viatge de seguida pensem en els documents que necessitem com DNI, passaport, carnet de salut etc. per\u00f2 potser no sabreu que hi ha carnets que ens serveixen per tenir descomptes en altres pa\u00efsos diferents del nostre, aix\u00f2 els docents ho saben b\u00e9, el seu carnet els hi permet visitar molts museus de franc! per\u00f2 per exemple el carnet Jove molt f\u00e0cil i r\u00e0pid d&#8217;obtenir ( a partir ja dels 12 anys i fins als 30 anys ) tamb\u00e9 \u00e9s molt pr\u00e0ctic, <a href=\"https:\/\/www.carnetjove.cat\/ca\/informacio\/que-es-el-carnet-jove\">mireu el web<\/a>.<\/div>\n<\/div>\n<div>\n<div>&nbsp;<\/div>\n<div><a href=\"https:\/\/i0.wp.com\/pensalla.cat\/wp-content\/uploads\/2016\/06\/A65D50C3-18AA-48B0-918F-F12026FFC5C0.jpg\"><img data-recalc-dims=\"1\" loading=\"lazy\" decoding=\"async\" class=\"aligncenter size-medium wp-image-1480\" src=\"https:\/\/i0.wp.com\/pensalla.cat\/wp-content\/uploads\/2016\/06\/A65D50C3-18AA-48B0-918F-F12026FFC5C0-300x94.jpg?resize=300%2C94\" alt=\"A65D50C3-18AA-48B0-918F-F12026FFC5C0\" width=\"300\" height=\"94\" srcset=\"https:\/\/i0.wp.com\/pensalla.cat\/wp-content\/uploads\/2016\/06\/A65D50C3-18AA-48B0-918F-F12026FFC5C0.jpg?resize=300%2C94&amp;ssl=1 300w, https:\/\/i0.wp.com\/pensalla.cat\/wp-content\/uploads\/2016\/06\/A65D50C3-18AA-48B0-918F-F12026FFC5C0.jpg?resize=768%2C240&amp;ssl=1 768w, https:\/\/i0.wp.com\/pensalla.cat\/wp-content\/uploads\/2016\/06\/A65D50C3-18AA-48B0-918F-F12026FFC5C0.jpg?resize=1024%2C320&amp;ssl=1 1024w, https:\/\/i0.wp.com\/pensalla.cat\/wp-content\/uploads\/2016\/06\/A65D50C3-18AA-48B0-918F-F12026FFC5C0.jpg?resize=100%2C31&amp;ssl=1 100w, https:\/\/i0.wp.com\/pensalla.cat\/wp-content\/uploads\/2016\/06\/A65D50C3-18AA-48B0-918F-F12026FFC5C0.jpg?resize=150%2C47&amp;ssl=1 150w, https:\/\/i0.wp.com\/pensalla.cat\/wp-content\/uploads\/2016\/06\/A65D50C3-18AA-48B0-918F-F12026FFC5C0.jpg?resize=200%2C63&amp;ssl=1 200w, https:\/\/i0.wp.com\/pensalla.cat\/wp-content\/uploads\/2016\/06\/A65D50C3-18AA-48B0-918F-F12026FFC5C0.jpg?resize=450%2C141&amp;ssl=1 450w, https:\/\/i0.wp.com\/pensalla.cat\/wp-content\/uploads\/2016\/06\/A65D50C3-18AA-48B0-918F-F12026FFC5C0.jpg?resize=600%2C188&amp;ssl=1 600w, https:\/\/i0.wp.com\/pensalla.cat\/wp-content\/uploads\/2016\/06\/A65D50C3-18AA-48B0-918F-F12026FFC5C0.jpg?resize=900%2C281&amp;ssl=1 900w, https:\/\/i0.wp.com\/pensalla.cat\/wp-content\/uploads\/2016\/06\/A65D50C3-18AA-48B0-918F-F12026FFC5C0.jpg?w=1279&amp;ssl=1 1279w\" sizes=\"auto, (max-width: 300px) 100vw, 300px\" \/><\/a><\/div>\n<div>&nbsp;<\/div>\n<div>&nbsp;<\/div>\n<div>&nbsp;<\/div>\n<div><b>Consells<\/b><\/div>\n<div>&nbsp;<\/div>\n<\/div>\n<div>I ara les apps que ens ajudaran als viatges<\/div>\n<div>&nbsp;<\/div>\n<div>\n<div>La primera fer la maleta, una app que segons el n\u00famero de viatgers, els dies \u00a0i la\u00a0\u00a0destinaci\u00f3 tenint en compte el clima del lloc triat t&#8217;indicar\u00e0 el que has de ficar a la bossa, el seu nom \u00e9s <a href=\"http:\/\/www.quinnscape.com\/PackingPro.asp\">Packing Pro<\/a>, l\u2019app #1 per a iPad a l\u2019apartat de viatges a la botiga d\u2019apps a USA.\u00a0<\/div>\n<div>\n<div>&nbsp;<\/div>\n<div><a href=\"https:\/\/i0.wp.com\/pensalla.cat\/wp-content\/uploads\/2016\/06\/0EB9F2D1-E4D9-4788-92AE-71858BB8445B.jpg\"><img data-recalc-dims=\"1\" loading=\"lazy\" decoding=\"async\" class=\"aligncenter size-full wp-image-1469\" src=\"https:\/\/i0.wp.com\/pensalla.cat\/wp-content\/uploads\/2016\/06\/0EB9F2D1-E4D9-4788-92AE-71858BB8445B.jpg?resize=275%2C490\" alt=\"0EB9F2D1-E4D9-4788-92AE-71858BB8445B\" width=\"275\" height=\"490\" srcset=\"https:\/\/i0.wp.com\/pensalla.cat\/wp-content\/uploads\/2016\/06\/0EB9F2D1-E4D9-4788-92AE-71858BB8445B.jpg?w=275&amp;ssl=1 275w, https:\/\/i0.wp.com\/pensalla.cat\/wp-content\/uploads\/2016\/06\/0EB9F2D1-E4D9-4788-92AE-71858BB8445B.jpg?resize=168%2C300&amp;ssl=1 168w, https:\/\/i0.wp.com\/pensalla.cat\/wp-content\/uploads\/2016\/06\/0EB9F2D1-E4D9-4788-92AE-71858BB8445B.jpg?resize=100%2C178&amp;ssl=1 100w, https:\/\/i0.wp.com\/pensalla.cat\/wp-content\/uploads\/2016\/06\/0EB9F2D1-E4D9-4788-92AE-71858BB8445B.jpg?resize=150%2C267&amp;ssl=1 150w, https:\/\/i0.wp.com\/pensalla.cat\/wp-content\/uploads\/2016\/06\/0EB9F2D1-E4D9-4788-92AE-71858BB8445B.jpg?resize=200%2C356&amp;ssl=1 200w\" sizes=\"auto, (max-width: 275px) 100vw, 275px\" \/><\/a><\/div>\n<div>&nbsp;<\/div>\n<div>&nbsp;<\/div>\n<\/div>\n<div>Una altra \u00e9s <a href=\"http:\/\/www.packpnt.com\">PACK POINT<\/a>, en castell\u00e0 i basc :), que tamb\u00e9 t\u2019ajuda a organitzar el que necessites per viatjar en funci\u00f3 de la llargada del viatge, el temps all\u00e0 a on vas i el que penses fer a on vas.<\/div>\n<\/div>\n<div>\n<div>&nbsp;<\/div>\n<div><a href=\"https:\/\/i0.wp.com\/pensalla.cat\/wp-content\/uploads\/2016\/06\/76ADE63D-D28C-4CF3-A65B-C6C3CD1B7AE9.png\"><img data-recalc-dims=\"1\" loading=\"lazy\" decoding=\"async\" class=\"aligncenter size-medium wp-image-1475\" src=\"https:\/\/i0.wp.com\/pensalla.cat\/wp-content\/uploads\/2016\/06\/76ADE63D-D28C-4CF3-A65B-C6C3CD1B7AE9-218x300.png?resize=218%2C300\" alt=\"76ADE63D-D28C-4CF3-A65B-C6C3CD1B7AE9\" width=\"218\" height=\"300\" srcset=\"https:\/\/i0.wp.com\/pensalla.cat\/wp-content\/uploads\/2016\/06\/76ADE63D-D28C-4CF3-A65B-C6C3CD1B7AE9.png?resize=218%2C300&amp;ssl=1 218w, https:\/\/i0.wp.com\/pensalla.cat\/wp-content\/uploads\/2016\/06\/76ADE63D-D28C-4CF3-A65B-C6C3CD1B7AE9.png?resize=768%2C1055&amp;ssl=1 768w, https:\/\/i0.wp.com\/pensalla.cat\/wp-content\/uploads\/2016\/06\/76ADE63D-D28C-4CF3-A65B-C6C3CD1B7AE9.png?resize=745%2C1024&amp;ssl=1 745w, https:\/\/i0.wp.com\/pensalla.cat\/wp-content\/uploads\/2016\/06\/76ADE63D-D28C-4CF3-A65B-C6C3CD1B7AE9.png?resize=100%2C137&amp;ssl=1 100w, https:\/\/i0.wp.com\/pensalla.cat\/wp-content\/uploads\/2016\/06\/76ADE63D-D28C-4CF3-A65B-C6C3CD1B7AE9.png?resize=150%2C206&amp;ssl=1 150w, https:\/\/i0.wp.com\/pensalla.cat\/wp-content\/uploads\/2016\/06\/76ADE63D-D28C-4CF3-A65B-C6C3CD1B7AE9.png?resize=200%2C275&amp;ssl=1 200w, https:\/\/i0.wp.com\/pensalla.cat\/wp-content\/uploads\/2016\/06\/76ADE63D-D28C-4CF3-A65B-C6C3CD1B7AE9.png?resize=300%2C412&amp;ssl=1 300w, https:\/\/i0.wp.com\/pensalla.cat\/wp-content\/uploads\/2016\/06\/76ADE63D-D28C-4CF3-A65B-C6C3CD1B7AE9.png?resize=450%2C618&amp;ssl=1 450w, https:\/\/i0.wp.com\/pensalla.cat\/wp-content\/uploads\/2016\/06\/76ADE63D-D28C-4CF3-A65B-C6C3CD1B7AE9.png?resize=600%2C824&amp;ssl=1 600w, https:\/\/i0.wp.com\/pensalla.cat\/wp-content\/uploads\/2016\/06\/76ADE63D-D28C-4CF3-A65B-C6C3CD1B7AE9.png?resize=900%2C1236&amp;ssl=1 900w, https:\/\/i0.wp.com\/pensalla.cat\/wp-content\/uploads\/2016\/06\/76ADE63D-D28C-4CF3-A65B-C6C3CD1B7AE9.png?w=1060&amp;ssl=1 1060w\" sizes=\"auto, (max-width: 218px) 100vw, 218px\" \/><\/a><\/div>\n<div>&nbsp;<\/div>\n<div>&nbsp;<\/div>\n<div>&nbsp;<\/div>\n<div><b>La comunicaci\u00f3: Idiomes<\/b><\/div>\n<\/div>\n<div>\n<div>&nbsp;<\/div>\n<div>El <a href=\"https:\/\/translate.google.com\" target=\"_blank\">traductor de Google<\/a>, que tradueix de 103 idiomes, 52 d\u2019ells sense tenir connexi\u00f3 a Internet, aix\u00ed que, si no teniu dades tamb\u00e9 la podreu fer servir, t\u00e9 l\u2019opci\u00f3 de \u2018mode c\u00e0mera\u2019, abans l\u2019app WordLens, que permet fer fotos del text per traduir a l\u2019instant en 29 idiomes, aix\u00ed que si esteu al davant d\u2019un cartell en cir\u00edl\u00b7lic o mandar\u00ed, nom\u00e9s heu de fer-li una foto per saber qu\u00e8 us est\u00e0 dient.<\/div>\n<div>&nbsp;<\/div>\n<\/div>\n<div>\n<div><a href=\"https:\/\/i0.wp.com\/pensalla.cat\/wp-content\/uploads\/2016\/06\/706B3810-7FFE-486D-86C4-512E1BD35C5F.png\"><img data-recalc-dims=\"1\" loading=\"lazy\" decoding=\"async\" class=\"aligncenter size-full wp-image-1476\" src=\"https:\/\/i0.wp.com\/pensalla.cat\/wp-content\/uploads\/2016\/06\/706B3810-7FFE-486D-86C4-512E1BD35C5F.png?resize=174%2C310\" alt=\"706B3810-7FFE-486D-86C4-512E1BD35C5F\" width=\"174\" height=\"310\" srcset=\"https:\/\/i0.wp.com\/pensalla.cat\/wp-content\/uploads\/2016\/06\/706B3810-7FFE-486D-86C4-512E1BD35C5F.png?w=174&amp;ssl=1 174w, https:\/\/i0.wp.com\/pensalla.cat\/wp-content\/uploads\/2016\/06\/706B3810-7FFE-486D-86C4-512E1BD35C5F.png?resize=168%2C300&amp;ssl=1 168w, https:\/\/i0.wp.com\/pensalla.cat\/wp-content\/uploads\/2016\/06\/706B3810-7FFE-486D-86C4-512E1BD35C5F.png?resize=100%2C178&amp;ssl=1 100w, https:\/\/i0.wp.com\/pensalla.cat\/wp-content\/uploads\/2016\/06\/706B3810-7FFE-486D-86C4-512E1BD35C5F.png?resize=150%2C267&amp;ssl=1 150w\" sizes=\"auto, (max-width: 174px) 100vw, 174px\" \/><\/a><\/div>\n<div>&nbsp;<\/div>\n<div>Si, a m\u00e9s, voleu fer-vos entendre en el seu idioma, podeu provar el <a href=\"http:\/\/www.languagecourse.net\/vocabulary-trainer.php\">Vocabulary Trainer<\/a>.<\/div>\n<div>&nbsp;<\/div>\n<div>I, molt similar, per\u00f2 amb versions per IOS i Android, i en catal\u00e0, <a href=\"http:\/\/www.languagecourse.net\/ca\">LanguageCourse<\/a>\u00a0\u00a0per aprendre les paraules i frases m\u00e9s habituals d\u2019un idioma, sense registre fins a 5.000 paraules per idioma.<\/div>\n<div>&nbsp;<\/div>\n<\/div>\n<div>\n<div>&nbsp;<\/div>\n<div><b>Els diners<\/b><\/div>\n<div>&nbsp;<\/div>\n<div>Si aneu pel m\u00f3n que no t\u00e9 l\u2019Euro com a moneda necessitareu un conversor de divises, un parell de bons s\u00f3n\u00a0\u2018Conversor de Divisas F\u00e1cil\u2019, amb 180 divises diferents i, per anar directes per feina, una llista de divises\u00a0\u2018preferides\u2019,\u00a0<a href=\"https:\/\/itunes.apple.com\/es\/app\/conversor-monedas-gratuito\/id380877896?mt=8\">versi\u00f3 IOS<\/a>\u00a0i <a href=\"https:\/\/play.google.com\/store\/apps\/details?id=com.easy.currency.extra.androary&amp;hl=es\">Android.<\/a><\/div>\n<div>&nbsp;<\/div>\n<p><a href=\"https:\/\/i0.wp.com\/pensalla.cat\/wp-content\/uploads\/2016\/06\/0D51E6BE-3F81-456E-B7FE-816F29834110.png\"><img data-recalc-dims=\"1\" loading=\"lazy\" decoding=\"async\" src=\"https:\/\/i0.wp.com\/pensalla.cat\/wp-content\/uploads\/2016\/06\/0D51E6BE-3F81-456E-B7FE-816F29834110.png?resize=188%2C194\" alt=\"0D51E6BE-3F81-456E-B7FE-816F29834110\" width=\"188\" height=\"194\" class=\"aligncenter size-full wp-image-1468\" srcset=\"https:\/\/i0.wp.com\/pensalla.cat\/wp-content\/uploads\/2016\/06\/0D51E6BE-3F81-456E-B7FE-816F29834110.png?w=188&amp;ssl=1 188w, https:\/\/i0.wp.com\/pensalla.cat\/wp-content\/uploads\/2016\/06\/0D51E6BE-3F81-456E-B7FE-816F29834110.png?resize=100%2C103&amp;ssl=1 100w, https:\/\/i0.wp.com\/pensalla.cat\/wp-content\/uploads\/2016\/06\/0D51E6BE-3F81-456E-B7FE-816F29834110.png?resize=150%2C155&amp;ssl=1 150w\" sizes=\"auto, (max-width: 188px) 100vw, 188px\" \/><\/a><\/p>\n<div>&nbsp;<\/div>\n<div><a href=\"http:\/\/www.xe.com\/es\/\">\u2018XE Currency\u2019<\/a>, en versi\u00f3 <a href=\"https:\/\/itunes.apple.com\/es\/app\/xe-currency\/id315241195?mt=8\">IOS<\/a>\u00a0i <a href=\"https:\/\/play.google.com\/store\/apps\/details?id=com.xe.currency&amp;hl=es\">Android.<\/a><\/div>\n<div>&nbsp;<\/div>\n<div>Totes dues apps s\u2019actualitzen sempre amb la darrera cotitzaci\u00f3.<\/div>\n<div>&nbsp;<\/div>\n<div>Una app molt m\u00e9s potent \u00e9s <a href=\"http:\/\/www.convert-me.com\/es\/\">Convert-me<\/a>\u00a0que no tan sols converteix divises sin\u00f3 que tamb\u00e9 t\u2019ajuda en la conversi\u00f3 de mesures, perqu\u00e8 als USA, per exemple, a m\u00e9s de pagar en d\u00f2lars, mesuren en polsades, peus, iardes, milles o b\u00e9 en onzes o Fahrenheit.<\/div>\n<div>\n<div>&nbsp;<\/div>\n<div><a href=\"https:\/\/i0.wp.com\/pensalla.cat\/wp-content\/uploads\/2016\/06\/F590BB29-841F-4C5A-AE3A-9618BAA856E9.png\"><img data-recalc-dims=\"1\" loading=\"lazy\" decoding=\"async\" class=\"aligncenter size-full wp-image-1489\" src=\"https:\/\/i0.wp.com\/pensalla.cat\/wp-content\/uploads\/2016\/06\/F590BB29-841F-4C5A-AE3A-9618BAA856E9.png?resize=208%2C60\" alt=\"F590BB29-841F-4C5A-AE3A-9618BAA856E9\" width=\"208\" height=\"60\" srcset=\"https:\/\/i0.wp.com\/pensalla.cat\/wp-content\/uploads\/2016\/06\/F590BB29-841F-4C5A-AE3A-9618BAA856E9.png?w=208&amp;ssl=1 208w, https:\/\/i0.wp.com\/pensalla.cat\/wp-content\/uploads\/2016\/06\/F590BB29-841F-4C5A-AE3A-9618BAA856E9.png?resize=100%2C29&amp;ssl=1 100w, https:\/\/i0.wp.com\/pensalla.cat\/wp-content\/uploads\/2016\/06\/F590BB29-841F-4C5A-AE3A-9618BAA856E9.png?resize=150%2C43&amp;ssl=1 150w, https:\/\/i0.wp.com\/pensalla.cat\/wp-content\/uploads\/2016\/06\/F590BB29-841F-4C5A-AE3A-9618BAA856E9.png?resize=200%2C58&amp;ssl=1 200w\" sizes=\"auto, (max-width: 208px) 100vw, 208px\" \/><\/a><\/div>\n<\/div>\n<div>&nbsp;<\/div>\n<div><b>Recursos d&#8217;avions<\/b><\/div>\n<\/div>\n<div>&nbsp;<\/div>\n<div>\n<div>\n<div>Per trobar vols, una de les m\u00e9s conegudes <a href=\"https:\/\/www.skyscanner.es\">SKYSCANNER<\/a>\u00a0compara entre centenars d&#8217;aerol\u00ednies per trobar la m\u00e9s econ\u00f2mica, ara, \u00e9s recomanable esborrar les COOKIES en les cerques, ja sabeu que els espiadors s\u00f3n intel\u00b7ligents i si saben que estem interessats en una destinaci\u00f3 els preus oferts no baixaran. Teniu versi\u00f3 per <a href=\"https:\/\/itunes.apple.com\/us\/app\/skyscanner\/id415458524?mt=8\">IOS<\/a>\u00a0i per <a href=\"https:\/\/play.google.com\/store\/apps\/details?id=net.skyscanner.android.main&amp;hl=es\">Android<\/a>.<\/div>\n<\/div>\n<div>&nbsp;<\/div>\n<div>Si ja teniu el vol i voleu saber a on est\u00e0 el vostre avi\u00f3 en tot moment, suposant que tingueu wifi a l\u2019avi\u00f3, podeu fer servir <a href=\"https:\/\/www.flightradar24.com\">Flightradar24<\/a>, versi\u00f3 <a href=\"https:\/\/itunes.apple.com\/es\/app\/flightradar24-free\/id382233851?mt=8\">IOS<\/a>\u00a0i <a href=\"https:\/\/play.google.com\/store\/apps\/details?id=com.flightradar24free&amp;hl=es\">Android<\/a>, si esteu a terra, podreu veure en un mapa com es van movent tots els avions que hi ha volant en aquell prec\u00eds moment a tot el m\u00f3n.<\/div>\n<div>&nbsp;<\/div>\n<div><a href=\"https:\/\/i0.wp.com\/pensalla.cat\/wp-content\/uploads\/2016\/06\/69B820B7-D7B8-4788-8A8A-615D57E91ED2.png\"><img data-recalc-dims=\"1\" loading=\"lazy\" decoding=\"async\" class=\"aligncenter size-medium wp-image-1474\" src=\"https:\/\/i0.wp.com\/pensalla.cat\/wp-content\/uploads\/2016\/06\/69B820B7-D7B8-4788-8A8A-615D57E91ED2-300x282.png?resize=300%2C282\" alt=\"69B820B7-D7B8-4788-8A8A-615D57E91ED2\" width=\"300\" height=\"282\" srcset=\"https:\/\/i0.wp.com\/pensalla.cat\/wp-content\/uploads\/2016\/06\/69B820B7-D7B8-4788-8A8A-615D57E91ED2.png?resize=300%2C282&amp;ssl=1 300w, https:\/\/i0.wp.com\/pensalla.cat\/wp-content\/uploads\/2016\/06\/69B820B7-D7B8-4788-8A8A-615D57E91ED2.png?resize=100%2C94&amp;ssl=1 100w, https:\/\/i0.wp.com\/pensalla.cat\/wp-content\/uploads\/2016\/06\/69B820B7-D7B8-4788-8A8A-615D57E91ED2.png?resize=150%2C141&amp;ssl=1 150w, https:\/\/i0.wp.com\/pensalla.cat\/wp-content\/uploads\/2016\/06\/69B820B7-D7B8-4788-8A8A-615D57E91ED2.png?resize=200%2C188&amp;ssl=1 200w, https:\/\/i0.wp.com\/pensalla.cat\/wp-content\/uploads\/2016\/06\/69B820B7-D7B8-4788-8A8A-615D57E91ED2.png?resize=450%2C423&amp;ssl=1 450w, https:\/\/i0.wp.com\/pensalla.cat\/wp-content\/uploads\/2016\/06\/69B820B7-D7B8-4788-8A8A-615D57E91ED2.png?resize=600%2C564&amp;ssl=1 600w, https:\/\/i0.wp.com\/pensalla.cat\/wp-content\/uploads\/2016\/06\/69B820B7-D7B8-4788-8A8A-615D57E91ED2.png?w=660&amp;ssl=1 660w\" sizes=\"auto, (max-width: 300px) 100vw, 300px\" \/><\/a><\/div>\n<div>&nbsp;<\/div>\n<div>&nbsp;<\/div>\n<div>\n<div><a href=\"http:\/\/www.rumbo.es\">RUMBO<\/a>\u00a0tamb\u00e9 \u00e9s un cl\u00e0ssic per vols i hotels, tamb\u00e9 per <a href=\"https:\/\/itunes.apple.com\/es\/app\/rumbo-hoteles-y-vuelos-al\/id535128140?mt=8\">IOS<\/a>\u00a0i per <a href=\"https:\/\/play.google.com\/store\/apps\/details?id=com.rumbo.mobile.android&amp;hl=es\">Android<\/a>.<\/div>\n<div>&nbsp;<\/div>\n<div>Per\u00f2 <a href=\"https:\/\/www.kayak.cat\/\">KAYAK<\/a>\u00a0\u00e9s el cercador per excel\u00e8ncia d&#8217;hotels , vols i cotxes de lloguer, versi\u00f3 <a href=\"https:\/\/itunes.apple.com\/us\/app\/kayak-flights-hotels-cars\/id305204535?mt=8\">IOS<\/a> i <a href=\"https:\/\/play.google.com\/store\/apps\/details?id=com.kayak.android&amp;hl=es\">Android<\/a>.<\/div>\n<\/div>\n<\/div>\n<div>\n<div>&nbsp;<\/div>\n<div>Una cosa que tamb\u00e9 heu de preparar quan voleu \u00e9s qu\u00e8 fer amb el cotxe si, per for\u00e7a, heu d\u2019anar amb ell a l\u2019aeroport per males combinacions, dist\u00e0ncies o horaris. Els d\u2019<a href=\"http:\/\/www.aparcandgo.com\/ca\/\">Aparca&amp;Go<\/a>\u00a0et permeten deixar el cotxe a l\u2019aeroport a preus raonables a l\u2019aeroport de Barcelona o a l\u2019estaci\u00f3 de Sants o al Port de Barcelona.<\/div>\n<div>\n<div>&nbsp;<\/div>\n<div><a href=\"https:\/\/i0.wp.com\/pensalla.cat\/wp-content\/uploads\/2016\/06\/AAF8AAD9-4D34-4E83-A9F7-7A1B11C7EE7F.gif\"><img data-recalc-dims=\"1\" loading=\"lazy\" decoding=\"async\" class=\"aligncenter size-full wp-image-1481\" src=\"https:\/\/i0.wp.com\/pensalla.cat\/wp-content\/uploads\/2016\/06\/AAF8AAD9-4D34-4E83-A9F7-7A1B11C7EE7F.gif?resize=220%2C46\" alt=\"AAF8AAD9-4D34-4E83-A9F7-7A1B11C7EE7F\" width=\"220\" height=\"46\" \/><\/a><\/div>\n<div>&nbsp;<\/div>\n<div>&nbsp;<\/div>\n<\/div>\n<div>&nbsp;<\/div>\n<div>&nbsp;<\/div>\n<div><b>Recursos de transport terrestre<\/b><\/div>\n<div>&nbsp;<\/div>\n<\/div>\n<div>\n<div>Per aquells que viatgen sols i volen compartir cotxe tenim <a href=\"https:\/\/www.blablacar.com\">BLABLACAR<\/a>\u00a0que cobra una petita comissi\u00f3, aqu\u00ed la versi\u00f3 <a href=\"https:\/\/itunes.apple.com\/es\/app\/blablacar-compartir-coche\/id341329033?mt=8\">IOS<\/a>\u00a0i la versi\u00f3 <a href=\"https:\/\/play.google.com\/store\/apps\/details?id=com.comuto&amp;hl=es\">Android<\/a>.<\/div>\n<div>&nbsp;<\/div>\n<div>Els d\u2019<a href=\"https:\/\/amovens.com\">AMOVENS<\/a>\u00a0s\u00f3n la c\u00f2pia de BlaBlaCar per\u00f2 de moment no cobren comissi\u00f3, aqu\u00ed en versi\u00f3 <a href=\"https:\/\/itunes.apple.com\/es\/app\/amovens-compartir-coche\/id463514710?mt=8\">IOS<\/a>\u00a0i <a href=\"https:\/\/play.google.com\/store\/apps\/details?id=com.amovens.pruebandroid&amp;hl=es\">Android<\/a>.<\/div>\n<div>\u00a0<\/div>\n<div>Tamb\u00e9 tenim les t\u00edpiques de lloguer de cotxes com <a href=\"http:\/\/www.rentalcars.com\">RENTALCARS<\/a>, fa el que fa SkyScanner per\u00f2 amb les ag\u00e8ncies de lloguer de cotxes, compara els preus de totes i et d\u00f3na la llista amb comparacions, versi\u00f3 IOS i Android.<\/div>\n<div>&nbsp;<\/div>\n<div><a href=\"https:\/\/i0.wp.com\/pensalla.cat\/wp-content\/uploads\/2016\/06\/4E80F759-AEC9-4CB3-9B03-82EBF345946C.png\"><img data-recalc-dims=\"1\" loading=\"lazy\" decoding=\"async\" class=\"aligncenter size-medium wp-image-1472\" src=\"https:\/\/i0.wp.com\/pensalla.cat\/wp-content\/uploads\/2016\/06\/4E80F759-AEC9-4CB3-9B03-82EBF345946C-300x46.png?resize=300%2C46\" alt=\"4E80F759-AEC9-4CB3-9B03-82EBF345946C\" width=\"300\" height=\"46\" srcset=\"https:\/\/i0.wp.com\/pensalla.cat\/wp-content\/uploads\/2016\/06\/4E80F759-AEC9-4CB3-9B03-82EBF345946C.png?resize=300%2C46&amp;ssl=1 300w, https:\/\/i0.wp.com\/pensalla.cat\/wp-content\/uploads\/2016\/06\/4E80F759-AEC9-4CB3-9B03-82EBF345946C.png?resize=100%2C15&amp;ssl=1 100w, https:\/\/i0.wp.com\/pensalla.cat\/wp-content\/uploads\/2016\/06\/4E80F759-AEC9-4CB3-9B03-82EBF345946C.png?resize=150%2C23&amp;ssl=1 150w, https:\/\/i0.wp.com\/pensalla.cat\/wp-content\/uploads\/2016\/06\/4E80F759-AEC9-4CB3-9B03-82EBF345946C.png?resize=200%2C31&amp;ssl=1 200w, https:\/\/i0.wp.com\/pensalla.cat\/wp-content\/uploads\/2016\/06\/4E80F759-AEC9-4CB3-9B03-82EBF345946C.png?w=389&amp;ssl=1 389w\" sizes=\"auto, (max-width: 300px) 100vw, 300px\" \/><\/a><\/div>\n<div>&nbsp;<\/div>\n<div>&nbsp;<\/div>\n<div>Si fem servir el tren <a href=\"http:\/\/www.renfe.com\">RENFE<\/a>\u00a0\u00e9s l&#8217;app oficial, si no sabeu o no heu tingut necessitat de saber qu\u00e8 \u00e9s la facilitat d\u2019\u00fas, la informaci\u00f3 a l\u2019usuari, les normes d\u2019usabilitat i altres coses que s\u2019han de tenir en compte al fer una web, quan aneu a la de Renfe veureu perqu\u00e8 s\u00f3n tan importants, no en segueixen cap i aconseguir l\u2019objectiu \u00e9s una empresa tit\u00e0nica. Tenen una versi\u00f3 per\u00a0<a href=\"https:\/\/play.google.com\/store\/apps\/details?id=com.renfe.wsm&amp;hl=es\">Android<\/a>\u00a0per comprar tickets i una per <a href=\"https:\/\/itunes.apple.com\/es\/app\/renfeticket\/id727555862?mt=8\">IOS.<\/a><\/div>\n<div>&nbsp;<\/div>\n<div>Si no us en sortiu amb l\u2019app de Renfe, <a href=\"http:\/\/www.goeuro.es\">GOEURO<\/a>\u00a0ens busca trens, vols i autobusos a tota Europa.<\/div>\n<div>&nbsp;<\/div>\n<div>Si busquem nom\u00e9s autobusos <a href=\"https:\/\/www.busbud.com\">BUSBUD<\/a>\u00a0funciona per autobusos dintre del territori espanyol.<\/div>\n<\/div>\n<div>\n<div>&nbsp;<\/div>\n<div><a href=\"https:\/\/i0.wp.com\/pensalla.cat\/wp-content\/uploads\/2016\/06\/4599A3C4-818C-44E5-8D4A-97E629566306.png\"><img data-recalc-dims=\"1\" loading=\"lazy\" decoding=\"async\" class=\"aligncenter size-medium wp-image-1477\" src=\"https:\/\/i0.wp.com\/pensalla.cat\/wp-content\/uploads\/2016\/06\/4599A3C4-818C-44E5-8D4A-97E629566306-294x300.png?resize=294%2C300\" alt=\"4599A3C4-818C-44E5-8D4A-97E629566306\" width=\"294\" height=\"300\" srcset=\"https:\/\/i0.wp.com\/pensalla.cat\/wp-content\/uploads\/2016\/06\/4599A3C4-818C-44E5-8D4A-97E629566306.png?resize=294%2C300&amp;ssl=1 294w, https:\/\/i0.wp.com\/pensalla.cat\/wp-content\/uploads\/2016\/06\/4599A3C4-818C-44E5-8D4A-97E629566306.png?resize=100%2C102&amp;ssl=1 100w, https:\/\/i0.wp.com\/pensalla.cat\/wp-content\/uploads\/2016\/06\/4599A3C4-818C-44E5-8D4A-97E629566306.png?resize=150%2C153&amp;ssl=1 150w, https:\/\/i0.wp.com\/pensalla.cat\/wp-content\/uploads\/2016\/06\/4599A3C4-818C-44E5-8D4A-97E629566306.png?resize=200%2C204&amp;ssl=1 200w, https:\/\/i0.wp.com\/pensalla.cat\/wp-content\/uploads\/2016\/06\/4599A3C4-818C-44E5-8D4A-97E629566306.png?resize=300%2C306&amp;ssl=1 300w, https:\/\/i0.wp.com\/pensalla.cat\/wp-content\/uploads\/2016\/06\/4599A3C4-818C-44E5-8D4A-97E629566306.png?resize=450%2C459&amp;ssl=1 450w, https:\/\/i0.wp.com\/pensalla.cat\/wp-content\/uploads\/2016\/06\/4599A3C4-818C-44E5-8D4A-97E629566306.png?w=574&amp;ssl=1 574w\" sizes=\"auto, (max-width: 294px) 100vw, 294px\" \/><\/a><\/div>\n<div>&nbsp;<\/div>\n<div>&nbsp;<\/div>\n<div>&nbsp;<\/div>\n<div>&nbsp;<\/div>\n<div><b>Recursos d&#8217;Allotjament<\/b><\/div>\n<div>&nbsp;<\/div>\n<\/div>\n<div>\n<div>Quan els hotels,\u00a0<a href=\"http:\/\/www.booking.com\/index.ca.html?label=gen173nr-1DCAEoggJCAlhYSDNiBW5vcmVmaEaIAQGYAS64AQfIAQ3YAQPoAQGoAgM;sid=48ec95da750719cfa51bc87fe9b95968;dcid=4;sb_price_type=total&amp;;lang=ca;cdl=en-gb\">BOOKING<\/a>, <a href=\"http:\/\/www.trivago.es\">TRIVAGO<\/a>\u00a0i\u00a0<a href=\"https:\/\/www.tripadvisor.com\">TRIPADVISOR<\/a> s\u00f3n els m\u00e9s coneguts.<\/div>\n<\/div>\n<div>\n<div>&nbsp;<\/div>\n<div>&nbsp;<\/div>\n<div>Pels qui viatgin m\u00e9s justos de pressupost <a href=\"http:\/\/www.spanish.hostelworld.com\/?s_kwcid=AL!591!3!48909176029!e!!g!!hostelworld&amp;source=googleadwordsbrandes&amp;network=g&amp;creative=48909176029&amp;adposition=1t1&amp;uniqueclickID=15981064369993626481&amp;sub_keyword=hostelworld&amp;sub_ad=e&amp;sub_publisher=ADW&amp;ef_id=wSBO8GKKilIAAIzX:20160621093254:s\">HOSTELWORLD<\/a>\u00a0\u00e9s una app d&#8217;albergues de tot el m\u00f3n.<\/div>\n<div>&nbsp;<\/div>\n<div><a href=\"http:\/\/www.micasarural.com\/?gclid=CjwKEAjwy6O7BRDzm-Tdub6ZiSASJADPNzYr35C-gXpvP098aHub-WLl9vGC1Gh-9Evjd2R3E2I85hoCHibw_wcB\">MI CASA RURAL<\/a>\u00a0contacta directament amb els propietaris de les cases a llogar.<\/div>\n<div>&nbsp;<\/div>\n<div><a href=\"https:\/\/i0.wp.com\/pensalla.cat\/wp-content\/uploads\/2016\/06\/EE2B9FB1-947A-4945-A014-7B0D185249DA.gif\"><img data-recalc-dims=\"1\" loading=\"lazy\" decoding=\"async\" class=\"aligncenter size-full wp-image-1488\" src=\"https:\/\/i0.wp.com\/pensalla.cat\/wp-content\/uploads\/2016\/06\/EE2B9FB1-947A-4945-A014-7B0D185249DA.gif?resize=100%2C100\" alt=\"EE2B9FB1-947A-4945-A014-7B0D185249DA\" width=\"100\" height=\"100\" \/><\/a><\/div>\n<div>&nbsp;<\/div>\n<div>I els de <a href=\"http:\/\/www.toprural.com\/Casas-rurales_Espa\u00f1a_0_9_c.html?k_clickid=65f6a5e4-da87-2b68-93ca-0000163d7bb2&amp;ksid=65f6a5e4-da87-2b68-93ca-0000163d7bb2&amp;ksprof_id=508&amp;ksaffcode=46564&amp;ksdevice=c&amp;gclid=CjwKEAjwy6O7BRDzm-Tdub6ZiSASJADPNzYrnqY8zfO4QXgI_k-vi9sGXiLrImXoVFFgONbpzjYKVRoC1PXw_wcB\">Toprural<\/a>, dels de HomeAway, tamb\u00e9 us ofereixen allotjaments en cases rurals.<\/div>\n<div>&nbsp;<\/div>\n<div><a href=\"https:\/\/i0.wp.com\/pensalla.cat\/wp-content\/uploads\/2016\/06\/C289679A-06DD-437C-9CE8-EA365305DE1A.png\"><img data-recalc-dims=\"1\" loading=\"lazy\" decoding=\"async\" class=\"aligncenter size-full wp-image-1484\" src=\"https:\/\/i0.wp.com\/pensalla.cat\/wp-content\/uploads\/2016\/06\/C289679A-06DD-437C-9CE8-EA365305DE1A.png?resize=99%2C29\" alt=\"C289679A-06DD-437C-9CE8-EA365305DE1A\" width=\"99\" height=\"29\" \/><\/a><\/div>\n<div>&nbsp;<\/div>\n<div><a href=\"https:\/\/www.airbnb.cat\">AIRBNB<\/a> \u00e9s una app desenvolupada per una empresa que es queda una petita comissi\u00f3 per cada reserva efectuada, exerceix d&#8217;intermediari, disposa d&#8217;oferta en m\u00e9s de 34.000 ciutats de tot el m\u00f3n.<\/div>\n<\/div>\n<div>\n<div>&nbsp;<\/div>\n<div>I per estades a grans hotels a preus baixos, proveu\u00a0\u2018<a href=\"https:\/\/www.hoteltonight.com\">Hotel Tonight<\/a>\u2019, podeu reservar amb un m\u00e0xim de set dies d\u2019antelaci\u00f3, aix\u00ed que si sou dels que voleu tenir-ho tot planificat, aquesta no \u00e9s la vostra app \ud83d\ude03\u00a0<\/div>\n<div>&nbsp;<\/div>\n<div>&nbsp;<\/div>\n<div>&nbsp;<\/div>\n<\/div>\n<div>\n<div>Per trobar restaurant tenim <a href=\"http:\/\/www.eltenedor.es\/ciudad\/barcelona\/41710\">ELTENEDOR<\/a>, dels de TripAdvisor i <a href=\"https:\/\/foursquare.com\">FOURSQUARE<\/a>\u00a0com ja sabeu que es promocionen com al millor lloc per trobar llocs a on menjar, veure, fer compres o visitar qualsevol ciutat del m\u00f3n!<\/div>\n<\/div>\n<div>\n<div>&nbsp;<\/div>\n<div>&nbsp;<\/div>\n<div>&nbsp;<\/div>\n<div><b>Meteo<\/b><\/div>\n<div>&nbsp;<\/div>\n<\/div>\n<div>\n<div>En q\u00fcestions de meteorologia <a href=\"http:\/\/www.accuweather.com\/en\/es\/spain-weather\">ACCUWEATHER<\/a>\u00a0\u00e9s de les m\u00e9s completes ofereix la previsi\u00f3, imatges de radar i v\u00eddeos del lloc triat.<\/div>\n<\/div>\n<div>\n<div>&nbsp;<\/div>\n<div><a href=\"https:\/\/i0.wp.com\/pensalla.cat\/wp-content\/uploads\/2016\/06\/AEBBC03B-F7EA-4F13-8CAD-1226FF14B678.png\"><img data-recalc-dims=\"1\" loading=\"lazy\" decoding=\"async\" class=\"aligncenter size-medium wp-image-1483\" src=\"https:\/\/i0.wp.com\/pensalla.cat\/wp-content\/uploads\/2016\/06\/AEBBC03B-F7EA-4F13-8CAD-1226FF14B678-300x138.png?resize=300%2C138\" alt=\"AEBBC03B-F7EA-4F13-8CAD-1226FF14B678\" width=\"300\" height=\"138\" srcset=\"https:\/\/i0.wp.com\/pensalla.cat\/wp-content\/uploads\/2016\/06\/AEBBC03B-F7EA-4F13-8CAD-1226FF14B678.png?resize=300%2C138&amp;ssl=1 300w, https:\/\/i0.wp.com\/pensalla.cat\/wp-content\/uploads\/2016\/06\/AEBBC03B-F7EA-4F13-8CAD-1226FF14B678.png?resize=100%2C46&amp;ssl=1 100w, https:\/\/i0.wp.com\/pensalla.cat\/wp-content\/uploads\/2016\/06\/AEBBC03B-F7EA-4F13-8CAD-1226FF14B678.png?resize=150%2C69&amp;ssl=1 150w, https:\/\/i0.wp.com\/pensalla.cat\/wp-content\/uploads\/2016\/06\/AEBBC03B-F7EA-4F13-8CAD-1226FF14B678.png?resize=200%2C92&amp;ssl=1 200w, https:\/\/i0.wp.com\/pensalla.cat\/wp-content\/uploads\/2016\/06\/AEBBC03B-F7EA-4F13-8CAD-1226FF14B678.png?resize=450%2C208&amp;ssl=1 450w, https:\/\/i0.wp.com\/pensalla.cat\/wp-content\/uploads\/2016\/06\/AEBBC03B-F7EA-4F13-8CAD-1226FF14B678.png?resize=600%2C277&amp;ssl=1 600w, https:\/\/i0.wp.com\/pensalla.cat\/wp-content\/uploads\/2016\/06\/AEBBC03B-F7EA-4F13-8CAD-1226FF14B678.png?w=620&amp;ssl=1 620w\" sizes=\"auto, (max-width: 300px) 100vw, 300px\" \/><\/a><\/div>\n<div>&nbsp;<\/div>\n<div>&nbsp;<\/div>\n<div>&nbsp;<\/div>\n<div><b>Activitats de vacances<\/b><\/div>\n<\/div>\n<div>&nbsp;<\/div>\n<div>\n<div>Apps per visitar museus , monuments i esdeveniments culturals hi ha molt\u00edssimes, mirem una de ben nostra, la del <a href=\"http:\/\/www.mhcat.cat\/app\">Museu d\u2019Hist\u00f2ria de Catalunya<\/a>.<\/div>\n<\/div>\n<div>\n<div>&nbsp;<\/div>\n<div>Una relaci\u00f3 for\u00e7a gran d\u2019activitats al dest\u00ed la trobareu a <a href=\"http:\/\/www.viator.com\">VIATOR<\/a>, una app m\u00e9s dels de TripAdvisor que t\u2019aconsellen i et venen activitats a tot arreu.<\/div>\n<div>&nbsp;<\/div>\n<div>I tamb\u00e9 a <a href=\"https:\/\/www.getyourguide.com\">GET YOUR GUIDE<\/a>, per aconseguir entrades a la Torre Eiffel o a la <a href=\"https:\/\/www.getyourguide.com\/sagrada-familia-l2699\/\">Sagrada Fam\u00edlia.<\/a><\/div>\n<div>&nbsp;<\/div>\n<div><a href=\"https:\/\/i0.wp.com\/pensalla.cat\/wp-content\/uploads\/2016\/06\/E478F91A-2FCF-400A-96BC-AF183A3B36B6.png\"><img data-recalc-dims=\"1\" loading=\"lazy\" decoding=\"async\" class=\"aligncenter size-medium wp-image-1487\" src=\"https:\/\/i0.wp.com\/pensalla.cat\/wp-content\/uploads\/2016\/06\/E478F91A-2FCF-400A-96BC-AF183A3B36B6-300x123.png?resize=300%2C123\" alt=\"E478F91A-2FCF-400A-96BC-AF183A3B36B6\" width=\"300\" height=\"123\" srcset=\"https:\/\/i0.wp.com\/pensalla.cat\/wp-content\/uploads\/2016\/06\/E478F91A-2FCF-400A-96BC-AF183A3B36B6.png?resize=300%2C123&amp;ssl=1 300w, https:\/\/i0.wp.com\/pensalla.cat\/wp-content\/uploads\/2016\/06\/E478F91A-2FCF-400A-96BC-AF183A3B36B6.png?resize=768%2C315&amp;ssl=1 768w, https:\/\/i0.wp.com\/pensalla.cat\/wp-content\/uploads\/2016\/06\/E478F91A-2FCF-400A-96BC-AF183A3B36B6.png?resize=100%2C41&amp;ssl=1 100w, https:\/\/i0.wp.com\/pensalla.cat\/wp-content\/uploads\/2016\/06\/E478F91A-2FCF-400A-96BC-AF183A3B36B6.png?resize=150%2C62&amp;ssl=1 150w, https:\/\/i0.wp.com\/pensalla.cat\/wp-content\/uploads\/2016\/06\/E478F91A-2FCF-400A-96BC-AF183A3B36B6.png?resize=200%2C82&amp;ssl=1 200w, https:\/\/i0.wp.com\/pensalla.cat\/wp-content\/uploads\/2016\/06\/E478F91A-2FCF-400A-96BC-AF183A3B36B6.png?resize=450%2C185&amp;ssl=1 450w, https:\/\/i0.wp.com\/pensalla.cat\/wp-content\/uploads\/2016\/06\/E478F91A-2FCF-400A-96BC-AF183A3B36B6.png?resize=600%2C246&amp;ssl=1 600w, https:\/\/i0.wp.com\/pensalla.cat\/wp-content\/uploads\/2016\/06\/E478F91A-2FCF-400A-96BC-AF183A3B36B6.png?resize=900%2C370&amp;ssl=1 900w, https:\/\/i0.wp.com\/pensalla.cat\/wp-content\/uploads\/2016\/06\/E478F91A-2FCF-400A-96BC-AF183A3B36B6.png?w=1020&amp;ssl=1 1020w\" sizes=\"auto, (max-width: 300px) 100vw, 300px\" \/><\/a><\/div>\n<div>&nbsp;<\/div>\n<div>Els que aneu a la platja heu de tenir l\u2019app imprescindible per con\u00e8ixer l\u2019estat de les platges i el mar, <a href=\"http:\/\/aca-web.gencat.cat\/aca\/platgescat\/landing\/ca\/index.htm\">PlatgesCat<\/a>\u00a0per les catalanes i <a href=\"http:\/\/www.iplaya.es\">iPlaya<\/a>\u00a0amb tota la informaci\u00f3 de m\u00e9s de 2.000 platges. La previsi\u00f3 del temps, la temperatura de l\u2019aigua, les onades, les marees, l\u2019\u00edndex UV per saber quina protecci\u00f3 us heu de posar i, \u00e9s clar, una relaci\u00f3 de serveis disponibles a la platja.<\/div>\n<div>&nbsp;<\/div>\n<div>\n<div><a href=\"https:\/\/i0.wp.com\/pensalla.cat\/wp-content\/uploads\/2016\/06\/2ipad.jpg\"><img data-recalc-dims=\"1\" loading=\"lazy\" decoding=\"async\" class=\"aligncenter size-medium wp-image-1470\" src=\"https:\/\/i0.wp.com\/pensalla.cat\/wp-content\/uploads\/2016\/06\/2ipad-225x300.jpg?resize=225%2C300\" alt=\"2~ipad\" width=\"225\" height=\"300\" srcset=\"https:\/\/i0.wp.com\/pensalla.cat\/wp-content\/uploads\/2016\/06\/2ipad.jpg?resize=225%2C300&amp;ssl=1 225w, https:\/\/i0.wp.com\/pensalla.cat\/wp-content\/uploads\/2016\/06\/2ipad.jpg?resize=100%2C133&amp;ssl=1 100w, https:\/\/i0.wp.com\/pensalla.cat\/wp-content\/uploads\/2016\/06\/2ipad.jpg?resize=150%2C200&amp;ssl=1 150w, https:\/\/i0.wp.com\/pensalla.cat\/wp-content\/uploads\/2016\/06\/2ipad.jpg?resize=200%2C267&amp;ssl=1 200w, https:\/\/i0.wp.com\/pensalla.cat\/wp-content\/uploads\/2016\/06\/2ipad.jpg?resize=300%2C400&amp;ssl=1 300w, https:\/\/i0.wp.com\/pensalla.cat\/wp-content\/uploads\/2016\/06\/2ipad.jpg?w=400&amp;ssl=1 400w\" sizes=\"auto, (max-width: 225px) 100vw, 225px\" \/><\/a><\/div>\n<div>&nbsp;<\/div>\n<div>&nbsp;<\/div>\n<div>\n<div>Per\u00f2 si sou dels que voleu sortir a mar, b\u00e9 sigui fent surf, fent winsurf o b\u00e9 amb barca, la vostra app es diu <a href=\"http:\/\/www.windguru.cz\/cat\/?sc=48887\">windguru<\/a>, l\u2019app de refer\u00e8ncia per qualsevol que es faci a la mar.<\/div>\n<\/div>\n<div>&nbsp;<\/div>\n<div><a href=\"https:\/\/i0.wp.com\/pensalla.cat\/wp-content\/uploads\/2016\/06\/D268CBB0-8E35-4ED4-941B-04C01C3471E4.png\"><img data-recalc-dims=\"1\" loading=\"lazy\" decoding=\"async\" class=\"aligncenter size-medium wp-image-1485\" src=\"https:\/\/i0.wp.com\/pensalla.cat\/wp-content\/uploads\/2016\/06\/D268CBB0-8E35-4ED4-941B-04C01C3471E4-300x191.png?resize=300%2C191\" alt=\"D268CBB0-8E35-4ED4-941B-04C01C3471E4\" width=\"300\" height=\"191\" srcset=\"https:\/\/i0.wp.com\/pensalla.cat\/wp-content\/uploads\/2016\/06\/D268CBB0-8E35-4ED4-941B-04C01C3471E4.png?resize=300%2C191&amp;ssl=1 300w, https:\/\/i0.wp.com\/pensalla.cat\/wp-content\/uploads\/2016\/06\/D268CBB0-8E35-4ED4-941B-04C01C3471E4.png?resize=768%2C490&amp;ssl=1 768w, https:\/\/i0.wp.com\/pensalla.cat\/wp-content\/uploads\/2016\/06\/D268CBB0-8E35-4ED4-941B-04C01C3471E4.png?resize=100%2C64&amp;ssl=1 100w, https:\/\/i0.wp.com\/pensalla.cat\/wp-content\/uploads\/2016\/06\/D268CBB0-8E35-4ED4-941B-04C01C3471E4.png?resize=150%2C96&amp;ssl=1 150w, https:\/\/i0.wp.com\/pensalla.cat\/wp-content\/uploads\/2016\/06\/D268CBB0-8E35-4ED4-941B-04C01C3471E4.png?resize=200%2C128&amp;ssl=1 200w, https:\/\/i0.wp.com\/pensalla.cat\/wp-content\/uploads\/2016\/06\/D268CBB0-8E35-4ED4-941B-04C01C3471E4.png?resize=450%2C287&amp;ssl=1 450w, https:\/\/i0.wp.com\/pensalla.cat\/wp-content\/uploads\/2016\/06\/D268CBB0-8E35-4ED4-941B-04C01C3471E4.png?resize=600%2C383&amp;ssl=1 600w, https:\/\/i0.wp.com\/pensalla.cat\/wp-content\/uploads\/2016\/06\/D268CBB0-8E35-4ED4-941B-04C01C3471E4.png?w=857&amp;ssl=1 857w\" sizes=\"auto, (max-width: 300px) 100vw, 300px\" \/><\/a><\/div>\n<div>&nbsp;<\/div>\n<div>&nbsp;<\/div>\n<div>&nbsp;<\/div>\n<div>&nbsp;<\/div>\n<\/div>\n<div>Si no marxeu de vacances i heu pensat descansar a casa, tamb\u00e9 tinc una recomanaci\u00f3 per vosaltres, mireu aquest nou <a href=\"http:\/\/www.lg.com\/in\/tvs\/lg-32LH520D\">televisor\u00a0d\u2019LG<\/a> amb un sistema per fer f\u00f3ra els mosquits!, que gr\u00e0cies a un sistema incorporat d\u2019ultrasons als quals els humans no som sensibles, per\u00f2 els mosquits s\u00ed, els mant\u00e9 lluny nostre. Com no podia ser de cap altra forma, aquesta tecnologia t\u00e9 un nom, es diu \u2018Mosquito Away Technology\u2019. El link del televisor \u00e9s del portal d\u2019LG a l\u2019\u00cdndia, l\u2019article \u00e9s dels companys de <a href=\"http:\/\/wwwhatsnew.com\/2016\/06\/18\/nuevo-televisor-de-lg-repele-mosquitos-con-ondas-sonoras\/?utm_source=feedburner&amp;utm_medium=feed&amp;utm_campaign=Feed%3A+WwwhatsNew+%28Wwwhat%27s+new%3F+-+Aplicaciones+Web+gratuitas%29\">wwwhat\u2019s new<\/a>,\u00a0 a veure si aviat el tenim aqu\u00ed.<\/div>\n<div>&nbsp;<\/div>\n<div>\n<div>\n<div>&nbsp;<\/div>\n<div><a href=\"https:\/\/i0.wp.com\/pensalla.cat\/wp-content\/uploads\/2016\/06\/AAF555CE-9CE1-4949-A06E-4490F09CB614.jpg\"><img data-recalc-dims=\"1\" loading=\"lazy\" decoding=\"async\" class=\"aligncenter size-medium wp-image-1482\" src=\"https:\/\/i0.wp.com\/pensalla.cat\/wp-content\/uploads\/2016\/06\/AAF555CE-9CE1-4949-A06E-4490F09CB614-300x198.jpg?resize=300%2C198\" alt=\"AAF555CE-9CE1-4949-A06E-4490F09CB614\" width=\"300\" height=\"198\" srcset=\"https:\/\/i0.wp.com\/pensalla.cat\/wp-content\/uploads\/2016\/06\/AAF555CE-9CE1-4949-A06E-4490F09CB614.jpg?resize=300%2C198&amp;ssl=1 300w, https:\/\/i0.wp.com\/pensalla.cat\/wp-content\/uploads\/2016\/06\/AAF555CE-9CE1-4949-A06E-4490F09CB614.jpg?resize=768%2C507&amp;ssl=1 768w, https:\/\/i0.wp.com\/pensalla.cat\/wp-content\/uploads\/2016\/06\/AAF555CE-9CE1-4949-A06E-4490F09CB614.jpg?resize=100%2C66&amp;ssl=1 100w, https:\/\/i0.wp.com\/pensalla.cat\/wp-content\/uploads\/2016\/06\/AAF555CE-9CE1-4949-A06E-4490F09CB614.jpg?resize=150%2C99&amp;ssl=1 150w, https:\/\/i0.wp.com\/pensalla.cat\/wp-content\/uploads\/2016\/06\/AAF555CE-9CE1-4949-A06E-4490F09CB614.jpg?resize=200%2C132&amp;ssl=1 200w, https:\/\/i0.wp.com\/pensalla.cat\/wp-content\/uploads\/2016\/06\/AAF555CE-9CE1-4949-A06E-4490F09CB614.jpg?resize=450%2C297&amp;ssl=1 450w, https:\/\/i0.wp.com\/pensalla.cat\/wp-content\/uploads\/2016\/06\/AAF555CE-9CE1-4949-A06E-4490F09CB614.jpg?resize=600%2C396&amp;ssl=1 600w, https:\/\/i0.wp.com\/pensalla.cat\/wp-content\/uploads\/2016\/06\/AAF555CE-9CE1-4949-A06E-4490F09CB614.jpg?resize=900%2C594&amp;ssl=1 900w, https:\/\/i0.wp.com\/pensalla.cat\/wp-content\/uploads\/2016\/06\/AAF555CE-9CE1-4949-A06E-4490F09CB614.jpg?w=940&amp;ssl=1 940w\" sizes=\"auto, (max-width: 300px) 100vw, 300px\" \/><\/a><\/div>\n<div>&nbsp;<\/div>\n<div>&nbsp;<\/div>\n<div>&nbsp;<\/div>\n<div>&nbsp;<\/div>\n<\/div>\n<div>&nbsp;<\/div>\n<div>&nbsp;<\/div>\n<\/div>\n<\/div>\n<div>\n<div>Com veieu mai planificar i organitzar el nostre lleure\u00a0\u00a0havia estat tan f\u00e0cil, l&#8217;avantatge \u00e9s que ho farem a la nostra mida i atenent les nostres necessitats exclusives.<\/div>\n<div>&nbsp;<\/div>\n<\/div>\n<div style=\"padding-top:0px;\t\r\npadding-right:0px;\r\npadding-bottom:0px;\r\npadding-left:0px;\r\nmargin-top:0px;\r\nmargin-right:0px;\r\nmargin-bottom:0px;\r\nmargin-left:0px;\"><a href=\"https:\/\/twitter.com\/share\" class=\"twitter-share-button\" \r\n\t\t\t\t        data-url=\"https:\/\/pensalla.cat\/?p=1492\" \r\n\t\t\t\t        data-via=\"jjofra\"\r\n\t\t\t\t\t    data-text=\"Planificar les vacances amb els m\u00f2bil (segona part)\"\r\n\t\t\t\t\t    data-related=\"\"\r\n\t\t\t\t\t    data-count=\"none\"\r\n\t\t\t\t\t    data-hashtags=\"\"\r\n\t\t\t\t\t    data-lang=\"autoLANGauto\"\r\n\t\t\t\t\t    data-counturl=\"pensalla.cat\"\r\n\t\t\t\t\t    data-size=\"medium\"\r\n\t\t\t\t\t    data-dnt=\"false\"\t> Tweet <\/a> <\/div>\r\n\t\t                <script>\r\n\t\t\t\t\t    !function(d,s,id) {\r\n\t\t\t\t\t      var js,fjs=d.getElementsByTagName(s)[0];\r\n\t\t\t\t\t      if(!d.getElementById(id)) {\r\n\t\t\t\t\t       js=d.createElement(s);js.id=id;js.src=\"https:\/\/platform.twitter.com\/widgets.js\";fjs.parentNode.insertBefore(js,fjs);\r\n\t\t\t\t\t      }\r\n\t\t\t\t\t    }\r\n\t\t\t\t\t   (document,\"script\",\"twitter-wjs\");\r\n\t\t\t\t\t    <\/script>","protected":false},"excerpt":{"rendered":"<p>Tweet &nbsp; La setmana anterior vam iniciar el tema i aquesta l&#8217;acabarem, anem per feina. &nbsp; &nbsp; Documents &nbsp; Quan ens posem a organitzar un viatge de seguida pensem en els documents que necessitem com DNI, passaport, carnet de salut<span class=\"ellipsis\">&hellip;<\/span><\/p>\n<div class=\"read-more\"><a href=\"https:\/\/pensalla.cat\/?p=1492\">Read more <span class=\"screen-reader-text\">Planificar les vacances amb els m\u00f2bil (segona part)<\/span><span class=\"meta-nav\"> &#8250;<\/span><\/a><\/div>\n<p><!-- end of .read-more --><\/p>\n","protected":false},"author":1,"featured_media":0,"comment_status":"open","ping_status":"open","sticky":false,"template":"","format":"standard","meta":{"_exactmetrics_skip_tracking":false,"_exactmetrics_sitenote_active":false,"_exactmetrics_sitenote_note":"","_exactmetrics_sitenote_category":0,"jetpack_post_was_ever_published":false,"_jetpack_newsletter_access":"","_jetpack_dont_email_post_to_subs":false,"_jetpack_newsletter_tier_id":0,"_jetpack_memberships_contains_paywalled_content":false,"_jetpack_memberships_contains_paid_content":false,"footnotes":"","jetpack_publicize_message":"","jetpack_publicize_feature_enabled":true,"jetpack_social_post_already_shared":true,"jetpack_social_options":{"image_generator_settings":{"template":"highway","default_image_id":0,"font":"","enabled":false},"version":2}},"categories":[2],"tags":[],"class_list":["post-1492","post","type-post","status-publish","format-standard","hentry","category-articles"],"aioseo_notices":[],"jetpack_publicize_connections":[],"jetpack_featured_media_url":"","jetpack_sharing_enabled":true,"_links":{"self":[{"href":"https:\/\/pensalla.cat\/index.php?rest_route=\/wp\/v2\/posts\/1492","targetHints":{"allow":["GET"]}}],"collection":[{"href":"https:\/\/pensalla.cat\/index.php?rest_route=\/wp\/v2\/posts"}],"about":[{"href":"https:\/\/pensalla.cat\/index.php?rest_route=\/wp\/v2\/types\/post"}],"author":[{"embeddable":true,"href":"https:\/\/pensalla.cat\/index.php?rest_route=\/wp\/v2\/users\/1"}],"replies":[{"embeddable":true,"href":"https:\/\/pensalla.cat\/index.php?rest_route=%2Fwp%2Fv2%2Fcomments&post=1492"}],"version-history":[{"count":0,"href":"https:\/\/pensalla.cat\/index.php?rest_route=\/wp\/v2\/posts\/1492\/revisions"}],"wp:attachment":[{"href":"https:\/\/pensalla.cat\/index.php?rest_route=%2Fwp%2Fv2%2Fmedia&parent=1492"}],"wp:term":[{"taxonomy":"category","embeddable":true,"href":"https:\/\/pensalla.cat\/index.php?rest_route=%2Fwp%2Fv2%2Fcategories&post=1492"},{"taxonomy":"post_tag","embeddable":true,"href":"https:\/\/pensalla.cat\/index.php?rest_route=%2Fwp%2Fv2%2Ftags&post=1492"}],"curies":[{"name":"wp","href":"https:\/\/api.w.org\/{rel}","templated":true}]}}