{"id":1518,"date":"2016-06-17T07:00:41","date_gmt":"2016-06-17T06:00:41","guid":{"rendered":"http:\/\/pensalla.cat\/?p=1518"},"modified":"2016-07-02T18:00:50","modified_gmt":"2016-07-02T17:00:50","slug":"les-claus-de-la-crisi-del-periodisme","status":"publish","type":"post","link":"https:\/\/pensalla.cat\/?p=1518","title":{"rendered":"Les claus de la crisi del periodisme."},"content":{"rendered":"<div style=\"padding-top:0px;\t\r\npadding-right:0px;\r\npadding-bottom:0px;\r\npadding-left:0px;\r\nmargin-top:0px;\r\nmargin-right:0px;\r\nmargin-bottom:0px;\r\nmargin-left:0px;\"><a href=\"https:\/\/twitter.com\/share\" class=\"twitter-share-button\" \r\n\t\t\t\t        data-url=\"https:\/\/pensalla.cat\/?p=1518\" \r\n\t\t\t\t        data-via=\"jjofra\"\r\n\t\t\t\t\t    data-text=\"Les claus de la crisi del periodisme.\"\r\n\t\t\t\t\t    data-related=\"\"\r\n\t\t\t\t\t    data-count=\"none\"\r\n\t\t\t\t\t    data-hashtags=\"\"\r\n\t\t\t\t\t    data-lang=\"autoLANGauto\"\r\n\t\t\t\t\t    data-counturl=\"pensalla.cat\"\r\n\t\t\t\t\t    data-size=\"medium\"\r\n\t\t\t\t\t    data-dnt=\"false\"\t> Tweet <\/a> <\/div>\r\n\t\t                <script>\r\n\t\t\t\t\t    !function(d,s,id) {\r\n\t\t\t\t\t      var js,fjs=d.getElementsByTagName(s)[0];\r\n\t\t\t\t\t      if(!d.getElementById(id)) {\r\n\t\t\t\t\t       js=d.createElement(s);js.id=id;js.src=\"https:\/\/platform.twitter.com\/widgets.js\";fjs.parentNode.insertBefore(js,fjs);\r\n\t\t\t\t\t      }\r\n\t\t\t\t\t    }\r\n\t\t\t\t\t   (document,\"script\",\"twitter-wjs\");\r\n\t\t\t\t\t    <\/script><table border=\"0\" width=\"100%\" cellspacing=\"0\" cellpadding=\"0\">\n<tbody>\n<tr>\n<td align=\"center\" valign=\"top\">\n<table id=\"templatePreheader\" border=\"0\" width=\"100%\" cellspacing=\"0\" cellpadding=\"0\">\n<tbody>\n<tr>\n<td align=\"center\" valign=\"top\">\n<table class=\"templateContainer\" border=\"0\" width=\"600\" cellspacing=\"0\" cellpadding=\"0\">\n<tbody>\n<tr>\n<td class=\"preheaderContainer\" valign=\"top\">\n<table class=\"mcnTextBlock\" border=\"0\" width=\"100%\" cellspacing=\"0\" cellpadding=\"0\">\n<tbody class=\"mcnTextBlockOuter\">\n<tr>\n<td class=\"mcnTextBlockInner\" valign=\"top\"><\/td>\n<\/tr>\n<\/tbody>\n<\/table>\n<\/td>\n<\/tr>\n<\/tbody>\n<\/table>\n<\/td>\n<\/tr>\n<\/tbody>\n<\/table>\n<\/td>\n<\/tr>\n<tr>\n<td align=\"center\" valign=\"top\">\n<table id=\"templateHeader\" border=\"0\" width=\"100%\" cellspacing=\"0\" cellpadding=\"0\">\n<tbody>\n<tr>\n<td align=\"center\" valign=\"top\">\n<table class=\"templateContainer\" border=\"0\" width=\"600\" cellspacing=\"0\" cellpadding=\"0\">\n<tbody>\n<tr>\n<td class=\"headerContainer\" valign=\"top\">\n<table class=\"mcnImageBlock\" border=\"0\" width=\"100%\" cellspacing=\"0\" cellpadding=\"0\">\n<tbody class=\"mcnImageBlockOuter\">\n<tr>\n<td class=\"mcnImageBlockInner\" valign=\"top\">\n<table class=\"mcnImageContentContainer\" border=\"0\" width=\"100%\" cellspacing=\"0\" cellpadding=\"0\" align=\"left\">\n<tbody>\n<tr>\n<td class=\"mcnImageContent\" valign=\"top\"><a class=\"\" title=\"\" href=\"http:\/\/linternauta.us8.list-manage.com\/track\/click?u=8ebfe63be3603515c0fc41244&amp;id=6c441d4dbd&amp;e=d1a46bff16\" target=\"_blank\"><img data-recalc-dims=\"1\" decoding=\"async\" class=\"mcnImage\" src=\"https:\/\/i0.wp.com\/gallery.mailchimp.com\/8ebfe63be3603515c0fc41244\/images\/164e029b-9498-4a0d-b509-4717964d0eee.png?w=564&#038;ssl=1\" alt=\"\"  align=\"center\" \/><\/a><\/td>\n<\/tr>\n<\/tbody>\n<\/table>\n<\/td>\n<\/tr>\n<\/tbody>\n<\/table>\n<table class=\"mcnImageBlock\" border=\"0\" width=\"100%\" cellspacing=\"0\" cellpadding=\"0\">\n<tbody class=\"mcnImageBlockOuter\">\n<tr>\n<td class=\"mcnImageBlockInner\" valign=\"top\">\n<table class=\"mcnImageContentContainer\" border=\"0\" width=\"100%\" cellspacing=\"0\" cellpadding=\"0\" align=\"left\">\n<tbody>\n<tr>\n<td class=\"mcnImageContent\" valign=\"top\"><a class=\"\" title=\"\" href=\"http:\/\/linternauta.us8.list-manage.com\/track\/click?u=8ebfe63be3603515c0fc41244&amp;id=5550ec9528&amp;e=d1a46bff16\" target=\"_blank\"><img data-recalc-dims=\"1\" decoding=\"async\" class=\"mcnImage\" src=\"https:\/\/i0.wp.com\/gallery.mailchimp.com\/8ebfe63be3603515c0fc41244\/images\/ee8f45a7-503a-4ecf-a987-353f2db22abc.png?w=564&#038;ssl=1\" alt=\"\"  align=\"center\" \/><\/a><\/td>\n<\/tr>\n<\/tbody>\n<\/table>\n<\/td>\n<\/tr>\n<\/tbody>\n<\/table>\n<\/td>\n<\/tr>\n<\/tbody>\n<\/table>\n<\/td>\n<\/tr>\n<\/tbody>\n<\/table>\n<\/td>\n<\/tr>\n<tr>\n<td align=\"center\" valign=\"top\">\n<table id=\"templateBody\" border=\"0\" width=\"100%\" cellspacing=\"0\" cellpadding=\"0\">\n<tbody>\n<tr>\n<td align=\"center\" valign=\"top\">\n<table class=\"templateContainer\" border=\"0\" width=\"600\" cellspacing=\"0\" cellpadding=\"0\">\n<tbody>\n<tr>\n<td class=\"bodyContainer\" valign=\"top\">\n<table class=\"mcnTextBlock\" border=\"0\" width=\"100%\" cellspacing=\"0\" cellpadding=\"0\">\n<tbody class=\"mcnTextBlockOuter\">\n<tr>\n<td class=\"mcnTextBlockInner\" valign=\"top\">\n<table class=\"mcnTextContentContainer\" border=\"0\" width=\"100%\" cellspacing=\"0\" cellpadding=\"0\" align=\"left\">\n<tbody>\n<tr>\n<td class=\"mcnTextContent\" valign=\"top\">\n<h1><strong>Vendes online<\/strong>.<\/h1>\n<p>Aquesta setmana, a\u00a0<a href=\"http:\/\/linternauta.us8.list-manage.com\/track\/click?u=8ebfe63be3603515c0fc41244&amp;id=840d08260b&amp;e=d1a46bff16\" target=\"_blank\">l\u2019Internauta<\/a>\u00a0de\u00a0<a href=\"http:\/\/linternauta.us8.list-manage.com\/track\/click?u=8ebfe63be3603515c0fc41244&amp;id=80706ceba7&amp;e=d1a46bff16\" target=\"_blank\">Vilaweb<\/a>\u00a0i\u00a0<a href=\"http:\/\/linternauta.us8.list-manage1.com\/track\/click?u=8ebfe63be3603515c0fc41244&amp;id=7806269f87&amp;e=d1a46bff16\" target=\"_blank\">ElPuntAvuiTV<\/a>:<strong>\u00a0les vendes online<\/strong><strong>,<\/strong>\u00a0en versi\u00f3\u00a0<a href=\"http:\/\/linternauta.us8.list-manage2.com\/track\/click?u=8ebfe63be3603515c0fc41244&amp;id=65c845cb23&amp;e=d1a46bff16\" target=\"_blank\">v\u00eddeo<\/a>,\u00a0<a href=\"http:\/\/linternauta.us8.list-manage.com\/track\/click?u=8ebfe63be3603515c0fc41244&amp;id=15e0f970d5&amp;e=d1a46bff16\" target=\"_blank\">\u00e0udio<\/a>\u00a0i\/o\u00a0<a href=\"http:\/\/linternauta.us8.list-manage1.com\/track\/click?u=8ebfe63be3603515c0fc41244&amp;id=43f00ce61b&amp;e=d1a46bff16\" target=\"_blank\">text<\/a><\/p>\n<p>Teniu un recull de tots els articles a\u00a0<a href=\"http:\/\/linternauta.us8.list-manage.com\/track\/click?u=8ebfe63be3603515c0fc41244&amp;id=d565df01af&amp;e=d1a46bff16\" target=\"_blank\">pensalla.cat<\/a><\/p>\n<p>Joan Jofra<br \/>\nTots els diumenges a les 15h a\u00a0<a href=\"http:\/\/linternauta.us8.list-manage.com\/track\/click?u=8ebfe63be3603515c0fc41244&amp;id=8f398db4e0&amp;e=d1a46bff16\" target=\"_blank\">ElPuntAvuiTV<\/a><\/td>\n<\/tr>\n<\/tbody>\n<\/table>\n<\/td>\n<\/tr>\n<\/tbody>\n<\/table>\n<table class=\"mcnShareBlock\" border=\"0\" width=\"100%\" cellspacing=\"0\" cellpadding=\"0\">\n<tbody class=\"mcnShareBlockOuter\">\n<tr>\n<td class=\"mcnShareBlockInner\" valign=\"top\">\n<table class=\"mcnShareContentContainer\" border=\"0\" width=\"100%\" cellspacing=\"0\" cellpadding=\"0\">\n<tbody>\n<tr>\n<td align=\"left\">\n<table class=\"mcnShareContent\" border=\"0\" width=\"100%\" cellspacing=\"0\" cellpadding=\"0\" align=\"left\">\n<tbody>\n<tr>\n<td class=\"mcnShareContentItemContainer\" align=\"left\" valign=\"top\">\n<table border=\"0\" cellspacing=\"0\" cellpadding=\"0\" align=\"left\">\n<tbody>\n<tr>\n<td align=\"left\" valign=\"top\">\n<table border=\"0\" cellspacing=\"0\" cellpadding=\"0\" align=\"left\">\n<tbody>\n<tr>\n<td class=\"mcnShareContentItemContainer\" valign=\"top\"><\/td>\n<\/tr>\n<\/tbody>\n<\/table>\n<\/td>\n<\/tr>\n<\/tbody>\n<\/table>\n<\/td>\n<\/tr>\n<\/tbody>\n<\/table>\n<\/td>\n<\/tr>\n<\/tbody>\n<\/table>\n<\/td>\n<\/tr>\n<\/tbody>\n<\/table>\n<\/td>\n<\/tr>\n<\/tbody>\n<\/table>\n<\/td>\n<\/tr>\n<\/tbody>\n<\/table>\n<\/td>\n<\/tr>\n<tr>\n<td align=\"center\" valign=\"top\">\n<table id=\"templateColumns\" border=\"0\" width=\"100%\" cellspacing=\"0\" cellpadding=\"0\">\n<tbody>\n<tr>\n<td align=\"center\" valign=\"top\">\n<table class=\"templateContainer\" border=\"0\" width=\"600\" cellspacing=\"0\" cellpadding=\"0\">\n<tbody>\n<tr>\n<td class=\"columnsContainer\" align=\"left\" valign=\"top\" width=\"50%\">\n<table class=\"templateColumn\" border=\"0\" width=\"100%\" cellspacing=\"0\" cellpadding=\"0\" align=\"left\">\n<tbody>\n<tr>\n<td class=\"leftColumnContainer\" valign=\"top\">\n<table class=\"mcnCaptionBlock\" border=\"0\" width=\"100%\" cellspacing=\"0\" cellpadding=\"0\">\n<tbody class=\"mcnCaptionBlockOuter\">\n<tr>\n<td class=\"mcnCaptionBlockInner\" valign=\"top\">\n<table class=\"mcnCaptionBottomContent\" border=\"0\" width=\"false\" cellspacing=\"0\" cellpadding=\"0\" align=\"left\">\n<tbody>\n<tr>\n<td class=\"mcnCaptionBottomImageContent\" align=\"center\" valign=\"top\"><a class=\"\" title=\"\" href=\"http:\/\/linternauta.us8.list-manage2.com\/track\/click?u=8ebfe63be3603515c0fc41244&amp;id=2ee4c5a56b&amp;e=d1a46bff16\" target=\"_blank\"><img data-recalc-dims=\"1\" decoding=\"async\" class=\"mcnImage\" src=\"https:\/\/i0.wp.com\/gallery.mailchimp.com\/8ebfe63be3603515c0fc41244\/images\/f1b517f3-3dfe-426b-b3cf-bd81d39cfb51.png?w=264&#038;ssl=1\" alt=\"\"  \/><\/a><\/td>\n<\/tr>\n<tr>\n<td class=\"mcnTextContent\" valign=\"top\" width=\"264\">\n<h4 class=\"null\">\n<a href=\"http:\/\/linternauta.us8.list-manage.com\/track\/click?u=8ebfe63be3603515c0fc41244&amp;id=134b8497be&amp;e=d1a46bff16\" target=\"_blank\"><strong>Vendes online<\/strong><\/a><strong><a href=\"http:\/\/linternauta.us8.list-manage.com\/track\/click?u=8ebfe63be3603515c0fc41244&amp;id=1e1f3ee74f&amp;e=d1a46bff16\">.<\/a><\/strong><\/h4>\n<div>\n<div>\n<div>\n<p>Adam Smith deia que la clau del progr\u00e8s hum\u00e0 es basa en l\u2019intercanvi voluntari de productes, \u00e9s a dir en la capacitat de comerciar. Ara b\u00e9 en la nostra era digital el comer\u00e7 ja no cal que es faci amb la pres\u00e8ncia f\u00edsica de venedor i comprador en un espai determinat, ara la inform\u00e0tica i Internet ens permet comprar i vendre productes de qualsevol lloc del m\u00f3n.<\/p>\n<p>Si sou emprenedors, empresaris, si voleu ampliar el vostre negoci o crear-lo, si sou creatius o simplement voleu rendibilitzar les vostres aficions manuals\u00a0\u00a0us calen uns coneixements per a la creaci\u00f3 d\u2019una botiga online. Jo parlar\u00e9 de temes t\u00e8cnics, per\u00f2 no oblideu els temes, tant o m\u00e9s importants: de producte (qu\u00e8 vendrem) de viabilitat del negoci (farem diners?), de m\u00e0rqueting (a qui li vendrem), de log\u00edstica (com el farem arribar), etc. aqu\u00ed teniu els meus consells:<\/p>\n<p><a href=\"http:\/\/linternauta.us8.list-manage2.com\/track\/click?u=8ebfe63be3603515c0fc41244&amp;id=361fa82291&amp;e=d1a46bff16\" target=\"_blank\">Llegeix la resta d&#8217;aquest article &#8230;<\/a><\/p>\n<\/div>\n<\/div>\n<\/div>\n<\/td>\n<\/tr>\n<\/tbody>\n<\/table>\n<\/td>\n<\/tr>\n<\/tbody>\n<\/table>\n<table class=\"mcnFollowBlock\" border=\"0\" width=\"100%\" cellspacing=\"0\" cellpadding=\"0\">\n<tbody class=\"mcnFollowBlockOuter\">\n<tr>\n<td class=\"mcnFollowBlockInner\" align=\"center\" valign=\"top\">\n<table class=\"mcnFollowContentContainer\" border=\"0\" width=\"100%\" cellspacing=\"0\" cellpadding=\"0\">\n<tbody>\n<tr>\n<td align=\"center\">\n<table class=\"mcnFollowContent\" border=\"0\" width=\"100%\" cellspacing=\"0\" cellpadding=\"0\">\n<tbody>\n<tr>\n<td align=\"center\" valign=\"top\"><\/td>\n<\/tr>\n<\/tbody>\n<\/table>\n<\/td>\n<\/tr>\n<\/tbody>\n<\/table>\n<\/td>\n<\/tr>\n<\/tbody>\n<\/table>\n<\/td>\n<\/tr>\n<\/tbody>\n<\/table>\n<\/td>\n<td class=\"columnsContainer\" align=\"left\" valign=\"top\" width=\"50%\">\n<table class=\"templateColumn\" border=\"0\" width=\"100%\" cellspacing=\"0\" cellpadding=\"0\" align=\"right\">\n<tbody>\n<tr>\n<td class=\"rightColumnContainer\" valign=\"top\">\n<table class=\"mcnCaptionBlock\" border=\"0\" width=\"100%\" cellspacing=\"0\" cellpadding=\"0\">\n<tbody class=\"mcnCaptionBlockOuter\">\n<tr>\n<td class=\"mcnCaptionBlockInner\" valign=\"top\">\n<table class=\"mcnCaptionBottomContent\" border=\"0\" width=\"false\" cellspacing=\"0\" cellpadding=\"0\" align=\"left\">\n<tbody>\n<tr>\n<td class=\"mcnCaptionBottomImageContent\" align=\"left\" valign=\"top\"><a class=\"\" title=\"\" href=\"http:\/\/linternauta.us8.list-manage2.com\/track\/click?u=8ebfe63be3603515c0fc41244&amp;id=bc7fda3d49&amp;e=d1a46bff16\" target=\"_blank\"><img data-recalc-dims=\"1\" decoding=\"async\" class=\"mcnImage\" src=\"https:\/\/i0.wp.com\/gallery.mailchimp.com\/8ebfe63be3603515c0fc41244\/images\/2b215c3a-869e-42a8-93b1-bc627c5f93c7.jpg?w=264&#038;ssl=1\" alt=\"\"  \/><\/a><\/td>\n<\/tr>\n<tr>\n<td class=\"mcnTextContent\" valign=\"top\" width=\"264\">\n<p class=\"p1\"><a href=\"http:\/\/linternauta.us8.list-manage.com\/track\/click?u=8ebfe63be3603515c0fc41244&amp;id=2f11369d51&amp;e=d1a46bff16\" target=\"_blank\"><strong>Les claus de la crisi del periodisme<\/strong><\/a><strong><a href=\"http:\/\/linternauta.us8.list-manage.com\/track\/click?u=8ebfe63be3603515c0fc41244&amp;id=dd1caae914&amp;e=d1a46bff16\">.<\/a><\/strong><\/p>\n<p><strong>Parlem amb el periodista i director de Catalunya Plural, Josep Carles Rius, que publica &#8216;Periodismo en reconstrucci\u00f3n&#8217;<\/strong><\/p>\n<p>Al programa d\u2019avui, Vicent Partal conversa amb el periodista i director del diari digital Catalunya Plural, Josep Carles Rius, que publica\u00a0<em>Periodismo en reconstrucci\u00f3n<\/em>. El llibre tracta de la crisi de la premsa i explica els desafiaments d\u2019aquest ofici per a reinventar-se i esdevenir m\u00e9s lliure i independent. L\u2019impacte de les noves tecnologies, la implicaci\u00f3 en grans grups multim\u00e8dia i, evidentment, la crisi del 2008, s\u00f3n alguns dels factors que Rius desgrana per explicar el viratge que ha fet el periodisme. Ell, que ha passat per moltes redaccions dels principals mitjans de premsa escrita del pa\u00eds, assenyala una de les pitjors conseq\u00fc\u00e8ncies d\u2019aquests canvis: la p\u00e8rdua de credibilitat. I, tanmateix, ens descobreix algunes de les claus perqu\u00e8 els mitjans recuperin el paper de contrapoder que els havia caracteritzat.<\/td>\n<\/tr>\n<\/tbody>\n<\/table>\n<\/td>\n<\/tr>\n<\/tbody>\n<\/table>\n<\/td>\n<\/tr>\n<\/tbody>\n<\/table>\n<\/td>\n<\/tr>\n<\/tbody>\n<\/table>\n<\/td>\n<\/tr>\n<\/tbody>\n<\/table>\n<\/td>\n<\/tr>\n<\/tbody>\n<\/table>\n<div style=\"padding-top:0px;\t\r\npadding-right:0px;\r\npadding-bottom:0px;\r\npadding-left:0px;\r\nmargin-top:0px;\r\nmargin-right:0px;\r\nmargin-bottom:0px;\r\nmargin-left:0px;\"><a href=\"https:\/\/twitter.com\/share\" class=\"twitter-share-button\" \r\n\t\t\t\t        data-url=\"https:\/\/pensalla.cat\/?p=1518\" \r\n\t\t\t\t        data-via=\"jjofra\"\r\n\t\t\t\t\t    data-text=\"Les claus de la crisi del periodisme.\"\r\n\t\t\t\t\t    data-related=\"\"\r\n\t\t\t\t\t    data-count=\"none\"\r\n\t\t\t\t\t    data-hashtags=\"\"\r\n\t\t\t\t\t    data-lang=\"autoLANGauto\"\r\n\t\t\t\t\t    data-counturl=\"pensalla.cat\"\r\n\t\t\t\t\t    data-size=\"medium\"\r\n\t\t\t\t\t    data-dnt=\"false\"\t> Tweet <\/a> <\/div>\r\n\t\t                <script>\r\n\t\t\t\t\t    !function(d,s,id) {\r\n\t\t\t\t\t      var js,fjs=d.getElementsByTagName(s)[0];\r\n\t\t\t\t\t      if(!d.getElementById(id)) {\r\n\t\t\t\t\t       js=d.createElement(s);js.id=id;js.src=\"https:\/\/platform.twitter.com\/widgets.js\";fjs.parentNode.insertBefore(js,fjs);\r\n\t\t\t\t\t      }\r\n\t\t\t\t\t    }\r\n\t\t\t\t\t   (document,\"script\",\"twitter-wjs\");\r\n\t\t\t\t\t    <\/script>","protected":false},"excerpt":{"rendered":"<p>Tweet Vendes online. Aquesta setmana, a\u00a0l\u2019Internauta\u00a0de\u00a0Vilaweb\u00a0i\u00a0ElPuntAvuiTV:\u00a0les vendes online,\u00a0en versi\u00f3\u00a0v\u00eddeo,\u00a0\u00e0udio\u00a0i\/o\u00a0text Teniu un recull de tots els articles a\u00a0pensalla.cat Joan Jofra Tots els diumenges a les 15h a\u00a0ElPuntAvuiTV Vendes online. Adam Smith deia que la clau del progr\u00e8s hum\u00e0 es basa en<span class=\"ellipsis\">&hellip;<\/span><\/p>\n<div class=\"read-more\"><a href=\"https:\/\/pensalla.cat\/?p=1518\">Read more <span class=\"screen-reader-text\">Les claus de la crisi del periodisme.<\/span><span class=\"meta-nav\"> &#8250;<\/span><\/a><\/div>\n<p><!-- end of .read-more --><\/p>\n","protected":false},"author":1,"featured_media":0,"comment_status":"open","ping_status":"open","sticky":false,"template":"","format":"standard","meta":{"_exactmetrics_skip_tracking":false,"_exactmetrics_sitenote_active":false,"_exactmetrics_sitenote_note":"","_exactmetrics_sitenote_category":0,"jetpack_post_was_ever_published":false,"_jetpack_newsletter_access":"","_jetpack_dont_email_post_to_subs":false,"_jetpack_newsletter_tier_id":0,"_jetpack_memberships_contains_paywalled_content":false,"_jetpack_memberships_contains_paid_content":false,"footnotes":"","jetpack_publicize_message":"","jetpack_publicize_feature_enabled":true,"jetpack_social_post_already_shared":true,"jetpack_social_options":{"image_generator_settings":{"template":"highway","default_image_id":0,"font":"","enabled":false},"version":2}},"categories":[3],"tags":[],"class_list":["post-1518","post","type-post","status-publish","format-standard","hentry","category-mails"],"aioseo_notices":[],"jetpack_publicize_connections":[],"jetpack_featured_media_url":"","jetpack_sharing_enabled":true,"_links":{"self":[{"href":"https:\/\/pensalla.cat\/index.php?rest_route=\/wp\/v2\/posts\/1518","targetHints":{"allow":["GET"]}}],"collection":[{"href":"https:\/\/pensalla.cat\/index.php?rest_route=\/wp\/v2\/posts"}],"about":[{"href":"https:\/\/pensalla.cat\/index.php?rest_route=\/wp\/v2\/types\/post"}],"author":[{"embeddable":true,"href":"https:\/\/pensalla.cat\/index.php?rest_route=\/wp\/v2\/users\/1"}],"replies":[{"embeddable":true,"href":"https:\/\/pensalla.cat\/index.php?rest_route=%2Fwp%2Fv2%2Fcomments&post=1518"}],"version-history":[{"count":0,"href":"https:\/\/pensalla.cat\/index.php?rest_route=\/wp\/v2\/posts\/1518\/revisions"}],"wp:attachment":[{"href":"https:\/\/pensalla.cat\/index.php?rest_route=%2Fwp%2Fv2%2Fmedia&parent=1518"}],"wp:term":[{"taxonomy":"category","embeddable":true,"href":"https:\/\/pensalla.cat\/index.php?rest_route=%2Fwp%2Fv2%2Fcategories&post=1518"},{"taxonomy":"post_tag","embeddable":true,"href":"https:\/\/pensalla.cat\/index.php?rest_route=%2Fwp%2Fv2%2Ftags&post=1518"}],"curies":[{"name":"wp","href":"https:\/\/api.w.org\/{rel}","templated":true}]}}