{"id":1566,"date":"2016-09-16T07:14:58","date_gmt":"2016-09-16T06:14:58","guid":{"rendered":"http:\/\/pensalla.cat\/?p=1566"},"modified":"2016-09-16T10:24:27","modified_gmt":"2016-09-16T09:24:27","slug":"la-tornada-al-cole","status":"publish","type":"post","link":"https:\/\/pensalla.cat\/?p=1566","title":{"rendered":"La tornada al cole."},"content":{"rendered":"<div style=\"padding-top:0px;\t\r\npadding-right:0px;\r\npadding-bottom:0px;\r\npadding-left:0px;\r\nmargin-top:0px;\r\nmargin-right:0px;\r\nmargin-bottom:0px;\r\nmargin-left:0px;\"><a href=\"https:\/\/twitter.com\/share\" class=\"twitter-share-button\" \r\n\t\t\t\t        data-url=\"https:\/\/pensalla.cat\/?p=1566\" \r\n\t\t\t\t        data-via=\"jjofra\"\r\n\t\t\t\t\t    data-text=\"La tornada al cole.\"\r\n\t\t\t\t\t    data-related=\"\"\r\n\t\t\t\t\t    data-count=\"none\"\r\n\t\t\t\t\t    data-hashtags=\"\"\r\n\t\t\t\t\t    data-lang=\"autoLANGauto\"\r\n\t\t\t\t\t    data-counturl=\"pensalla.cat\"\r\n\t\t\t\t\t    data-size=\"medium\"\r\n\t\t\t\t\t    data-dnt=\"false\"\t> Tweet <\/a> <\/div>\r\n\t\t                <script>\r\n\t\t\t\t\t    !function(d,s,id) {\r\n\t\t\t\t\t      var js,fjs=d.getElementsByTagName(s)[0];\r\n\t\t\t\t\t      if(!d.getElementById(id)) {\r\n\t\t\t\t\t       js=d.createElement(s);js.id=id;js.src=\"https:\/\/platform.twitter.com\/widgets.js\";fjs.parentNode.insertBefore(js,fjs);\r\n\t\t\t\t\t      }\r\n\t\t\t\t\t    }\r\n\t\t\t\t\t   (document,\"script\",\"twitter-wjs\");\r\n\t\t\t\t\t    <\/script><div>&nbsp;<\/div>\n<div>Ja s\u2019han acabat les vacances per tothom, nosaltres tornem i tamb\u00e9 tornen els fills al cole i d\u2019aix\u00f2 en volem parlar avui, de la tornada al cole i coses que segur necessitaran i que, potser, no hi hav\u00edeu pensat.<\/div>\n<div>&nbsp;<\/div>\n<div>No, no us recomanar\u00e9 que els hi compreu el nou iPhone 7, per molt que us diguin que \u00e9s imprescindible per aprovar el curs no us ho creieu, a m\u00e9s, primer heu de tenir-lo vosaltres!<\/div>\n<div>&nbsp;<\/div>\n<div>&nbsp;<\/div>\n<div><b>El problema del Pokemon GO<\/b><\/div>\n<div>&nbsp;<\/div>\n<div>No descobreixo res si dic que l\u2019\u00e8xit de l\u2019estiu ha estat Pokemon GO, l\u2019app m\u00e9s estimada pels fabricants de bateries pels m\u00f2bils per la seva facilitat en descarregar la bateria del m\u00f2bil per l\u2019\u00fas intensiu de la pantalla, del GPS i de les dades.<\/div>\n<div>&nbsp;<\/div>\n<div>Us vull donar la soluci\u00f3 integrada i ecol\u00f2gica pels vostres fills: una motxilla amb carregador solar pel m\u00f2bil del vostre fill, la podeu trobar a <a href=\"https:\/\/www.amazon.es\/XTPower%C2%AE-SP507BL-Mochila-solar-gris\/dp\/B00YAO2BEU\/ref=pd_sim_sbs_107_1?ie=UTF8&amp;psc=1&amp;refRID=EGXF7Q9204N5WZCTRAV6\">Amazon<\/a> per 74,90 \u20ac.<\/div>\n<div>&nbsp;<\/div>\n<div><a href=\"https:\/\/i0.wp.com\/pensalla.cat\/wp-content\/uploads\/2016\/09\/25D84ACF-2BC5-444E-A56B-CCB1892D0A00.png\"><img data-recalc-dims=\"1\" loading=\"lazy\" decoding=\"async\" class=\"aligncenter size-full wp-image-1571\" src=\"https:\/\/i0.wp.com\/pensalla.cat\/wp-content\/uploads\/2016\/09\/25D84ACF-2BC5-444E-A56B-CCB1892D0A00.png?resize=313%2C351\" alt=\"25d84acf-2bc5-444e-a56b-ccb1892d0a00\" width=\"313\" height=\"351\" srcset=\"https:\/\/i0.wp.com\/pensalla.cat\/wp-content\/uploads\/2016\/09\/25D84ACF-2BC5-444E-A56B-CCB1892D0A00.png?w=313&amp;ssl=1 313w, https:\/\/i0.wp.com\/pensalla.cat\/wp-content\/uploads\/2016\/09\/25D84ACF-2BC5-444E-A56B-CCB1892D0A00.png?resize=268%2C300&amp;ssl=1 268w, https:\/\/i0.wp.com\/pensalla.cat\/wp-content\/uploads\/2016\/09\/25D84ACF-2BC5-444E-A56B-CCB1892D0A00.png?resize=100%2C112&amp;ssl=1 100w, https:\/\/i0.wp.com\/pensalla.cat\/wp-content\/uploads\/2016\/09\/25D84ACF-2BC5-444E-A56B-CCB1892D0A00.png?resize=150%2C168&amp;ssl=1 150w, https:\/\/i0.wp.com\/pensalla.cat\/wp-content\/uploads\/2016\/09\/25D84ACF-2BC5-444E-A56B-CCB1892D0A00.png?resize=200%2C224&amp;ssl=1 200w, https:\/\/i0.wp.com\/pensalla.cat\/wp-content\/uploads\/2016\/09\/25D84ACF-2BC5-444E-A56B-CCB1892D0A00.png?resize=300%2C336&amp;ssl=1 300w\" sizes=\"auto, (max-width: 313px) 100vw, 313px\" \/><\/a><\/div>\n<div>&nbsp;<\/div>\n<div>&nbsp;<\/div>\n<div>O aquesta altra, tamb\u00e9 a <a href=\"https:\/\/www.amazon.es\/TLB%C2%A0-%C2%A0Cargador-solar-1200%C2%A0Mha-bolsa-dos\/dp\/B01BW2MR3M\/ref=sr_1_118?s=electronics&amp;ie=UTF8&amp;qid=1473702799&amp;sr=1-118\">l\u2019Amazon<\/a>, una mica m\u00e9s cridanera:<\/div>\n<div>&nbsp;<\/div>\n<div><a href=\"https:\/\/i0.wp.com\/pensalla.cat\/wp-content\/uploads\/2016\/09\/6522CE30-D86E-4BD6-BFC1-2E495C72C5A5.png\"><img data-recalc-dims=\"1\" loading=\"lazy\" decoding=\"async\" class=\"aligncenter size-full wp-image-1573\" src=\"https:\/\/i0.wp.com\/pensalla.cat\/wp-content\/uploads\/2016\/09\/6522CE30-D86E-4BD6-BFC1-2E495C72C5A5.png?resize=335%2C342\" alt=\"6522ce30-d86e-4bd6-bfc1-2e495c72c5a5\" width=\"335\" height=\"342\" srcset=\"https:\/\/i0.wp.com\/pensalla.cat\/wp-content\/uploads\/2016\/09\/6522CE30-D86E-4BD6-BFC1-2E495C72C5A5.png?w=335&amp;ssl=1 335w, https:\/\/i0.wp.com\/pensalla.cat\/wp-content\/uploads\/2016\/09\/6522CE30-D86E-4BD6-BFC1-2E495C72C5A5.png?resize=294%2C300&amp;ssl=1 294w, https:\/\/i0.wp.com\/pensalla.cat\/wp-content\/uploads\/2016\/09\/6522CE30-D86E-4BD6-BFC1-2E495C72C5A5.png?resize=100%2C102&amp;ssl=1 100w, https:\/\/i0.wp.com\/pensalla.cat\/wp-content\/uploads\/2016\/09\/6522CE30-D86E-4BD6-BFC1-2E495C72C5A5.png?resize=150%2C153&amp;ssl=1 150w, https:\/\/i0.wp.com\/pensalla.cat\/wp-content\/uploads\/2016\/09\/6522CE30-D86E-4BD6-BFC1-2E495C72C5A5.png?resize=200%2C204&amp;ssl=1 200w, https:\/\/i0.wp.com\/pensalla.cat\/wp-content\/uploads\/2016\/09\/6522CE30-D86E-4BD6-BFC1-2E495C72C5A5.png?resize=300%2C306&amp;ssl=1 300w\" sizes=\"auto, (max-width: 335px) 100vw, 335px\" \/><\/a><\/div>\n<div>&nbsp;<\/div>\n<div>&nbsp;<\/div>\n<div>i no us penseu, n\u2019hi ha tamb\u00e9 pels grans, per portar l\u2019ordinador o l\u2019iPad i un parell de papers, tamb\u00e9 a <a href=\"https:\/\/www.amazon.es\/SunnyBAG-Faction-cargador-integrado-naranja\/dp\/B00GMJVP6Q\">Amazon<\/a> en diferents colors<\/div>\n<div>&nbsp;<\/div>\n<div><a href=\"https:\/\/i0.wp.com\/pensalla.cat\/wp-content\/uploads\/2016\/09\/6CA08261-C7CF-4A01-9BA7-C6C8C298C629.png\"><img data-recalc-dims=\"1\" loading=\"lazy\" decoding=\"async\" class=\"aligncenter size-full wp-image-1569\" src=\"https:\/\/i0.wp.com\/pensalla.cat\/wp-content\/uploads\/2016\/09\/6CA08261-C7CF-4A01-9BA7-C6C8C298C629.png?resize=296%2C290\" alt=\"6ca08261-c7cf-4a01-9ba7-c6c8c298c629\" width=\"296\" height=\"290\" srcset=\"https:\/\/i0.wp.com\/pensalla.cat\/wp-content\/uploads\/2016\/09\/6CA08261-C7CF-4A01-9BA7-C6C8C298C629.png?w=296&amp;ssl=1 296w, https:\/\/i0.wp.com\/pensalla.cat\/wp-content\/uploads\/2016\/09\/6CA08261-C7CF-4A01-9BA7-C6C8C298C629.png?resize=100%2C98&amp;ssl=1 100w, https:\/\/i0.wp.com\/pensalla.cat\/wp-content\/uploads\/2016\/09\/6CA08261-C7CF-4A01-9BA7-C6C8C298C629.png?resize=150%2C147&amp;ssl=1 150w, https:\/\/i0.wp.com\/pensalla.cat\/wp-content\/uploads\/2016\/09\/6CA08261-C7CF-4A01-9BA7-C6C8C298C629.png?resize=200%2C196&amp;ssl=1 200w\" sizes=\"auto, (max-width: 296px) 100vw, 296px\" \/><\/a><\/div>\n<div>&nbsp;<\/div>\n<div>&nbsp;<\/div>\n<div>i trobareu preus xinesos per a les motxilles a <a href=\"https:\/\/www.aliexpress.com\/popular\/backpack-solar-battery-charger.html?src=google&amp;albch=search&amp;acnt=479-062-3723&amp;isdl=y&amp;aff_short_key=UneMJZVf&amp;albcp=266121556&amp;albag=7593673036&amp;slnk=&amp;trgt=dsa-42862830006&amp;plac=&amp;crea=64152518716&amp;netw=g&amp;device=c&amp;mtctp=b&amp;memo1=1t1&amp;gclid=Cj0KEQjwpNm-BRCJ3rDNmOuKi9IBEiQAlzDJH_azzJoZbRzzfVVrgGwCABFYhFpTbLkxvJZmkW0BloMaAtiz8P8HAQ\">AliExpress<\/a><\/div>\n<div>&nbsp;<\/div>\n<div>&nbsp;<\/div>\n<div>&nbsp;<\/div>\n<div>&nbsp;<\/div>\n<div><b>La pilota<\/b><\/div>\n<div>&nbsp;<\/div>\n<div>Vosaltres est\u00e0veu conven\u00e7uts de qu\u00e8 si el vostre fill anava al cole amb la darrera pilota del Bar\u00e7a de Nike, comprada a la botiga oficial o al <a href=\"https:\/\/www.decathlon.es\/balon-futbol-fc-barcelona-nike-2015-2016--id_8341921.html\">Decathlon<\/a> \u00a0per 24,99 \u20ac, seria qui s\u2019emportaria els millors companys al seu equip del pati, doncs aix\u00f2 ja est\u00e0 superat.<\/div>\n<div>&nbsp;<\/div>\n<div>Els d\u2019Adidas han tret \u2018<a href=\"http:\/\/www.adidas.es\/micoach-smart-ball\/G83963.html\">Micoach Smart Ball\u2019<\/a> amb un sensor integrat que et diu tot el que necessites per xutar, per regatejar, per millorar el control de la pilota perqu\u00e8 el sensor, connectat al tel\u00e8fon (nom\u00e9s iPhone), et diu la velocitat, la for\u00e7a d\u2019impacte, el vol, etc. i ho compara amb v\u00eddeos d\u2019exemple. Les bateries duren 2.000 xuts!<\/div>\n<div>&nbsp;<\/div>\n<div>&nbsp;<\/div>\n<div><a href=\"https:\/\/i0.wp.com\/pensalla.cat\/wp-content\/uploads\/2016\/09\/B4F50F0E-8AA6-486D-BBC6-EECE5FE0A439.png\"><img data-recalc-dims=\"1\" loading=\"lazy\" decoding=\"async\" class=\"aligncenter size-full wp-image-1574\" src=\"https:\/\/i0.wp.com\/pensalla.cat\/wp-content\/uploads\/2016\/09\/B4F50F0E-8AA6-486D-BBC6-EECE5FE0A439.png?resize=491%2C484\" alt=\"b4f50f0e-8aa6-486d-bbc6-eece5fe0a439\" width=\"491\" height=\"484\" srcset=\"https:\/\/i0.wp.com\/pensalla.cat\/wp-content\/uploads\/2016\/09\/B4F50F0E-8AA6-486D-BBC6-EECE5FE0A439.png?w=491&amp;ssl=1 491w, https:\/\/i0.wp.com\/pensalla.cat\/wp-content\/uploads\/2016\/09\/B4F50F0E-8AA6-486D-BBC6-EECE5FE0A439.png?resize=300%2C296&amp;ssl=1 300w, https:\/\/i0.wp.com\/pensalla.cat\/wp-content\/uploads\/2016\/09\/B4F50F0E-8AA6-486D-BBC6-EECE5FE0A439.png?resize=100%2C99&amp;ssl=1 100w, https:\/\/i0.wp.com\/pensalla.cat\/wp-content\/uploads\/2016\/09\/B4F50F0E-8AA6-486D-BBC6-EECE5FE0A439.png?resize=150%2C148&amp;ssl=1 150w, https:\/\/i0.wp.com\/pensalla.cat\/wp-content\/uploads\/2016\/09\/B4F50F0E-8AA6-486D-BBC6-EECE5FE0A439.png?resize=200%2C197&amp;ssl=1 200w, https:\/\/i0.wp.com\/pensalla.cat\/wp-content\/uploads\/2016\/09\/B4F50F0E-8AA6-486D-BBC6-EECE5FE0A439.png?resize=450%2C444&amp;ssl=1 450w\" sizes=\"auto, (max-width: 491px) 100vw, 491px\" \/><\/a><\/div>\n<div>&nbsp;<\/div>\n<div>&nbsp;<\/div>\n<div>&nbsp;<\/div>\n<div>&nbsp;<\/div>\n<div><b>Els auriculars<\/b><\/div>\n<div>&nbsp;<\/div>\n<div>Perqu\u00e8 els vostres fills es puguin concentrar a l\u2019hora de fer els deures res millor que uns auriculars amb cancel\u00b7laci\u00f3 de soroll, i que sigui cancel\u00b7laci\u00f3 activa (Active Noise Control) i el que fan \u00e9s crear una nova ona ac\u00fastica que sobreposada al soroll extern que ens molesta, el destrueix, encara que no sigui efectiu al 100%.<\/div>\n<div>&nbsp;<\/div>\n<div>SI voleu llegir una mica m\u00e9s, teniu un fant\u00e0stic article dels de <a href=\"http:\/\/www.xataka.com\/audio\/auriculares-con-cancelacion-activa-del-ruido-como-funcionan-ventajas-e-inconvenientes\">Xataka<\/a> que ho explica m\u00e9s t\u00e8cnicament.<\/div>\n<div>&nbsp;<\/div>\n<div>I ja que, m\u00e9s tard o m\u00e9s d\u2019hora, tindran un iPhone 7, estireu-vos i regaleu-li uns auriculars sense fils via bluetooth, si no voleu molt alta fidelitat, b\u00e9 m\u00e9s aviat baixa \ud83d\ude03\u00a0els de <a href=\"https:\/\/www.amazon.es\/POAO-auriculares-Bluetooth-micr%C3%B3fono-cancelaci%C3%B3n\/dp\/B01K1K59W2\/ref=sr_1_6?ie=UTF8&amp;qid=1473706270&amp;sr=8-6&amp;keywords=auriculares+sin+ruido\">POAO tenen a Amazon<\/a> uns auriculars sense cables amb cancel\u00b7laci\u00f3 de soroll per 22,99 \u20ac.<\/div>\n<div>&nbsp;<\/div>\n<div><a href=\"https:\/\/i0.wp.com\/pensalla.cat\/wp-content\/uploads\/2016\/09\/5E6535E7-8F6A-4AB2-9B86-5CFD91D256A1.png\"><img data-recalc-dims=\"1\" loading=\"lazy\" decoding=\"async\" class=\"aligncenter size-full wp-image-1568\" src=\"https:\/\/i0.wp.com\/pensalla.cat\/wp-content\/uploads\/2016\/09\/5E6535E7-8F6A-4AB2-9B86-5CFD91D256A1.png?resize=323%2C342\" alt=\"5e6535e7-8f6a-4ab2-9b86-5cfd91d256a1\" width=\"323\" height=\"342\" srcset=\"https:\/\/i0.wp.com\/pensalla.cat\/wp-content\/uploads\/2016\/09\/5E6535E7-8F6A-4AB2-9B86-5CFD91D256A1.png?w=323&amp;ssl=1 323w, https:\/\/i0.wp.com\/pensalla.cat\/wp-content\/uploads\/2016\/09\/5E6535E7-8F6A-4AB2-9B86-5CFD91D256A1.png?resize=283%2C300&amp;ssl=1 283w, https:\/\/i0.wp.com\/pensalla.cat\/wp-content\/uploads\/2016\/09\/5E6535E7-8F6A-4AB2-9B86-5CFD91D256A1.png?resize=100%2C106&amp;ssl=1 100w, https:\/\/i0.wp.com\/pensalla.cat\/wp-content\/uploads\/2016\/09\/5E6535E7-8F6A-4AB2-9B86-5CFD91D256A1.png?resize=150%2C159&amp;ssl=1 150w, https:\/\/i0.wp.com\/pensalla.cat\/wp-content\/uploads\/2016\/09\/5E6535E7-8F6A-4AB2-9B86-5CFD91D256A1.png?resize=200%2C212&amp;ssl=1 200w, https:\/\/i0.wp.com\/pensalla.cat\/wp-content\/uploads\/2016\/09\/5E6535E7-8F6A-4AB2-9B86-5CFD91D256A1.png?resize=300%2C318&amp;ssl=1 300w\" sizes=\"auto, (max-width: 323px) 100vw, 323px\" \/><\/a><\/div>\n<div>&nbsp;<\/div>\n<div>A l\u2019altre costat, els de <a href=\"https:\/\/www.amazon.es\/PLAY-Bang-Olufsen-BeoPlay-BO1642546\/dp\/B01B45RVHE\/ref=sr_1_3?ie=UTF8&amp;qid=1473708031&amp;sr=8-3&amp;keywords=auriculares+sin+ruido\">Bang &amp; Olufsen<\/a> costen 455,52 \u20ac a Amazon, nom\u00e9s us deixo l\u2019enlla\u00e7 per si de cas us els voleu regalar per vosaltres.<\/div>\n<div>&nbsp;<\/div>\n<div><a href=\"https:\/\/i0.wp.com\/pensalla.cat\/wp-content\/uploads\/2016\/09\/4D6B6D42-93AD-4172-A3E2-A4A398BDC48F.png\"><img data-recalc-dims=\"1\" loading=\"lazy\" decoding=\"async\" src=\"https:\/\/i0.wp.com\/pensalla.cat\/wp-content\/uploads\/2016\/09\/4D6B6D42-93AD-4172-A3E2-A4A398BDC48F.png?resize=278%2C324\" alt=\"4d6b6d42-93ad-4172-a3e2-a4a398bdc48f\" width=\"278\" height=\"324\" class=\"aligncenter size-full wp-image-1567\" srcset=\"https:\/\/i0.wp.com\/pensalla.cat\/wp-content\/uploads\/2016\/09\/4D6B6D42-93AD-4172-A3E2-A4A398BDC48F.png?w=278&amp;ssl=1 278w, https:\/\/i0.wp.com\/pensalla.cat\/wp-content\/uploads\/2016\/09\/4D6B6D42-93AD-4172-A3E2-A4A398BDC48F.png?resize=257%2C300&amp;ssl=1 257w, https:\/\/i0.wp.com\/pensalla.cat\/wp-content\/uploads\/2016\/09\/4D6B6D42-93AD-4172-A3E2-A4A398BDC48F.png?resize=100%2C117&amp;ssl=1 100w, https:\/\/i0.wp.com\/pensalla.cat\/wp-content\/uploads\/2016\/09\/4D6B6D42-93AD-4172-A3E2-A4A398BDC48F.png?resize=150%2C175&amp;ssl=1 150w, https:\/\/i0.wp.com\/pensalla.cat\/wp-content\/uploads\/2016\/09\/4D6B6D42-93AD-4172-A3E2-A4A398BDC48F.png?resize=200%2C233&amp;ssl=1 200w\" sizes=\"auto, (max-width: 278px) 100vw, 278px\" \/><\/a><\/div>\n<div>&nbsp;<\/div>\n<div>&nbsp;<\/div>\n<div><b>Altaveus Bluetooth<\/b><\/div>\n<div>&nbsp;<\/div>\n<div>Si volen que tothom escolti la m\u00fasica, necessitaran uns altaveus bluetooth i, per ser precavits, penseu en un que es pugui mullar- Per mi, el millor, de totes totes, \u00e9s el d\u2019<a href=\"http:\/\/www.alteclansing.com\/en\/al-products\/the-mini-life-jacket-3\/\">Altec Lansing<\/a>, \u00e9s a prova d\u2019aigua, de pols, de sorra, de cops, de neu i FLOTA!<\/div>\n<div>&nbsp;<\/div>\n<div>&nbsp;<\/div>\n<div><a href=\"https:\/\/i0.wp.com\/pensalla.cat\/wp-content\/uploads\/2016\/09\/CE8A10E1-C05F-452D-9C3B-2533EB91C85B.png\"><img data-recalc-dims=\"1\" loading=\"lazy\" decoding=\"async\" class=\"aligncenter size-full wp-image-1576\" src=\"https:\/\/i0.wp.com\/pensalla.cat\/wp-content\/uploads\/2016\/09\/CE8A10E1-C05F-452D-9C3B-2533EB91C85B.png?resize=525%2C219\" alt=\"ce8a10e1-c05f-452d-9c3b-2533eb91c85b\" width=\"525\" height=\"219\" srcset=\"https:\/\/i0.wp.com\/pensalla.cat\/wp-content\/uploads\/2016\/09\/CE8A10E1-C05F-452D-9C3B-2533EB91C85B.png?w=525&amp;ssl=1 525w, https:\/\/i0.wp.com\/pensalla.cat\/wp-content\/uploads\/2016\/09\/CE8A10E1-C05F-452D-9C3B-2533EB91C85B.png?resize=300%2C125&amp;ssl=1 300w, https:\/\/i0.wp.com\/pensalla.cat\/wp-content\/uploads\/2016\/09\/CE8A10E1-C05F-452D-9C3B-2533EB91C85B.png?resize=100%2C42&amp;ssl=1 100w, https:\/\/i0.wp.com\/pensalla.cat\/wp-content\/uploads\/2016\/09\/CE8A10E1-C05F-452D-9C3B-2533EB91C85B.png?resize=150%2C63&amp;ssl=1 150w, https:\/\/i0.wp.com\/pensalla.cat\/wp-content\/uploads\/2016\/09\/CE8A10E1-C05F-452D-9C3B-2533EB91C85B.png?resize=200%2C83&amp;ssl=1 200w, https:\/\/i0.wp.com\/pensalla.cat\/wp-content\/uploads\/2016\/09\/CE8A10E1-C05F-452D-9C3B-2533EB91C85B.png?resize=450%2C188&amp;ssl=1 450w\" sizes=\"auto, (max-width: 525px) 100vw, 525px\" \/><\/a><\/div>\n<div>&nbsp;<\/div>\n<div>&nbsp;<\/div>\n<div>&nbsp;<\/div>\n<div><b>Un teclat<\/b><\/div>\n<div>&nbsp;<\/div>\n<div>Un detall molt b\u00e9 de preu \u00e9s regar-li un nou teclat sense fils pel seu ordinador o b\u00e9 pel seu iPad o tauleta Android, al ser bluetooth poden servir per als dos, hi ha teclats que tenen un sistema per anar canviant d\u2019ordinador a tauleta o a tel\u00e8fon sense haver de fer el fam\u00f3s \u2018pairing\u2019 cada vegada.<\/div>\n<div>&nbsp;<\/div>\n<div>Els <a href=\"https:\/\/es.aliexpress.com\/item\/Original-Aluminum-Ultra-Slim-Mini-Wireless-Bluetooth-Keyboard-for-Windows-Android-IOS-PC-Smart-Phones-100\/32594361851.html?source=%7Bifdyn:dyn%7D%7Bifpla:pla%7D%7Bifdbm:DBM&amp;albch=DID%7D&amp;src=google&amp;albch=shopping&amp;acnt=494-037-6276&amp;isdl=y&amp;aff_short_key=UneMJZVf&amp;albcp=656404235&amp;albag=34995451324&amp;slnk=&amp;trgt=87981925924&amp;plac=&amp;crea=es32594361851&amp;netw=g&amp;device=c&amp;mtctp=&amp;gclid=Cj0KEQjwx96-BRDyzY3GqcqZgcgBEiQANHd-npm4fKhZ9iAHROOQZp0BKVqekbteCA2PT1K0YVKoyAoaAoNP8P8HAQ\">d\u2019AliBaba<\/a> en tenen un, c\u00f2pia descarada del d&#8217;Apple per 9,67\u20ac + 1,03\u20ac de transport, el d\u2019Apple costa 119\u20ac, aquest \u00e9s sense la \u00d1, per\u00f2 si algun dia la necessiteu, hi ha combinacions de teclat \ud83d\ude42<\/div>\n<div>&nbsp;<\/div>\n<div><a href=\"https:\/\/i0.wp.com\/pensalla.cat\/wp-content\/uploads\/2016\/09\/08B17BDE-6E82-4F5A-95F6-6EB25E114856.png\"><img data-recalc-dims=\"1\" loading=\"lazy\" decoding=\"async\" class=\"aligncenter size-full wp-image-1570\" src=\"https:\/\/i0.wp.com\/pensalla.cat\/wp-content\/uploads\/2016\/09\/08B17BDE-6E82-4F5A-95F6-6EB25E114856.png?resize=499%2C197\" alt=\"08b17bde-6e82-4f5a-95f6-6eb25e114856\" width=\"499\" height=\"197\" srcset=\"https:\/\/i0.wp.com\/pensalla.cat\/wp-content\/uploads\/2016\/09\/08B17BDE-6E82-4F5A-95F6-6EB25E114856.png?w=499&amp;ssl=1 499w, https:\/\/i0.wp.com\/pensalla.cat\/wp-content\/uploads\/2016\/09\/08B17BDE-6E82-4F5A-95F6-6EB25E114856.png?resize=300%2C118&amp;ssl=1 300w, https:\/\/i0.wp.com\/pensalla.cat\/wp-content\/uploads\/2016\/09\/08B17BDE-6E82-4F5A-95F6-6EB25E114856.png?resize=100%2C39&amp;ssl=1 100w, https:\/\/i0.wp.com\/pensalla.cat\/wp-content\/uploads\/2016\/09\/08B17BDE-6E82-4F5A-95F6-6EB25E114856.png?resize=150%2C59&amp;ssl=1 150w, https:\/\/i0.wp.com\/pensalla.cat\/wp-content\/uploads\/2016\/09\/08B17BDE-6E82-4F5A-95F6-6EB25E114856.png?resize=200%2C79&amp;ssl=1 200w, https:\/\/i0.wp.com\/pensalla.cat\/wp-content\/uploads\/2016\/09\/08B17BDE-6E82-4F5A-95F6-6EB25E114856.png?resize=450%2C178&amp;ssl=1 450w\" sizes=\"auto, (max-width: 499px) 100vw, 499px\" \/><\/a><\/div>\n<div>&nbsp;<\/div>\n<div>&nbsp;<\/div>\n<div>Un teclat amb funda de Logitech pel vostre iPad us pot costar <a href=\"https:\/\/www.amazon.es\/dp\/B00UFJLX20\/ref=asc_df_B00UFJLX2036368098\/?tag=googshopes-21&amp;creative=24514&amp;creativeASIN=B00UFJLX20&amp;linkCode=df0&amp;hvdev=c&amp;hvnetw=g&amp;hvqmt=\">32,99 \u20ac a Amazon<\/a>, si remeneu, en trobareu per gaireb\u00e9 totes les tauletes Android del mercat.<\/div>\n<div>&nbsp;<\/div>\n<div><a href=\"https:\/\/i0.wp.com\/pensalla.cat\/wp-content\/uploads\/2016\/09\/4466CC37-D68D-4ABB-A278-8D96CF64FDB5.png\"><img data-recalc-dims=\"1\" loading=\"lazy\" decoding=\"async\" class=\"aligncenter size-full wp-image-1572\" src=\"https:\/\/i0.wp.com\/pensalla.cat\/wp-content\/uploads\/2016\/09\/4466CC37-D68D-4ABB-A278-8D96CF64FDB5.png?resize=320%2C287\" alt=\"4466cc37-d68d-4abb-a278-8d96cf64fdb5\" width=\"320\" height=\"287\" srcset=\"https:\/\/i0.wp.com\/pensalla.cat\/wp-content\/uploads\/2016\/09\/4466CC37-D68D-4ABB-A278-8D96CF64FDB5.png?w=320&amp;ssl=1 320w, https:\/\/i0.wp.com\/pensalla.cat\/wp-content\/uploads\/2016\/09\/4466CC37-D68D-4ABB-A278-8D96CF64FDB5.png?resize=300%2C269&amp;ssl=1 300w, https:\/\/i0.wp.com\/pensalla.cat\/wp-content\/uploads\/2016\/09\/4466CC37-D68D-4ABB-A278-8D96CF64FDB5.png?resize=100%2C90&amp;ssl=1 100w, https:\/\/i0.wp.com\/pensalla.cat\/wp-content\/uploads\/2016\/09\/4466CC37-D68D-4ABB-A278-8D96CF64FDB5.png?resize=150%2C135&amp;ssl=1 150w, https:\/\/i0.wp.com\/pensalla.cat\/wp-content\/uploads\/2016\/09\/4466CC37-D68D-4ABB-A278-8D96CF64FDB5.png?resize=200%2C179&amp;ssl=1 200w\" sizes=\"auto, (max-width: 320px) 100vw, 320px\" \/><\/a><\/div>\n<div>&nbsp;<\/div>\n<div>&nbsp;<\/div>\n<div><b>Un disc dur extern<\/b><\/div>\n<div>&nbsp;<\/div>\n<div>Aix\u00f2 \u00e9s un article meu, aix\u00ed que no podia deixar de recomanar un bon disc dur extern que els hi permeti, als vostres fills, fer c\u00f2pies de seguretat de les dades del seu ordinador!<\/div>\n<div>&nbsp;<\/div>\n<div>Els de Seagate tenen la l\u00ednia <a href=\"http:\/\/www.seagate.com\/es\/es\/consumer\/backup\/backup-plus\/?cmpid=friendly-_-backup-plus-slim\">Slim<\/a>\u00a0(12,1 mm d\u2019ample) amb preus de 65 a 110 \u20ac en funci\u00f3 de la capacitat, i la l\u00ednia UltraSlim (de 9,6 mm d\u2019ample) de 90 a 120 \u20ac, preus de tarifa que segur trobareu rebaixats per la xarxa.<\/div>\n<div>&nbsp;<\/div>\n<div>&nbsp;<\/div>\n<div><a href=\"https:\/\/i0.wp.com\/pensalla.cat\/wp-content\/uploads\/2016\/09\/B49716F6-B732-4D6B-BAF9-09CD11243518.png\"><img data-recalc-dims=\"1\" loading=\"lazy\" decoding=\"async\" class=\"aligncenter size-full wp-image-1575\" src=\"https:\/\/i0.wp.com\/pensalla.cat\/wp-content\/uploads\/2016\/09\/B49716F6-B732-4D6B-BAF9-09CD11243518.png?resize=390%2C177\" alt=\"b49716f6-b732-4d6b-baf9-09cd11243518\" width=\"390\" height=\"177\" srcset=\"https:\/\/i0.wp.com\/pensalla.cat\/wp-content\/uploads\/2016\/09\/B49716F6-B732-4D6B-BAF9-09CD11243518.png?w=390&amp;ssl=1 390w, https:\/\/i0.wp.com\/pensalla.cat\/wp-content\/uploads\/2016\/09\/B49716F6-B732-4D6B-BAF9-09CD11243518.png?resize=300%2C136&amp;ssl=1 300w, https:\/\/i0.wp.com\/pensalla.cat\/wp-content\/uploads\/2016\/09\/B49716F6-B732-4D6B-BAF9-09CD11243518.png?resize=100%2C45&amp;ssl=1 100w, https:\/\/i0.wp.com\/pensalla.cat\/wp-content\/uploads\/2016\/09\/B49716F6-B732-4D6B-BAF9-09CD11243518.png?resize=150%2C68&amp;ssl=1 150w, https:\/\/i0.wp.com\/pensalla.cat\/wp-content\/uploads\/2016\/09\/B49716F6-B732-4D6B-BAF9-09CD11243518.png?resize=200%2C91&amp;ssl=1 200w\" sizes=\"auto, (max-width: 390px) 100vw, 390px\" \/><\/a><\/div>\n<div>&nbsp;<\/div>\n<div>&nbsp;<\/div>\n<div>&nbsp;<\/div>\n<div>&nbsp;<\/div>\n<div>&nbsp;<\/div>\n<div>&nbsp;<\/div>\n<div style=\"padding-top:0px;\t\r\npadding-right:0px;\r\npadding-bottom:0px;\r\npadding-left:0px;\r\nmargin-top:0px;\r\nmargin-right:0px;\r\nmargin-bottom:0px;\r\nmargin-left:0px;\"><a href=\"https:\/\/twitter.com\/share\" class=\"twitter-share-button\" \r\n\t\t\t\t        data-url=\"https:\/\/pensalla.cat\/?p=1566\" \r\n\t\t\t\t        data-via=\"jjofra\"\r\n\t\t\t\t\t    data-text=\"La tornada al cole.\"\r\n\t\t\t\t\t    data-related=\"\"\r\n\t\t\t\t\t    data-count=\"none\"\r\n\t\t\t\t\t    data-hashtags=\"\"\r\n\t\t\t\t\t    data-lang=\"autoLANGauto\"\r\n\t\t\t\t\t    data-counturl=\"pensalla.cat\"\r\n\t\t\t\t\t    data-size=\"medium\"\r\n\t\t\t\t\t    data-dnt=\"false\"\t> Tweet <\/a> <\/div>\r\n\t\t                <script>\r\n\t\t\t\t\t    !function(d,s,id) {\r\n\t\t\t\t\t      var js,fjs=d.getElementsByTagName(s)[0];\r\n\t\t\t\t\t      if(!d.getElementById(id)) {\r\n\t\t\t\t\t       js=d.createElement(s);js.id=id;js.src=\"https:\/\/platform.twitter.com\/widgets.js\";fjs.parentNode.insertBefore(js,fjs);\r\n\t\t\t\t\t      }\r\n\t\t\t\t\t    }\r\n\t\t\t\t\t   (document,\"script\",\"twitter-wjs\");\r\n\t\t\t\t\t    <\/script>","protected":false},"excerpt":{"rendered":"<p>Tweet &nbsp; Ja s\u2019han acabat les vacances per tothom, nosaltres tornem i tamb\u00e9 tornen els fills al cole i d\u2019aix\u00f2 en volem parlar avui, de la tornada al cole i coses que segur necessitaran i que, potser, no hi hav\u00edeu<span class=\"ellipsis\">&hellip;<\/span><\/p>\n<div class=\"read-more\"><a href=\"https:\/\/pensalla.cat\/?p=1566\">Read more <span class=\"screen-reader-text\">La tornada al cole.<\/span><span class=\"meta-nav\"> &#8250;<\/span><\/a><\/div>\n<p><!-- end of .read-more --><\/p>\n","protected":false},"author":1,"featured_media":0,"comment_status":"open","ping_status":"open","sticky":false,"template":"","format":"standard","meta":{"_exactmetrics_skip_tracking":false,"_exactmetrics_sitenote_active":false,"_exactmetrics_sitenote_note":"","_exactmetrics_sitenote_category":0,"jetpack_post_was_ever_published":false,"_jetpack_newsletter_access":"","_jetpack_dont_email_post_to_subs":false,"_jetpack_newsletter_tier_id":0,"_jetpack_memberships_contains_paywalled_content":false,"_jetpack_memberships_contains_paid_content":false,"footnotes":"","jetpack_publicize_message":"","jetpack_publicize_feature_enabled":true,"jetpack_social_post_already_shared":true,"jetpack_social_options":{"image_generator_settings":{"template":"highway","default_image_id":0,"font":"","enabled":false},"version":2}},"categories":[2],"tags":[],"class_list":["post-1566","post","type-post","status-publish","format-standard","hentry","category-articles"],"aioseo_notices":[],"jetpack_publicize_connections":[],"jetpack_featured_media_url":"","jetpack_sharing_enabled":true,"_links":{"self":[{"href":"https:\/\/pensalla.cat\/index.php?rest_route=\/wp\/v2\/posts\/1566","targetHints":{"allow":["GET"]}}],"collection":[{"href":"https:\/\/pensalla.cat\/index.php?rest_route=\/wp\/v2\/posts"}],"about":[{"href":"https:\/\/pensalla.cat\/index.php?rest_route=\/wp\/v2\/types\/post"}],"author":[{"embeddable":true,"href":"https:\/\/pensalla.cat\/index.php?rest_route=\/wp\/v2\/users\/1"}],"replies":[{"embeddable":true,"href":"https:\/\/pensalla.cat\/index.php?rest_route=%2Fwp%2Fv2%2Fcomments&post=1566"}],"version-history":[{"count":0,"href":"https:\/\/pensalla.cat\/index.php?rest_route=\/wp\/v2\/posts\/1566\/revisions"}],"wp:attachment":[{"href":"https:\/\/pensalla.cat\/index.php?rest_route=%2Fwp%2Fv2%2Fmedia&parent=1566"}],"wp:term":[{"taxonomy":"category","embeddable":true,"href":"https:\/\/pensalla.cat\/index.php?rest_route=%2Fwp%2Fv2%2Fcategories&post=1566"},{"taxonomy":"post_tag","embeddable":true,"href":"https:\/\/pensalla.cat\/index.php?rest_route=%2Fwp%2Fv2%2Ftags&post=1566"}],"curies":[{"name":"wp","href":"https:\/\/api.w.org\/{rel}","templated":true}]}}