{"id":1758,"date":"2016-12-23T07:09:52","date_gmt":"2016-12-23T06:09:52","guid":{"rendered":"http:\/\/pensalla.cat\/?p=1758"},"modified":"2016-12-23T12:34:35","modified_gmt":"2016-12-23T11:34:35","slug":"1758","status":"publish","type":"post","link":"https:\/\/pensalla.cat\/?p=1758","title":{"rendered":"Imatges digitals per recordar el Nadal"},"content":{"rendered":"<div style=\"padding-top:0px;\t\r\npadding-right:0px;\r\npadding-bottom:0px;\r\npadding-left:0px;\r\nmargin-top:0px;\r\nmargin-right:0px;\r\nmargin-bottom:0px;\r\nmargin-left:0px;\"><a href=\"https:\/\/twitter.com\/share\" class=\"twitter-share-button\" \r\n\t\t\t\t        data-url=\"https:\/\/pensalla.cat\/?p=1758\" \r\n\t\t\t\t        data-via=\"jjofra\"\r\n\t\t\t\t\t    data-text=\"Imatges digitals per recordar el Nadal\"\r\n\t\t\t\t\t    data-related=\"\"\r\n\t\t\t\t\t    data-count=\"none\"\r\n\t\t\t\t\t    data-hashtags=\"\"\r\n\t\t\t\t\t    data-lang=\"autoLANGauto\"\r\n\t\t\t\t\t    data-counturl=\"pensalla.cat\"\r\n\t\t\t\t\t    data-size=\"medium\"\r\n\t\t\t\t\t    data-dnt=\"false\"\t> Tweet <\/a> <\/div>\r\n\t\t                <script>\r\n\t\t\t\t\t    !function(d,s,id) {\r\n\t\t\t\t\t      var js,fjs=d.getElementsByTagName(s)[0];\r\n\t\t\t\t\t      if(!d.getElementById(id)) {\r\n\t\t\t\t\t       js=d.createElement(s);js.id=id;js.src=\"https:\/\/platform.twitter.com\/widgets.js\";fjs.parentNode.insertBefore(js,fjs);\r\n\t\t\t\t\t      }\r\n\t\t\t\t\t    }\r\n\t\t\t\t\t   (document,\"script\",\"twitter-wjs\");\r\n\t\t\t\t\t    <\/script><div>&nbsp;<\/div>\n<div>Ja tenim a sobre les festes, les reunions familiars per alguns o els viatges pels altres, sigui com sigui que celebrem el Nadal segur segur que ens farem un tip de fer fotos, sobretot amb el m\u00f2bil, despr\u00e9s arriba la feina d&#8217;endre\u00e7ar, retocar i compartir\u00a0\u00a0les 4000 fotos que tenim.<\/div>\n<div>&nbsp;<\/div>\n<div>Aplicacions o apps com es coneix col\u00b7loquialment per editar fotografies hi ha, diria que milers, la gran majoria serveixen tant per Android com per IOS i les podrem descarregar en m\u00f2bils o tauletes, tenen versions per a tots els gustos. Val a dir que gaireb\u00e9 b\u00e9 totes disposen de c\u00e0mera, \u00e9s a dir a trav\u00e9s de la mateixa aplicaci\u00f3 hi ha l&#8217;opci\u00f3 de fer fotos i en conseq\u00fc\u00e8ncia aplicar canvis en el moment de prendre la imatge. Per\u00f2 tamb\u00e9\u00a0\u00e9s habitual aplicar els efectes a posteriori.\n<\/div>\n<div>&nbsp;<\/div>\n<div>&nbsp;<\/div>\n<div>&nbsp;<\/div>\n<div>Fa pocs dies Apple va nomenar <a href=\"http:\/\/www.apple.com\/newsroom\/2016\/12\/apple-unveils-best-of-2016-across-apps-music-movies-and-more.html\">les millors Apps de l\u2019any 2016<\/a>, el link \u00e9s de totes les nominacions, de m\u00fasica, d\u2019apps, pel\u00b7l\u00edcules d\u2019iTunes, s\u00e8ries de TV, podcasts i, finalment, iBooks, avui parlar\u00e9 de les dues primeres apps.<\/div>\n<div><\/div>\n<div><a href=\"http:\/\/prisma-ai.com\">Prisma<\/a>, per <a href=\"https:\/\/itunes.apple.com\/us\/app\/prisma-art-photo-editor-free\/id1122649984?mt=8\">IOS<\/a> i <a href=\"https:\/\/play.google.com\/store\/apps\/details?id=com.neuralprisma\">Android<\/a>, \u00e9s\u00a0gratu\u00efta,\u00a0i \u00e9s l\u2019app destacada, la que s\u2019emporta el primer premi i, en\u00a0paraules dels editors d\u2019Apple \u00e9s \u2018too cool for words\u2019, Prisma \u00e9s una app\u00a0per retocar fotos, i si no la\u00a0teniu, heu d\u2019instal\u00b7lar-la ara mateix, Prisma\u00a0us permet transformar les vostres fotos en imatges que semblen quadres, dibuixos, dissenys japonesos, tot aix\u00f2\u00a0amb molts estils per poder escollir, de fet el principal problema que us plantejar\u00e0 ser\u00e0 quin estil escollir.<\/div>\n<div>&nbsp;<\/div>\n<div>I, per si no era prou bona, a les darreres versions han afegit suport per tunejar els v\u00eddeos.<\/div>\n<div>&nbsp;<\/div>\n<div>Un defecte que li he trobat, per buscar-ne un, \u00e9s que us far\u00e0 perdre molt temps jugant amb totes les opcions que t\u00e9.<\/div>\n<div>&nbsp;<\/div>\n<div>&nbsp;<\/div>\n<div><a href=\"https:\/\/i0.wp.com\/pensalla.cat\/wp-content\/uploads\/2016\/12\/DD29A6CB-3648-4D16-87FB-F400F58CDB6F.jpg\"><img data-recalc-dims=\"1\" loading=\"lazy\" decoding=\"async\" class=\"aligncenter size-full wp-image-1770\" src=\"https:\/\/i0.wp.com\/pensalla.cat\/wp-content\/uploads\/2016\/12\/DD29A6CB-3648-4D16-87FB-F400F58CDB6F.jpg?resize=392%2C696\" alt=\"\" width=\"392\" height=\"696\" srcset=\"https:\/\/i0.wp.com\/pensalla.cat\/wp-content\/uploads\/2016\/12\/DD29A6CB-3648-4D16-87FB-F400F58CDB6F.jpg?w=392&amp;ssl=1 392w, https:\/\/i0.wp.com\/pensalla.cat\/wp-content\/uploads\/2016\/12\/DD29A6CB-3648-4D16-87FB-F400F58CDB6F.jpg?resize=169%2C300&amp;ssl=1 169w, https:\/\/i0.wp.com\/pensalla.cat\/wp-content\/uploads\/2016\/12\/DD29A6CB-3648-4D16-87FB-F400F58CDB6F.jpg?resize=100%2C178&amp;ssl=1 100w, https:\/\/i0.wp.com\/pensalla.cat\/wp-content\/uploads\/2016\/12\/DD29A6CB-3648-4D16-87FB-F400F58CDB6F.jpg?resize=150%2C266&amp;ssl=1 150w, https:\/\/i0.wp.com\/pensalla.cat\/wp-content\/uploads\/2016\/12\/DD29A6CB-3648-4D16-87FB-F400F58CDB6F.jpg?resize=200%2C355&amp;ssl=1 200w, https:\/\/i0.wp.com\/pensalla.cat\/wp-content\/uploads\/2016\/12\/DD29A6CB-3648-4D16-87FB-F400F58CDB6F.jpg?resize=300%2C533&amp;ssl=1 300w\" sizes=\"auto, (max-width: 392px) 100vw, 392px\" \/><\/a><\/p>\n<\/div>\n<div>&nbsp;<\/div>\n<div>&nbsp;<\/div>\n<div>&nbsp;<\/div>\n<div>La segona app a la llista de les millors apps d\u2019Apple pel 2016 \u00e9s MSQRD, que s\u00f3n les consonants de Masquerade.<\/div>\n<div>&nbsp;<\/div>\n<div><a href=\"http:\/\/msqrd.me\">MSQRD<\/a>, tamb\u00e9 gratu\u00efta i tamb\u00e9 per <a href=\"https:\/\/itunes.apple.com\/us\/app\/msqrd-live-filters-for-video\/id1065249424?mt=8\">IOS<\/a> i <a href=\"https:\/\/play.google.com\/store\/apps\/details?id=me.msqrd.android\">Android<\/a>, us permet enregistrar v\u00eddeo selfies que podeu compartir a les xarxes socials, per\u00f2, i aqu\u00ed est\u00e0 el m\u00e8rit, li afegeix efectes similars als d\u2019Snapchat, de forma que pot convertir la vostra cara en una mona o en la Hillary Clinton i moltes altres coses que us podeu imaginar, o no.<\/div>\n<div>&nbsp;<\/div>\n<div>No compartir\u00e9 aqu\u00ed les proves que he fet per explicar-vos aquesta app, per\u00f2 al v\u00eddeo del programa podeu veure les proves que vaig fer amb en Josep Rexach, pobre, aqu\u00ed\u00a0us en posar\u00e9 una de les que hi ha a la p\u00e0gina de l&#8217;app:<\/div>\n<div>&nbsp;<\/div>\n<div>&nbsp;<\/div>\n<div><a href=\"https:\/\/i0.wp.com\/pensalla.cat\/wp-content\/uploads\/2016\/12\/85E268C6-14E4-4B82-BC30-DC89E9690482.jpg\"><img data-recalc-dims=\"1\" loading=\"lazy\" decoding=\"async\" class=\"aligncenter size-full wp-image-1763\" src=\"https:\/\/i0.wp.com\/pensalla.cat\/wp-content\/uploads\/2016\/12\/85E268C6-14E4-4B82-BC30-DC89E9690482.jpg?resize=392%2C696\" alt=\"\" width=\"392\" height=\"696\" srcset=\"https:\/\/i0.wp.com\/pensalla.cat\/wp-content\/uploads\/2016\/12\/85E268C6-14E4-4B82-BC30-DC89E9690482.jpg?w=392&amp;ssl=1 392w, https:\/\/i0.wp.com\/pensalla.cat\/wp-content\/uploads\/2016\/12\/85E268C6-14E4-4B82-BC30-DC89E9690482.jpg?resize=169%2C300&amp;ssl=1 169w, https:\/\/i0.wp.com\/pensalla.cat\/wp-content\/uploads\/2016\/12\/85E268C6-14E4-4B82-BC30-DC89E9690482.jpg?resize=100%2C178&amp;ssl=1 100w, https:\/\/i0.wp.com\/pensalla.cat\/wp-content\/uploads\/2016\/12\/85E268C6-14E4-4B82-BC30-DC89E9690482.jpg?resize=150%2C266&amp;ssl=1 150w, https:\/\/i0.wp.com\/pensalla.cat\/wp-content\/uploads\/2016\/12\/85E268C6-14E4-4B82-BC30-DC89E9690482.jpg?resize=200%2C355&amp;ssl=1 200w, https:\/\/i0.wp.com\/pensalla.cat\/wp-content\/uploads\/2016\/12\/85E268C6-14E4-4B82-BC30-DC89E9690482.jpg?resize=300%2C533&amp;ssl=1 300w\" sizes=\"auto, (max-width: 392px) 100vw, 392px\" \/><\/a><\/p>\n<\/div>\n<div>&nbsp;<\/div>\n<div>&nbsp;<\/div>\n<div>&nbsp;<\/div>\n<div>Comenceu a entendre per qu\u00e8 us he dit que far\u00edeu moltes fotos aquest Nadal?<\/div>\n<div>&nbsp;<\/div>\n<div>&nbsp;<\/div>\n<div>I qu\u00e8 podeu fer amb les fotos ara que ve el 2017?, exactament aix\u00f2, un calendari i per fer un calendari podeu fer servir <a href=\"https:\/\/itunes.apple.com\/us\/app\/photocal-photo-calendar-for\/id569792018?mt=8\">PhotoCal<\/a> i quan tingueu el calendari llest nom\u00e9s cal enviar-lo als seus laboratoris perqu\u00e8 us envi\u00efn a casa un calendari impr\u00e8s. Aquesta mateixa gent de <a href=\"https:\/\/booxapp.com\/?utm_source=appstore&amp;utm_medium=appstore&amp;utm_campaign=appstore-photocal\">boox<\/a> tenen apps per crear llibres amb les vostres fotos de Nadal i Reis<\/div>\n<div>&nbsp;<\/div>\n<div>&nbsp;<\/div>\n<div><a href=\"https:\/\/i0.wp.com\/pensalla.cat\/wp-content\/uploads\/2016\/12\/814ED3B6-B10B-4E51-B625-272E34B8313C.png\"><img data-recalc-dims=\"1\" loading=\"lazy\" decoding=\"async\" class=\"aligncenter size-full wp-image-1764\" src=\"https:\/\/i0.wp.com\/pensalla.cat\/wp-content\/uploads\/2016\/12\/814ED3B6-B10B-4E51-B625-272E34B8313C.png?resize=392%2C696\" alt=\"\" width=\"392\" height=\"696\" srcset=\"https:\/\/i0.wp.com\/pensalla.cat\/wp-content\/uploads\/2016\/12\/814ED3B6-B10B-4E51-B625-272E34B8313C.png?w=392&amp;ssl=1 392w, https:\/\/i0.wp.com\/pensalla.cat\/wp-content\/uploads\/2016\/12\/814ED3B6-B10B-4E51-B625-272E34B8313C.png?resize=169%2C300&amp;ssl=1 169w, https:\/\/i0.wp.com\/pensalla.cat\/wp-content\/uploads\/2016\/12\/814ED3B6-B10B-4E51-B625-272E34B8313C.png?resize=100%2C178&amp;ssl=1 100w, https:\/\/i0.wp.com\/pensalla.cat\/wp-content\/uploads\/2016\/12\/814ED3B6-B10B-4E51-B625-272E34B8313C.png?resize=150%2C266&amp;ssl=1 150w, https:\/\/i0.wp.com\/pensalla.cat\/wp-content\/uploads\/2016\/12\/814ED3B6-B10B-4E51-B625-272E34B8313C.png?resize=200%2C355&amp;ssl=1 200w, https:\/\/i0.wp.com\/pensalla.cat\/wp-content\/uploads\/2016\/12\/814ED3B6-B10B-4E51-B625-272E34B8313C.png?resize=300%2C533&amp;ssl=1 300w\" sizes=\"auto, (max-width: 392px) 100vw, 392px\" \/><\/a><\/div>\n<div>&nbsp;<\/div>\n<div>&nbsp;<\/div>\n<div>&nbsp;<\/div>\n<div>Si voleu imprimir-lo a casa, els de <a href=\"https:\/\/itunes.apple.com\/us\/app\/calendar-maker-create-photo\/id954160028?mt=8\">Calendar Maker<\/a> us permeten fer el calendari i endavant!<\/div>\n<div>&nbsp;<\/div>\n<div>&nbsp;<\/div>\n<div><a href=\"https:\/\/i0.wp.com\/pensalla.cat\/wp-content\/uploads\/2016\/12\/C38C3888-7C51-4794-B9FB-75CC224BAC75.png\"><img data-recalc-dims=\"1\" loading=\"lazy\" decoding=\"async\" class=\"aligncenter size-full wp-image-1768\" src=\"https:\/\/i0.wp.com\/pensalla.cat\/wp-content\/uploads\/2016\/12\/C38C3888-7C51-4794-B9FB-75CC224BAC75.png?resize=392%2C696\" alt=\"\" width=\"392\" height=\"696\" srcset=\"https:\/\/i0.wp.com\/pensalla.cat\/wp-content\/uploads\/2016\/12\/C38C3888-7C51-4794-B9FB-75CC224BAC75.png?w=392&amp;ssl=1 392w, https:\/\/i0.wp.com\/pensalla.cat\/wp-content\/uploads\/2016\/12\/C38C3888-7C51-4794-B9FB-75CC224BAC75.png?resize=169%2C300&amp;ssl=1 169w, https:\/\/i0.wp.com\/pensalla.cat\/wp-content\/uploads\/2016\/12\/C38C3888-7C51-4794-B9FB-75CC224BAC75.png?resize=100%2C178&amp;ssl=1 100w, https:\/\/i0.wp.com\/pensalla.cat\/wp-content\/uploads\/2016\/12\/C38C3888-7C51-4794-B9FB-75CC224BAC75.png?resize=150%2C266&amp;ssl=1 150w, https:\/\/i0.wp.com\/pensalla.cat\/wp-content\/uploads\/2016\/12\/C38C3888-7C51-4794-B9FB-75CC224BAC75.png?resize=200%2C355&amp;ssl=1 200w, https:\/\/i0.wp.com\/pensalla.cat\/wp-content\/uploads\/2016\/12\/C38C3888-7C51-4794-B9FB-75CC224BAC75.png?resize=300%2C533&amp;ssl=1 300w\" sizes=\"auto, (max-width: 392px) 100vw, 392px\" \/><\/a><\/div>\n<div>&nbsp;<\/div>\n<div>&nbsp;<\/div>\n<div>Si sou d\u2019Andorid tamb\u00e9 teniu una app, de NEER, que es diu <a href=\"https:\/\/play.google.com\/store\/apps\/details?id=sk.neer.calendarmaker\">Printable wall calendar maker,<\/a>\u00a0per\u00f2 haureu de gastar-vos 0,77 \u20ac i el podeu imprimir mes a mes amb la vostra impressora.<\/div>\n<div>&nbsp;<\/div>\n<div><a href=\"https:\/\/i0.wp.com\/pensalla.cat\/wp-content\/uploads\/2016\/12\/8D13D458-3F54-49CA-9762-4A2FBB2F940E.png\"><img data-recalc-dims=\"1\" loading=\"lazy\" decoding=\"async\" class=\"aligncenter size-full wp-image-1761\" src=\"https:\/\/i0.wp.com\/pensalla.cat\/wp-content\/uploads\/2016\/12\/8D13D458-3F54-49CA-9762-4A2FBB2F940E.png?resize=207%2C310\" alt=\"\" width=\"207\" height=\"310\" srcset=\"https:\/\/i0.wp.com\/pensalla.cat\/wp-content\/uploads\/2016\/12\/8D13D458-3F54-49CA-9762-4A2FBB2F940E.png?w=207&amp;ssl=1 207w, https:\/\/i0.wp.com\/pensalla.cat\/wp-content\/uploads\/2016\/12\/8D13D458-3F54-49CA-9762-4A2FBB2F940E.png?resize=200%2C300&amp;ssl=1 200w, https:\/\/i0.wp.com\/pensalla.cat\/wp-content\/uploads\/2016\/12\/8D13D458-3F54-49CA-9762-4A2FBB2F940E.png?resize=100%2C150&amp;ssl=1 100w, https:\/\/i0.wp.com\/pensalla.cat\/wp-content\/uploads\/2016\/12\/8D13D458-3F54-49CA-9762-4A2FBB2F940E.png?resize=150%2C225&amp;ssl=1 150w\" sizes=\"auto, (max-width: 207px) 100vw, 207px\" \/><\/a><\/div>\n<div>&nbsp;<\/div>\n<div>&nbsp;<\/div>\n<div>&nbsp;<\/div>\n<div>&nbsp;<\/div>\n<div>Les dues apps de foto i v\u00eddeo nominades per Apple\u00a0apliquen filtres pr\u00e8viament creats, les\u00a0altres apps a partir d\u2019aqu\u00ed\u00a0que podeu remenar per veure quina us fa el pes us permeten retocar les fotografies, retallar-les, donar la volta a la foto, ajustar colors o llum o nitidesa, i d\u2019aquestes teniu,\u00a0per exemple:<\/div>\n<div>&nbsp;<\/div>\n<div><a href=\"https:\/\/itunes.apple.com\/us\/app\/perfect-image-pic-collage\/id464660903?mt=8\">Perfect Image<\/a>, per <a href=\"https:\/\/itunes.apple.com\/us\/app\/perfect-image-pic-collage\/id464660903?mt=8\">IOS<\/a>, una de les m\u00e9s senzilles, permet retocar, inserir textos i dibuixos, fer collages, est\u00e0 en angl\u00e8s (i xin\u00e8s) i t\u00e9 molta publicitat \u2026<\/div>\n<div>&nbsp;<\/div>\n<div>&nbsp;<\/div>\n<div><a href=\"https:\/\/i0.wp.com\/pensalla.cat\/wp-content\/uploads\/2016\/12\/AEC914C4-50ED-406D-8E61-E004433D94D5.png\"><img data-recalc-dims=\"1\" loading=\"lazy\" decoding=\"async\" class=\"aligncenter size-full wp-image-1767\" src=\"https:\/\/i0.wp.com\/pensalla.cat\/wp-content\/uploads\/2016\/12\/AEC914C4-50ED-406D-8E61-E004433D94D5.png?resize=394%2C605\" alt=\"\" width=\"394\" height=\"605\" srcset=\"https:\/\/i0.wp.com\/pensalla.cat\/wp-content\/uploads\/2016\/12\/AEC914C4-50ED-406D-8E61-E004433D94D5.png?w=394&amp;ssl=1 394w, https:\/\/i0.wp.com\/pensalla.cat\/wp-content\/uploads\/2016\/12\/AEC914C4-50ED-406D-8E61-E004433D94D5.png?resize=195%2C300&amp;ssl=1 195w, https:\/\/i0.wp.com\/pensalla.cat\/wp-content\/uploads\/2016\/12\/AEC914C4-50ED-406D-8E61-E004433D94D5.png?resize=100%2C154&amp;ssl=1 100w, https:\/\/i0.wp.com\/pensalla.cat\/wp-content\/uploads\/2016\/12\/AEC914C4-50ED-406D-8E61-E004433D94D5.png?resize=150%2C230&amp;ssl=1 150w, https:\/\/i0.wp.com\/pensalla.cat\/wp-content\/uploads\/2016\/12\/AEC914C4-50ED-406D-8E61-E004433D94D5.png?resize=200%2C307&amp;ssl=1 200w, https:\/\/i0.wp.com\/pensalla.cat\/wp-content\/uploads\/2016\/12\/AEC914C4-50ED-406D-8E61-E004433D94D5.png?resize=300%2C461&amp;ssl=1 300w\" sizes=\"auto, (max-width: 394px) 100vw, 394px\" \/><\/a><\/div>\n<div>&nbsp;<\/div>\n<div>&nbsp;<\/div>\n<div>&nbsp;<\/div>\n<div><a href=\"https:\/\/vsco.co\/\">VSCO<\/a>, feta per\u00a0una empresa d\u2019Oakland, CA, t\u00e9 app\u00a0per <a href=\"https:\/\/itunes.apple.com\/us\/app\/vsco\/id588013838?mt=8\">IOS<\/a> i <a href=\"https:\/\/play.google.com\/store\/apps\/details?id=com.vsco.cam&amp;hl=ca\">Android<\/a>, \u00e9s senzilla per\u00f2 fa la feina, t\u00e9 uns retocs de color molt elegants i una comunitat a on compartir fotos de qualitat for\u00e7a interessant.<\/div>\n<div>&nbsp;<\/div>\n<div><a href=\"https:\/\/i0.wp.com\/pensalla.cat\/wp-content\/uploads\/2016\/12\/F76AC953-F984-44D5-9ADD-EFB09DC03053.png\"><img data-recalc-dims=\"1\" loading=\"lazy\" decoding=\"async\" class=\"aligncenter size-full wp-image-1771\" src=\"https:\/\/i0.wp.com\/pensalla.cat\/wp-content\/uploads\/2016\/12\/F76AC953-F984-44D5-9ADD-EFB09DC03053.png?resize=392%2C696\" alt=\"\" width=\"392\" height=\"696\" srcset=\"https:\/\/i0.wp.com\/pensalla.cat\/wp-content\/uploads\/2016\/12\/F76AC953-F984-44D5-9ADD-EFB09DC03053.png?w=392&amp;ssl=1 392w, https:\/\/i0.wp.com\/pensalla.cat\/wp-content\/uploads\/2016\/12\/F76AC953-F984-44D5-9ADD-EFB09DC03053.png?resize=169%2C300&amp;ssl=1 169w, https:\/\/i0.wp.com\/pensalla.cat\/wp-content\/uploads\/2016\/12\/F76AC953-F984-44D5-9ADD-EFB09DC03053.png?resize=100%2C178&amp;ssl=1 100w, https:\/\/i0.wp.com\/pensalla.cat\/wp-content\/uploads\/2016\/12\/F76AC953-F984-44D5-9ADD-EFB09DC03053.png?resize=150%2C266&amp;ssl=1 150w, https:\/\/i0.wp.com\/pensalla.cat\/wp-content\/uploads\/2016\/12\/F76AC953-F984-44D5-9ADD-EFB09DC03053.png?resize=200%2C355&amp;ssl=1 200w, https:\/\/i0.wp.com\/pensalla.cat\/wp-content\/uploads\/2016\/12\/F76AC953-F984-44D5-9ADD-EFB09DC03053.png?resize=300%2C533&amp;ssl=1 300w\" sizes=\"auto, (max-width: 392px) 100vw, 392px\" \/><\/a><\/div>\n<div>&nbsp;<\/div>\n<div>&nbsp;<\/div>\n<div>Si voleu semblar professionals, heu de triar PhotoLab, una de les apps m\u00e9s completes, versi\u00f3 <a href=\"https:\/\/itunes.apple.com\/us\/app\/photo-lab-pics-art-drawing\/id441457218?mt=8\">IOS<\/a> i <a href=\"https:\/\/play.google.com\/store\/apps\/details?id=vsin.t16_funny_photo\">Android<\/a>. Tamb\u00e9 \u00e9s gratu\u00efta, presumeixen de m\u00e9s de 18 milions de desc\u00e0rregues i de m\u00e9s de 600 efectes per retocar les vostres fotos.<\/div>\n<div>&nbsp;<\/div>\n<div>Si us avicieu amb aquesta app, per $1,99 per treure els anuncis i els fabricants us aniran oferint comprar efectes especials com, per exemple, trucs per convertir una cara humana en una d\u2019animal.<\/div>\n<div>&nbsp;<\/div>\n<div>&nbsp;<\/div>\n<div>&nbsp;<\/div>\n<div><a href=\"https:\/\/i0.wp.com\/pensalla.cat\/wp-content\/uploads\/2016\/12\/FC814A4B-09F8-43C6-884F-F48AA90D5B8B.png\"><img data-recalc-dims=\"1\" loading=\"lazy\" decoding=\"async\" class=\"aligncenter size-full wp-image-1772\" src=\"https:\/\/i0.wp.com\/pensalla.cat\/wp-content\/uploads\/2016\/12\/FC814A4B-09F8-43C6-884F-F48AA90D5B8B.png?resize=392%2C696\" alt=\"\" width=\"392\" height=\"696\" srcset=\"https:\/\/i0.wp.com\/pensalla.cat\/wp-content\/uploads\/2016\/12\/FC814A4B-09F8-43C6-884F-F48AA90D5B8B.png?w=392&amp;ssl=1 392w, https:\/\/i0.wp.com\/pensalla.cat\/wp-content\/uploads\/2016\/12\/FC814A4B-09F8-43C6-884F-F48AA90D5B8B.png?resize=169%2C300&amp;ssl=1 169w, https:\/\/i0.wp.com\/pensalla.cat\/wp-content\/uploads\/2016\/12\/FC814A4B-09F8-43C6-884F-F48AA90D5B8B.png?resize=100%2C178&amp;ssl=1 100w, https:\/\/i0.wp.com\/pensalla.cat\/wp-content\/uploads\/2016\/12\/FC814A4B-09F8-43C6-884F-F48AA90D5B8B.png?resize=150%2C266&amp;ssl=1 150w, https:\/\/i0.wp.com\/pensalla.cat\/wp-content\/uploads\/2016\/12\/FC814A4B-09F8-43C6-884F-F48AA90D5B8B.png?resize=200%2C355&amp;ssl=1 200w, https:\/\/i0.wp.com\/pensalla.cat\/wp-content\/uploads\/2016\/12\/FC814A4B-09F8-43C6-884F-F48AA90D5B8B.png?resize=300%2C533&amp;ssl=1 300w\" sizes=\"auto, (max-width: 392px) 100vw, 392px\" \/><\/a><\/div>\n<div>&nbsp;<\/div>\n<div>&nbsp;<\/div>\n<div>&nbsp;<\/div>\n<div>&nbsp;<\/div>\n<div>No podia oblidar-me d&#8217;<a href=\"https:\/\/support.google.com\/snapseed\/#topic=6155507\">Snapseed<\/a>, de Google, per la\u00a0import\u00e0ncia del seu fabricant, i perqu\u00e8 molts Androids venen amb ella o la recomanen. Encara que sigui de Google t\u00e9 tamb\u00e9\u00a0la versi\u00f3 per\u00a0<a href=\"https:\/\/itunes.apple.com\/es\/app\/snapseed\/id439438619?mt=8\">IOS<\/a> i <a href=\"https:\/\/play.google.com\/store\/apps\/details?id=com.niksoftware.snapseed&amp;hl=ca\">Android<\/a>.\u00a0<\/div>\n<div>&nbsp;<\/div>\n<div>Un blog de fotografia com el <a href=\"http:\/\/www.dzoom.org.es\/snapseed-la-aplicacion-movil-que-todo-fotografo-deberia-tener\/\">dzoom t\u00e9 un article i tutorial<\/a> sobre Snapseed en qu\u00e8 diu simplement que \u00e9s \u2018l\u2019app m\u00f2bil que tot fot\u00f2graf hauria de tenir\u2019. \u00c9s una app que treballa per capes, \u00e9s a dir que va aplicant els efectes i guarda l\u2019abans i el despr\u00e9s, aix\u00ed que podem, a posteriori, treure un efecte sense haver de tornar a aplicar tots els altres.\u00a0<\/div>\n<div>&nbsp;<\/div>\n<div>&nbsp;<\/div>\n<div>&nbsp;<\/div>\n<div><a href=\"https:\/\/i0.wp.com\/pensalla.cat\/wp-content\/uploads\/2016\/12\/871428B8-9D4F-40E1-820F-45258BBD5EF0.png\"><img data-recalc-dims=\"1\" loading=\"lazy\" decoding=\"async\" class=\"aligncenter size-medium wp-image-1765\" src=\"https:\/\/i0.wp.com\/pensalla.cat\/wp-content\/uploads\/2016\/12\/871428B8-9D4F-40E1-820F-45258BBD5EF0-169x300.png?resize=169%2C300\" alt=\"\" width=\"169\" height=\"300\" srcset=\"https:\/\/i0.wp.com\/pensalla.cat\/wp-content\/uploads\/2016\/12\/871428B8-9D4F-40E1-820F-45258BBD5EF0.png?resize=169%2C300&amp;ssl=1 169w, https:\/\/i0.wp.com\/pensalla.cat\/wp-content\/uploads\/2016\/12\/871428B8-9D4F-40E1-820F-45258BBD5EF0.png?resize=100%2C178&amp;ssl=1 100w, https:\/\/i0.wp.com\/pensalla.cat\/wp-content\/uploads\/2016\/12\/871428B8-9D4F-40E1-820F-45258BBD5EF0.png?resize=150%2C267&amp;ssl=1 150w, https:\/\/i0.wp.com\/pensalla.cat\/wp-content\/uploads\/2016\/12\/871428B8-9D4F-40E1-820F-45258BBD5EF0.png?resize=200%2C356&amp;ssl=1 200w, https:\/\/i0.wp.com\/pensalla.cat\/wp-content\/uploads\/2016\/12\/871428B8-9D4F-40E1-820F-45258BBD5EF0.png?resize=300%2C534&amp;ssl=1 300w, https:\/\/i0.wp.com\/pensalla.cat\/wp-content\/uploads\/2016\/12\/871428B8-9D4F-40E1-820F-45258BBD5EF0.png?resize=450%2C800&amp;ssl=1 450w, https:\/\/i0.wp.com\/pensalla.cat\/wp-content\/uploads\/2016\/12\/871428B8-9D4F-40E1-820F-45258BBD5EF0.png?w=506&amp;ssl=1 506w\" sizes=\"auto, (max-width: 169px) 100vw, 169px\" \/><\/a><\/div>\n<div>&nbsp;<\/div>\n<div>&nbsp;<\/div>\n<div><a href=\"https:\/\/i0.wp.com\/pensalla.cat\/wp-content\/uploads\/2016\/12\/2A33DFEB-8971-43E7-98BA-19A1FAADC982.png\"><img data-recalc-dims=\"1\" loading=\"lazy\" decoding=\"async\" class=\"aligncenter size-medium wp-image-1760\" src=\"https:\/\/i0.wp.com\/pensalla.cat\/wp-content\/uploads\/2016\/12\/2A33DFEB-8971-43E7-98BA-19A1FAADC982-300x112.png?resize=300%2C112\" alt=\"\" width=\"300\" height=\"112\" srcset=\"https:\/\/i0.wp.com\/pensalla.cat\/wp-content\/uploads\/2016\/12\/2A33DFEB-8971-43E7-98BA-19A1FAADC982.png?resize=300%2C112&amp;ssl=1 300w, https:\/\/i0.wp.com\/pensalla.cat\/wp-content\/uploads\/2016\/12\/2A33DFEB-8971-43E7-98BA-19A1FAADC982.png?resize=100%2C37&amp;ssl=1 100w, https:\/\/i0.wp.com\/pensalla.cat\/wp-content\/uploads\/2016\/12\/2A33DFEB-8971-43E7-98BA-19A1FAADC982.png?resize=150%2C56&amp;ssl=1 150w, https:\/\/i0.wp.com\/pensalla.cat\/wp-content\/uploads\/2016\/12\/2A33DFEB-8971-43E7-98BA-19A1FAADC982.png?resize=200%2C75&amp;ssl=1 200w, https:\/\/i0.wp.com\/pensalla.cat\/wp-content\/uploads\/2016\/12\/2A33DFEB-8971-43E7-98BA-19A1FAADC982.png?resize=450%2C168&amp;ssl=1 450w, https:\/\/i0.wp.com\/pensalla.cat\/wp-content\/uploads\/2016\/12\/2A33DFEB-8971-43E7-98BA-19A1FAADC982.png?resize=600%2C224&amp;ssl=1 600w, https:\/\/i0.wp.com\/pensalla.cat\/wp-content\/uploads\/2016\/12\/2A33DFEB-8971-43E7-98BA-19A1FAADC982.png?w=734&amp;ssl=1 734w\" sizes=\"auto, (max-width: 300px) 100vw, 300px\" \/><\/a><\/div>\n<div>&nbsp;<\/div>\n<div>&nbsp;<\/div>\n<div>&nbsp;<\/div>\n<div>&nbsp;<\/div>\n<div>&nbsp;<\/div>\n<div>&nbsp;<\/div>\n<div><a href=\"https:\/\/pixlr.com\/mobile\">Pixlr<\/a>, dels creadors d\u2019AUtodesk, el programa de disseny d\u2019enginyeria, \u00e9s una app que porta molt de temps en el mercat, primer com a Pixlr Expres o Pixrl-O-Matic. T\u00e9 versi\u00f3 <a href=\"https:\/\/itunes.apple.com\/us\/app\/autodesk-pixlr-photo-editor\/id526783584?mt=8&amp;ign-mpt=uo%3D8\">IOS<\/a> i <a href=\"https:\/\/play.google.com\/store\/apps\/details?id=com.pixlr.express&amp;hl=en?utm_source=pixlrmobilepage&amp;utm_campaign=pixlrmobilepage&amp;utm_content=express\">Android<\/a>,\u00a0<\/div>\n<div>&nbsp;<\/div>\n<div>&nbsp;<\/div>\n<div><a href=\"https:\/\/i0.wp.com\/pensalla.cat\/wp-content\/uploads\/2016\/12\/00BEF9DC-85FF-48E8-8364-13F49266870F.png\"><img data-recalc-dims=\"1\" loading=\"lazy\" decoding=\"async\" class=\"aligncenter size-full wp-image-1759\" src=\"https:\/\/i0.wp.com\/pensalla.cat\/wp-content\/uploads\/2016\/12\/00BEF9DC-85FF-48E8-8364-13F49266870F.png?resize=392%2C696\" alt=\"\" width=\"392\" height=\"696\" srcset=\"https:\/\/i0.wp.com\/pensalla.cat\/wp-content\/uploads\/2016\/12\/00BEF9DC-85FF-48E8-8364-13F49266870F.png?w=392&amp;ssl=1 392w, https:\/\/i0.wp.com\/pensalla.cat\/wp-content\/uploads\/2016\/12\/00BEF9DC-85FF-48E8-8364-13F49266870F.png?resize=169%2C300&amp;ssl=1 169w, https:\/\/i0.wp.com\/pensalla.cat\/wp-content\/uploads\/2016\/12\/00BEF9DC-85FF-48E8-8364-13F49266870F.png?resize=100%2C178&amp;ssl=1 100w, https:\/\/i0.wp.com\/pensalla.cat\/wp-content\/uploads\/2016\/12\/00BEF9DC-85FF-48E8-8364-13F49266870F.png?resize=150%2C266&amp;ssl=1 150w, https:\/\/i0.wp.com\/pensalla.cat\/wp-content\/uploads\/2016\/12\/00BEF9DC-85FF-48E8-8364-13F49266870F.png?resize=200%2C355&amp;ssl=1 200w, https:\/\/i0.wp.com\/pensalla.cat\/wp-content\/uploads\/2016\/12\/00BEF9DC-85FF-48E8-8364-13F49266870F.png?resize=300%2C533&amp;ssl=1 300w\" sizes=\"auto, (max-width: 392px) 100vw, 392px\" \/><\/a><\/div>\n<div>&nbsp;<\/div>\n<div>&nbsp;<\/div>\n<div>&nbsp;<\/div>\n<div>I he deixat pel final una de les apps m\u00e9s antigues i que t\u00e9 m\u00e9s versions,\u00a0PicsArt, un cl\u00e0ssic i amb versions per <a href=\"https:\/\/itunes.apple.com\/us\/app\/picsart-photo-studio-picture\/id587366035?mt=8\">IOS<\/a>, <a href=\"https:\/\/play.google.com\/store\/apps\/details?id=com.picsart.studio\">Android<\/a>, <a href=\"https:\/\/www.microsoft.com\/ca-es\/store\/p\/picsart-photo-studio\/9wzdncrfj10m\">Windows Mobile i Windows Desktop<\/a>.\n<\/div>\n<div>&nbsp;<\/div>\n<div>Presumeixen de m\u00e9s de 300 milions d\u2019instal\u00b7lacions i permeten retocar com vulgueu les fotos, no us acabareu les opcions que us ofereix.<\/div>\n<div>&nbsp;<\/div>\n<div><a href=\"https:\/\/i0.wp.com\/pensalla.cat\/wp-content\/uploads\/2016\/12\/83AB90F2-38FB-4C08-9E55-4F116F476A87.png\"><img data-recalc-dims=\"1\" loading=\"lazy\" decoding=\"async\" class=\"aligncenter size-medium wp-image-1762\" src=\"https:\/\/i0.wp.com\/pensalla.cat\/wp-content\/uploads\/2016\/12\/83AB90F2-38FB-4C08-9E55-4F116F476A87-169x300.png?resize=169%2C300\" alt=\"\" width=\"169\" height=\"300\" srcset=\"https:\/\/i0.wp.com\/pensalla.cat\/wp-content\/uploads\/2016\/12\/83AB90F2-38FB-4C08-9E55-4F116F476A87.png?resize=169%2C300&amp;ssl=1 169w, https:\/\/i0.wp.com\/pensalla.cat\/wp-content\/uploads\/2016\/12\/83AB90F2-38FB-4C08-9E55-4F116F476A87.png?resize=100%2C178&amp;ssl=1 100w, https:\/\/i0.wp.com\/pensalla.cat\/wp-content\/uploads\/2016\/12\/83AB90F2-38FB-4C08-9E55-4F116F476A87.png?resize=150%2C266&amp;ssl=1 150w, https:\/\/i0.wp.com\/pensalla.cat\/wp-content\/uploads\/2016\/12\/83AB90F2-38FB-4C08-9E55-4F116F476A87.png?resize=200%2C355&amp;ssl=1 200w, https:\/\/i0.wp.com\/pensalla.cat\/wp-content\/uploads\/2016\/12\/83AB90F2-38FB-4C08-9E55-4F116F476A87.png?resize=300%2C533&amp;ssl=1 300w, https:\/\/i0.wp.com\/pensalla.cat\/wp-content\/uploads\/2016\/12\/83AB90F2-38FB-4C08-9E55-4F116F476A87.png?w=392&amp;ssl=1 392w\" sizes=\"auto, (max-width: 169px) 100vw, 169px\" \/><\/a><\/div>\n<div>&nbsp;<\/div>\n<div><a href=\"https:\/\/i0.wp.com\/pensalla.cat\/wp-content\/uploads\/2016\/12\/18864386-46C6-46FD-AA22-AB041BDA5646.png\"><img data-recalc-dims=\"1\" loading=\"lazy\" decoding=\"async\" class=\"aligncenter size-medium wp-image-1766\" src=\"https:\/\/i0.wp.com\/pensalla.cat\/wp-content\/uploads\/2016\/12\/18864386-46C6-46FD-AA22-AB041BDA5646-169x300.png?resize=169%2C300\" alt=\"\" width=\"169\" height=\"300\" srcset=\"https:\/\/i0.wp.com\/pensalla.cat\/wp-content\/uploads\/2016\/12\/18864386-46C6-46FD-AA22-AB041BDA5646.png?resize=169%2C300&amp;ssl=1 169w, https:\/\/i0.wp.com\/pensalla.cat\/wp-content\/uploads\/2016\/12\/18864386-46C6-46FD-AA22-AB041BDA5646.png?resize=100%2C178&amp;ssl=1 100w, https:\/\/i0.wp.com\/pensalla.cat\/wp-content\/uploads\/2016\/12\/18864386-46C6-46FD-AA22-AB041BDA5646.png?resize=150%2C266&amp;ssl=1 150w, https:\/\/i0.wp.com\/pensalla.cat\/wp-content\/uploads\/2016\/12\/18864386-46C6-46FD-AA22-AB041BDA5646.png?resize=200%2C355&amp;ssl=1 200w, https:\/\/i0.wp.com\/pensalla.cat\/wp-content\/uploads\/2016\/12\/18864386-46C6-46FD-AA22-AB041BDA5646.png?resize=300%2C533&amp;ssl=1 300w, https:\/\/i0.wp.com\/pensalla.cat\/wp-content\/uploads\/2016\/12\/18864386-46C6-46FD-AA22-AB041BDA5646.png?w=392&amp;ssl=1 392w\" sizes=\"auto, (max-width: 169px) 100vw, 169px\" \/><\/a><\/div>\n<div>&nbsp;<\/div>\n<div>&nbsp;<\/div>\n<div>&nbsp;<\/div>\n<div>&nbsp;<\/div>\n<div>&nbsp;<\/div>\n<div>&nbsp;<\/div>\n<div>&nbsp;<\/div>\n<div>&nbsp;<\/div>\n<div>I quan ja teniu les fotos, necessitareu\u00a0apps per emmagatzemar fotos, us torno a copiar el que fa un temps ja vaig escriure:<\/div>\n<div>&nbsp;<\/div>\n<div>&nbsp;<\/div>\n<div><b>Google photos<\/b><\/div>\n<div>\n<div>&nbsp;<\/div>\n<div>Encara que l\u2019iPhone t\u00e9, de f\u00e0brica, una app per gestionar les fotos, ja us recomano que per gestionar i guardar les teves fotos feu servir Google Photos, gratis per totes les teves fotos, totes.<\/div>\n<div>&nbsp;<\/div>\n<div>Els de Google diuen que <a href=\"https:\/\/itunes.apple.com\/us\/app\/google-photos-store-search\/id962194608?mt=8\">Google Photos<\/a> \u00e9s el Gmail de les fotos.<\/div>\n<div>&nbsp;<\/div>\n<div>Si no teniu un Mac, si teniu un windows, ja veureu que \u00e9s absolutament necessari, perqu\u00e8 podreu gestionar m\u00e9s f\u00e0cilment les fotografies des del vostre ordinador via el navegador.<\/div>\n<div>&nbsp;<\/div>\n<div>Tamb\u00e9 teniu una aplicaci\u00f3 a l\u2019ordinador que permet fer una c\u00f2pia de totes les vostres fotos per si no us en refieu del n\u00favol.<\/div>\n<div>&nbsp;<\/div>\n<div>Si voleu que les fotos es guardin en alta resoluci\u00f3, m\u00e9s de 16 megap\u00ecxels, normalment les que es fan des d\u2019una m\u00e0quina de fotos DSLR, aquelles dels professionals o dels que en saben molt, us costar\u00e0 $2 per mes i tindreu 100 gb d\u2019espai al n\u00favol, els primers 15gb s\u00f3n gratu\u00efts per\u00f2 si feu fotos d\u2019alta resoluci\u00f3, us els acabareu ben de pressa. La meva experi\u00e8ncia \u00e9s que una persona normal, que no sigui un fot\u00f2graf professional no notar\u00e0 la compressi\u00f3 que aplica Google a les fotos.<\/div>\n<\/div>\n<div>&nbsp;<\/div>\n<div><\/div>\n<div>\n<div><a href=\"https:\/\/i0.wp.com\/pensalla.cat\/wp-content\/uploads\/2016\/12\/C9426E22-0287-4924-A4AF-A7A5A088E96D.png\"><img data-recalc-dims=\"1\" loading=\"lazy\" decoding=\"async\" class=\"aligncenter size-medium wp-image-1769\" src=\"https:\/\/i0.wp.com\/pensalla.cat\/wp-content\/uploads\/2016\/12\/C9426E22-0287-4924-A4AF-A7A5A088E96D-300x267.png?resize=300%2C267\" alt=\"\" width=\"300\" height=\"267\" srcset=\"https:\/\/i0.wp.com\/pensalla.cat\/wp-content\/uploads\/2016\/12\/C9426E22-0287-4924-A4AF-A7A5A088E96D.png?resize=300%2C267&amp;ssl=1 300w, https:\/\/i0.wp.com\/pensalla.cat\/wp-content\/uploads\/2016\/12\/C9426E22-0287-4924-A4AF-A7A5A088E96D.png?resize=100%2C89&amp;ssl=1 100w, https:\/\/i0.wp.com\/pensalla.cat\/wp-content\/uploads\/2016\/12\/C9426E22-0287-4924-A4AF-A7A5A088E96D.png?resize=150%2C133&amp;ssl=1 150w, https:\/\/i0.wp.com\/pensalla.cat\/wp-content\/uploads\/2016\/12\/C9426E22-0287-4924-A4AF-A7A5A088E96D.png?resize=200%2C178&amp;ssl=1 200w, https:\/\/i0.wp.com\/pensalla.cat\/wp-content\/uploads\/2016\/12\/C9426E22-0287-4924-A4AF-A7A5A088E96D.png?resize=450%2C400&amp;ssl=1 450w, https:\/\/i0.wp.com\/pensalla.cat\/wp-content\/uploads\/2016\/12\/C9426E22-0287-4924-A4AF-A7A5A088E96D.png?resize=600%2C534&amp;ssl=1 600w, https:\/\/i0.wp.com\/pensalla.cat\/wp-content\/uploads\/2016\/12\/C9426E22-0287-4924-A4AF-A7A5A088E96D.png?w=681&amp;ssl=1 681w\" sizes=\"auto, (max-width: 300px) 100vw, 300px\" \/><\/a><\/div>\n<div>&nbsp;<\/div>\n<\/div>\n<div>\n<\/div>\n<div><b>Feu neteja<\/b><\/div>\n<div>&nbsp;<\/div>\n<div>&nbsp;<\/div>\n<div>\n<div>I no oblideu fer neteja de tot el que teniu i no us serveix per res, una app que fa servir molt d\u2019espai \u00e9s Whatsapp, amb tots els arxius multim\u00e8dia que ens envien. Primer de tot, desactiveu l\u2019opci\u00f3 de guardar els arxius, perqu\u00e8 TOTES les fotos, v\u00eddeos i \u00e0udios que ens envien es copiaran a la nostra fototeca, aneu a \u2018configuraci\u00f3\u2019 del whatsapp, seleccioneu \u2018xats i trucades\u2019 i desactiveu l\u2019opci\u00f3 de \u2018desar els arxius entrants\u2019, aix\u00ed evitareu que, autom\u00e0ticament, es guardi una c\u00f2pia de les fotos, \u00e0udio i v\u00eddeo.<\/div>\n<div>&nbsp;<\/div>\n<div>Tot i aix\u00f2, tindreu l\u2019original al whatsapp, aix\u00ed que si voleu fer neteja, i segur que tindreu a on fer neteja, si voleu que se us posin els pels de punta, aneu a la configuraci\u00f3 del whatsapp, seleccioneu\u00a0\u2019\u00fas d\u2019emmagatzematge\u2019 i veureu quins xats ocupen m\u00e9s mem\u00f2ria, aix\u00ed sabreu per on comen\u00e7ar a esborrar!, veureu que us d\u00f3na la informaci\u00f3 del nombre de missatges o de la mida.<\/div>\n<\/div>\n<div>&nbsp;<\/div>\n<div>&nbsp;<\/div>\n<div>&nbsp;<\/div>\n<div>I si no us creieu que en fareu 4000 els que teniu canalla o mascotes disfressades de pare No\u00ebl ja m&#8217;ho direu!\n<\/div>\n<div>&nbsp;<\/div>\n<div>&nbsp;<\/div>\n<div><\/div>\n<div style=\"padding-top:0px;\t\r\npadding-right:0px;\r\npadding-bottom:0px;\r\npadding-left:0px;\r\nmargin-top:0px;\r\nmargin-right:0px;\r\nmargin-bottom:0px;\r\nmargin-left:0px;\"><a href=\"https:\/\/twitter.com\/share\" class=\"twitter-share-button\" \r\n\t\t\t\t        data-url=\"https:\/\/pensalla.cat\/?p=1758\" \r\n\t\t\t\t        data-via=\"jjofra\"\r\n\t\t\t\t\t    data-text=\"Imatges digitals per recordar el Nadal\"\r\n\t\t\t\t\t    data-related=\"\"\r\n\t\t\t\t\t    data-count=\"none\"\r\n\t\t\t\t\t    data-hashtags=\"\"\r\n\t\t\t\t\t    data-lang=\"autoLANGauto\"\r\n\t\t\t\t\t    data-counturl=\"pensalla.cat\"\r\n\t\t\t\t\t    data-size=\"medium\"\r\n\t\t\t\t\t    data-dnt=\"false\"\t> Tweet <\/a> <\/div>\r\n\t\t                <script>\r\n\t\t\t\t\t    !function(d,s,id) {\r\n\t\t\t\t\t      var js,fjs=d.getElementsByTagName(s)[0];\r\n\t\t\t\t\t      if(!d.getElementById(id)) {\r\n\t\t\t\t\t       js=d.createElement(s);js.id=id;js.src=\"https:\/\/platform.twitter.com\/widgets.js\";fjs.parentNode.insertBefore(js,fjs);\r\n\t\t\t\t\t      }\r\n\t\t\t\t\t    }\r\n\t\t\t\t\t   (document,\"script\",\"twitter-wjs\");\r\n\t\t\t\t\t    <\/script>","protected":false},"excerpt":{"rendered":"<p>Tweet &nbsp; Ja tenim a sobre les festes, les reunions familiars per alguns o els viatges pels altres, sigui com sigui que celebrem el Nadal segur segur que ens farem un tip de fer fotos, sobretot amb el m\u00f2bil, despr\u00e9s<span class=\"ellipsis\">&hellip;<\/span><\/p>\n<div class=\"read-more\"><a href=\"https:\/\/pensalla.cat\/?p=1758\">Read more <span class=\"screen-reader-text\">Imatges digitals per recordar el Nadal<\/span><span class=\"meta-nav\"> &#8250;<\/span><\/a><\/div>\n<p><!-- end of .read-more --><\/p>\n","protected":false},"author":1,"featured_media":0,"comment_status":"open","ping_status":"open","sticky":false,"template":"","format":"standard","meta":{"_exactmetrics_skip_tracking":false,"_exactmetrics_sitenote_active":false,"_exactmetrics_sitenote_note":"","_exactmetrics_sitenote_category":0,"jetpack_post_was_ever_published":false,"_jetpack_newsletter_access":"","_jetpack_dont_email_post_to_subs":true,"_jetpack_newsletter_tier_id":0,"_jetpack_memberships_contains_paywalled_content":false,"_jetpack_memberships_contains_paid_content":false,"footnotes":"","jetpack_publicize_message":"","jetpack_publicize_feature_enabled":true,"jetpack_social_post_already_shared":true,"jetpack_social_options":{"image_generator_settings":{"template":"highway","default_image_id":0,"font":"","enabled":false},"version":2}},"categories":[2],"tags":[],"class_list":["post-1758","post","type-post","status-publish","format-standard","hentry","category-articles"],"aioseo_notices":[],"jetpack_publicize_connections":[],"jetpack_featured_media_url":"","jetpack_sharing_enabled":true,"_links":{"self":[{"href":"https:\/\/pensalla.cat\/index.php?rest_route=\/wp\/v2\/posts\/1758","targetHints":{"allow":["GET"]}}],"collection":[{"href":"https:\/\/pensalla.cat\/index.php?rest_route=\/wp\/v2\/posts"}],"about":[{"href":"https:\/\/pensalla.cat\/index.php?rest_route=\/wp\/v2\/types\/post"}],"author":[{"embeddable":true,"href":"https:\/\/pensalla.cat\/index.php?rest_route=\/wp\/v2\/users\/1"}],"replies":[{"embeddable":true,"href":"https:\/\/pensalla.cat\/index.php?rest_route=%2Fwp%2Fv2%2Fcomments&post=1758"}],"version-history":[{"count":0,"href":"https:\/\/pensalla.cat\/index.php?rest_route=\/wp\/v2\/posts\/1758\/revisions"}],"wp:attachment":[{"href":"https:\/\/pensalla.cat\/index.php?rest_route=%2Fwp%2Fv2%2Fmedia&parent=1758"}],"wp:term":[{"taxonomy":"category","embeddable":true,"href":"https:\/\/pensalla.cat\/index.php?rest_route=%2Fwp%2Fv2%2Fcategories&post=1758"},{"taxonomy":"post_tag","embeddable":true,"href":"https:\/\/pensalla.cat\/index.php?rest_route=%2Fwp%2Fv2%2Ftags&post=1758"}],"curies":[{"name":"wp","href":"https:\/\/api.w.org\/{rel}","templated":true}]}}