{"id":1788,"date":"2017-01-06T07:10:45","date_gmt":"2017-01-06T06:10:45","guid":{"rendered":"http:\/\/pensalla.cat\/?p=1788"},"modified":"2016-12-23T12:47:33","modified_gmt":"2016-12-23T11:47:33","slug":"un-2017-ple-de-novetats","status":"publish","type":"post","link":"https:\/\/pensalla.cat\/?p=1788","title":{"rendered":"Un 2017 ple de novetats"},"content":{"rendered":"<div style=\"padding-top:0px;\t\r\npadding-right:0px;\r\npadding-bottom:0px;\r\npadding-left:0px;\r\nmargin-top:0px;\r\nmargin-right:0px;\r\nmargin-bottom:0px;\r\nmargin-left:0px;\"><a href=\"https:\/\/twitter.com\/share\" class=\"twitter-share-button\" \r\n\t\t\t\t        data-url=\"https:\/\/pensalla.cat\/?p=1788\" \r\n\t\t\t\t        data-via=\"jjofra\"\r\n\t\t\t\t\t    data-text=\"Un 2017 ple de novetats\"\r\n\t\t\t\t\t    data-related=\"\"\r\n\t\t\t\t\t    data-count=\"none\"\r\n\t\t\t\t\t    data-hashtags=\"\"\r\n\t\t\t\t\t    data-lang=\"autoLANGauto\"\r\n\t\t\t\t\t    data-counturl=\"pensalla.cat\"\r\n\t\t\t\t\t    data-size=\"medium\"\r\n\t\t\t\t\t    data-dnt=\"false\"\t> Tweet <\/a> <\/div>\r\n\t\t                <script>\r\n\t\t\t\t\t    !function(d,s,id) {\r\n\t\t\t\t\t      var js,fjs=d.getElementsByTagName(s)[0];\r\n\t\t\t\t\t      if(!d.getElementById(id)) {\r\n\t\t\t\t\t       js=d.createElement(s);js.id=id;js.src=\"https:\/\/platform.twitter.com\/widgets.js\";fjs.parentNode.insertBefore(js,fjs);\r\n\t\t\t\t\t      }\r\n\t\t\t\t\t    }\r\n\t\t\t\t\t   (document,\"script\",\"twitter-wjs\");\r\n\t\t\t\t\t    <\/script><div>&nbsp;<\/div>\n<div>&nbsp;<\/div>\n<div>Any nou, prop\u00f2sits nous, quines s\u00f3n les novetats previstes en el m\u00f3n de la tecnologia i la inform\u00e0tica per al 2017? En fem un tast.\u00a0<\/div>\n<div>\n<div>&nbsp;<\/div>\n<div>&nbsp;<\/div>\n<div><b>Cotxes sense conductors<\/b><\/div>\n<div>&nbsp;<\/div>\n<div>El setembre del 2016 el Secretari de Transport del Govern dels USA va presentar la primera <a href=\"https:\/\/www.transportation.gov\/AV\/federal-automated-vehicles-policy-september-2016\">Federal Automated Vehicles\u00a0Policy<\/a>\u00a0o\u00a0Pol\u00edtica Federal pels Vehicles Automatitzats, en PDF al link,\u00a0i\u00a0que, com el seu nom indica, feia refer\u00e8ncia als <a href=\"http:\/\/www.techrepublic.com\/article\/us-dot-unveils-worlds-first-autonomous-vehicle-policy-ushering-in-age-of-driverless-cars\/\">vehicles automatitzats<\/a>, la manera de dir els cotxes sense conductor.\u00a0<\/div>\n<div>&nbsp;<\/div>\n<div>Aix\u00f2 \u00e9s el signe m\u00e9s evident de qu\u00e8 no ens adonarem i els tindrem a la vorera esperant-nos per portar-nos al nostre dest\u00ed.<\/div>\n<div>&nbsp;<\/div>\n<div>Aquests dies surt a totes les not\u00edcies les \u2018discussions\u2019 d\u2019<a href=\"https:\/\/www.uber.com\">Uber<\/a> i el govern de San Francisco sobre els permisos que han de tenir els cotxes aut\u00f2noms d\u2019Uber i Volvo que ja estan al carrer, a <a href=\"http:\/\/www.techrepublic.com\/article\/ubers-driverless-rides-in-pittsburgh-whats-happening-and-what-it-means\/\">Pittsburg<\/a> fa mesos volten, des de l\u2019agost, de forma que el cotxe d\u2019Uber que us arribava podia ser sense conductor (de fet, amb un acompanyant que anava prenent notes i un enginyer d\u2019Uber que anava mirant tot el que feia el cotxe i feia de conductor de seguretat).<\/div>\n<div>&nbsp;<\/div>\n<div>Tot i que Uber <a href=\"https:\/\/www.bloomberg.com\/news\/articles\/2016-12-20\/uber-s-loss-exceeds-800-million-in-third-quarter-on-1-7-billion-in-net-revenue\">es calcula que perdr\u00e0<\/a> uns $3.000 milions, amb una facturaci\u00f3 de $5.500 milions sembla que part del futur pr\u00f2xim est\u00e0 a les seves mans.<\/div>\n<div>&nbsp;<\/div>\n<div>&nbsp;<\/div>\n<div><a href=\"https:\/\/i0.wp.com\/pensalla.cat\/wp-content\/uploads\/2016\/12\/35FAD2F3-F8B3-4E74-AA17-6C07C24CAE65.jpg\"><img data-recalc-dims=\"1\" loading=\"lazy\" decoding=\"async\" class=\"aligncenter size-medium wp-image-1791\" src=\"https:\/\/i0.wp.com\/pensalla.cat\/wp-content\/uploads\/2016\/12\/35FAD2F3-F8B3-4E74-AA17-6C07C24CAE65-300x199.jpg?resize=300%2C199\" alt=\"\" width=\"300\" height=\"199\" srcset=\"https:\/\/i0.wp.com\/pensalla.cat\/wp-content\/uploads\/2016\/12\/35FAD2F3-F8B3-4E74-AA17-6C07C24CAE65.jpg?resize=300%2C199&amp;ssl=1 300w, https:\/\/i0.wp.com\/pensalla.cat\/wp-content\/uploads\/2016\/12\/35FAD2F3-F8B3-4E74-AA17-6C07C24CAE65.jpg?resize=768%2C511&amp;ssl=1 768w, https:\/\/i0.wp.com\/pensalla.cat\/wp-content\/uploads\/2016\/12\/35FAD2F3-F8B3-4E74-AA17-6C07C24CAE65.jpg?resize=100%2C66&amp;ssl=1 100w, https:\/\/i0.wp.com\/pensalla.cat\/wp-content\/uploads\/2016\/12\/35FAD2F3-F8B3-4E74-AA17-6C07C24CAE65.jpg?resize=150%2C100&amp;ssl=1 150w, https:\/\/i0.wp.com\/pensalla.cat\/wp-content\/uploads\/2016\/12\/35FAD2F3-F8B3-4E74-AA17-6C07C24CAE65.jpg?resize=200%2C133&amp;ssl=1 200w, https:\/\/i0.wp.com\/pensalla.cat\/wp-content\/uploads\/2016\/12\/35FAD2F3-F8B3-4E74-AA17-6C07C24CAE65.jpg?resize=450%2C299&amp;ssl=1 450w, https:\/\/i0.wp.com\/pensalla.cat\/wp-content\/uploads\/2016\/12\/35FAD2F3-F8B3-4E74-AA17-6C07C24CAE65.jpg?resize=600%2C399&amp;ssl=1 600w, https:\/\/i0.wp.com\/pensalla.cat\/wp-content\/uploads\/2016\/12\/35FAD2F3-F8B3-4E74-AA17-6C07C24CAE65.jpg?w=770&amp;ssl=1 770w\" sizes=\"auto, (max-width: 300px) 100vw, 300px\" \/><\/a><\/div>\n<div>&nbsp;<\/div>\n<div>&nbsp;<\/div>\n<div><a href=\"https:\/\/www.tesla.com\/es_ES\/?redirect=no\">Tesla<\/a>, que fa unes setmanes va obrir la seva seu a Barcelona, ja fa dies que va anunciar que TOTS els seus cotxes tindran totes les peces necess\u00e0ries perqu\u00e8 siguin completament aut\u00f2noms.<\/div>\n<div>&nbsp;<\/div>\n<div>Per seguir amb les pistes que porten a dir que 2017 ser\u00e0 l\u2019esclat dels cotxes sense conductor, al gener del 2016, General Motors va invertir $500 milions a <a href=\"https:\/\/www.lyft.com\">Lyft<\/a>, una empresa de taxis sota comanda amb servei als USA i algunes ciutats del sud-est asi\u00e0tic,\u00a0similar a <a href=\"https:\/\/cabify.com\/spain\/barcelona?gclid=Cj0KEQiAyuPCBRCimuayhb3qqvwBEiQAgz62kWZYNPe_vQpvTZ2LyM5Plpf0OTE2nI2HrpENxo1snNIaAtnf8P8HAQ\">Cabify<\/a>, que tamb\u00e9 fa pocs dies s\u2019ha instal\u00b7lat a Barcelona, amb la\u00a0inversi\u00f3 de GM\u00a0tothom va veure que era la primera passa per una flota de cotxes sense conductor sota comanda.<\/div>\n<div>&nbsp;<\/div>\n<div>Despr\u00e9s d\u2019aquest anunci, al mar\u00e7,\u00a0els mateixos de General Motors van anunciar la inversi\u00f3 de $1.000 milions en la compra de <a href=\"https:\/\/www.getcruise.com\">Cruise Automation<\/a>, ara Cruise Automation \u00e9s part de l\u2019equip de GM \u2018AUtonomous Vehicle Development Team\u2019.<\/div>\n<div>&nbsp;<\/div>\n<div><a href=\"https:\/\/i0.wp.com\/pensalla.cat\/wp-content\/uploads\/2016\/12\/259419F2-B98D-4B7C-AAFE-962FC8330301.png\"><img data-recalc-dims=\"1\" loading=\"lazy\" decoding=\"async\" class=\"aligncenter size-medium wp-image-1792\" src=\"https:\/\/i0.wp.com\/pensalla.cat\/wp-content\/uploads\/2016\/12\/259419F2-B98D-4B7C-AAFE-962FC8330301-300x165.png?resize=300%2C165\" alt=\"\" width=\"300\" height=\"165\" srcset=\"https:\/\/i0.wp.com\/pensalla.cat\/wp-content\/uploads\/2016\/12\/259419F2-B98D-4B7C-AAFE-962FC8330301.png?resize=300%2C165&amp;ssl=1 300w, https:\/\/i0.wp.com\/pensalla.cat\/wp-content\/uploads\/2016\/12\/259419F2-B98D-4B7C-AAFE-962FC8330301.png?resize=100%2C55&amp;ssl=1 100w, https:\/\/i0.wp.com\/pensalla.cat\/wp-content\/uploads\/2016\/12\/259419F2-B98D-4B7C-AAFE-962FC8330301.png?resize=150%2C82&amp;ssl=1 150w, https:\/\/i0.wp.com\/pensalla.cat\/wp-content\/uploads\/2016\/12\/259419F2-B98D-4B7C-AAFE-962FC8330301.png?resize=200%2C110&amp;ssl=1 200w, https:\/\/i0.wp.com\/pensalla.cat\/wp-content\/uploads\/2016\/12\/259419F2-B98D-4B7C-AAFE-962FC8330301.png?resize=450%2C247&amp;ssl=1 450w, https:\/\/i0.wp.com\/pensalla.cat\/wp-content\/uploads\/2016\/12\/259419F2-B98D-4B7C-AAFE-962FC8330301.png?resize=600%2C330&amp;ssl=1 600w, https:\/\/i0.wp.com\/pensalla.cat\/wp-content\/uploads\/2016\/12\/259419F2-B98D-4B7C-AAFE-962FC8330301.png?w=730&amp;ssl=1 730w\" sizes=\"auto, (max-width: 300px) 100vw, 300px\" \/><\/a><\/div>\n<div>&nbsp;<\/div>\n<div>&nbsp;<\/div>\n<div>Fiat Chrysler ha anunciat una associaci\u00f3 amb Google per la fabricaci\u00f3 de minivans sense conductor.<\/div>\n<div>&nbsp;<\/div>\n<div>La llista d\u2019accions en aquest camp \u00e9s interminable, aquest article n\u2019\u00e9s un bon detall, per\u00f2 deixeu-me citar la darrera, la compra d\u2019<a href=\"http:\/\/www.zdnet.com\/article\/uber-acquires-otto-enters-trucking-and-may-find-better-business-model\/\">Otto per Uber<\/a> per $680 milions, Otto \u00e9s una start-up dedicada a desenvolupar\u00a0camions sense conductor, mercat en el qual Daimler ja t\u00e9 un projecte amb <a href=\"http:\/\/www.zdnet.com\/article\/daimlers-self-driving-18-wheelers-ready-to-take-to-the-autobahn\/\">camions de 18 rodes<\/a> que ja circulen per les carreteres alemanyes, encara amb un conductor de seguretat.<\/div>\n<div>&nbsp;<\/div>\n<div>&nbsp;<\/div>\n<div>\n<figure id=\"attachment_1790\" aria-describedby=\"caption-attachment-1790\" style=\"width: 300px\" class=\"wp-caption aligncenter\"><a href=\"https:\/\/i0.wp.com\/pensalla.cat\/wp-content\/uploads\/2016\/12\/1BD39534-D2D5-4C36-9000-332453F2729C.jpg\"><img data-recalc-dims=\"1\" loading=\"lazy\" decoding=\"async\" class=\"size-medium wp-image-1790\" src=\"https:\/\/i0.wp.com\/pensalla.cat\/wp-content\/uploads\/2016\/12\/1BD39534-D2D5-4C36-9000-332453F2729C-300x225.jpg?resize=300%2C225\" alt=\"\" width=\"300\" height=\"225\" srcset=\"https:\/\/i0.wp.com\/pensalla.cat\/wp-content\/uploads\/2016\/12\/1BD39534-D2D5-4C36-9000-332453F2729C.jpg?resize=300%2C225&amp;ssl=1 300w, https:\/\/i0.wp.com\/pensalla.cat\/wp-content\/uploads\/2016\/12\/1BD39534-D2D5-4C36-9000-332453F2729C.jpg?resize=768%2C576&amp;ssl=1 768w, https:\/\/i0.wp.com\/pensalla.cat\/wp-content\/uploads\/2016\/12\/1BD39534-D2D5-4C36-9000-332453F2729C.jpg?resize=100%2C75&amp;ssl=1 100w, https:\/\/i0.wp.com\/pensalla.cat\/wp-content\/uploads\/2016\/12\/1BD39534-D2D5-4C36-9000-332453F2729C.jpg?resize=150%2C112&amp;ssl=1 150w, https:\/\/i0.wp.com\/pensalla.cat\/wp-content\/uploads\/2016\/12\/1BD39534-D2D5-4C36-9000-332453F2729C.jpg?resize=200%2C150&amp;ssl=1 200w, https:\/\/i0.wp.com\/pensalla.cat\/wp-content\/uploads\/2016\/12\/1BD39534-D2D5-4C36-9000-332453F2729C.jpg?resize=450%2C337&amp;ssl=1 450w, https:\/\/i0.wp.com\/pensalla.cat\/wp-content\/uploads\/2016\/12\/1BD39534-D2D5-4C36-9000-332453F2729C.jpg?resize=600%2C450&amp;ssl=1 600w, https:\/\/i0.wp.com\/pensalla.cat\/wp-content\/uploads\/2016\/12\/1BD39534-D2D5-4C36-9000-332453F2729C.jpg?w=770&amp;ssl=1 770w\" sizes=\"auto, (max-width: 300px) 100vw, 300px\" \/><\/a><figcaption id=\"caption-attachment-1790\" class=\"wp-caption-text\">Shaping Future Transportation 2015\u2013 Campus Safety \u2013 Mercedes-Benz Future Truck 2025<\/figcaption><\/figure>\n<\/div>\n<div>&nbsp;<\/div>\n<div>Com ja han dit els de Ford, ells han deixat de ser una empresa que fabrica cotxes, ara s\u00f3n una empresa que d\u00f3na mobilitat.<\/div>\n<div>&nbsp;<\/div>\n<div>&nbsp;<\/div>\n<div>&nbsp;<\/div>\n<div>&nbsp;<\/div>\n<div>&nbsp;<\/div>\n<div>&nbsp;<\/div>\n<div>&nbsp;<\/div>\n<div><b>Realitat Virtual i Augmentada<\/b><\/div>\n<div>&nbsp;<\/div>\n<div>El 2016 Pokemon Go va agafar-nos per sorpresa, el 2017 es consolidar\u00e0 l\u2019entrada de la Realitat Virtual, ja ens arribaran f\u00e0cilment\u00a0a tots, les ulleres aquestes amb les que semblem sers d\u2019un altre m\u00f3n.<\/div>\n<div>&nbsp;<\/div>\n<div>Facebook ja ha anunciat que obrir\u00e0 a la comunitat de Codi Lliure el seu ReactVR, una plataforma que permet als desenvolupadors de programari escriure aplicacions de Realitat Virtual que funcionaran en els navegadors que suportin l\u2019est\u00e0ndard WebVR (Google i Mozilla ja estan adherits al projecte). Els mateixos de Facebook estan fent el seu propi desenvolupament d\u2019<a href=\"https:\/\/techcrunch.com\/2016\/10\/06\/oculus-webvr\/\">Oculus que es diu Carmel<\/a>.<\/div>\n<div>&nbsp;<\/div>\n<div>Un dels exemples m\u00e9s clars de qu\u00e8 podrem fer \u00e9s la demo que s\u2019ha fet amb el Kadjar, un model de cotxe de Renault, amb la realitat virtual podem asseure\u2019ns dins el cotxe i <a href=\"http:\/\/kadjar.littleworkshop.fr\">personalitzar les opcions<\/a> que volem i encarregar el cotxe segons les nostres prefer\u00e8ncies que haurem pogut \u2018veure\u2019 virtualment.<\/div>\n<div>&nbsp;<\/div>\n<div><a href=\"https:\/\/i0.wp.com\/pensalla.cat\/wp-content\/uploads\/2016\/12\/C3FEB2E4-3A89-4593-A65F-0CF3758FB043.png\"><img data-recalc-dims=\"1\" loading=\"lazy\" decoding=\"async\" class=\"aligncenter size-medium wp-image-1793\" src=\"https:\/\/i0.wp.com\/pensalla.cat\/wp-content\/uploads\/2016\/12\/C3FEB2E4-3A89-4593-A65F-0CF3758FB043-300x154.png?resize=300%2C154\" alt=\"\" width=\"300\" height=\"154\" srcset=\"https:\/\/i0.wp.com\/pensalla.cat\/wp-content\/uploads\/2016\/12\/C3FEB2E4-3A89-4593-A65F-0CF3758FB043.png?resize=300%2C154&amp;ssl=1 300w, https:\/\/i0.wp.com\/pensalla.cat\/wp-content\/uploads\/2016\/12\/C3FEB2E4-3A89-4593-A65F-0CF3758FB043.png?resize=100%2C51&amp;ssl=1 100w, https:\/\/i0.wp.com\/pensalla.cat\/wp-content\/uploads\/2016\/12\/C3FEB2E4-3A89-4593-A65F-0CF3758FB043.png?resize=150%2C77&amp;ssl=1 150w, https:\/\/i0.wp.com\/pensalla.cat\/wp-content\/uploads\/2016\/12\/C3FEB2E4-3A89-4593-A65F-0CF3758FB043.png?resize=200%2C103&amp;ssl=1 200w, https:\/\/i0.wp.com\/pensalla.cat\/wp-content\/uploads\/2016\/12\/C3FEB2E4-3A89-4593-A65F-0CF3758FB043.png?resize=450%2C232&amp;ssl=1 450w, https:\/\/i0.wp.com\/pensalla.cat\/wp-content\/uploads\/2016\/12\/C3FEB2E4-3A89-4593-A65F-0CF3758FB043.png?resize=600%2C309&amp;ssl=1 600w, https:\/\/i0.wp.com\/pensalla.cat\/wp-content\/uploads\/2016\/12\/C3FEB2E4-3A89-4593-A65F-0CF3758FB043.png?w=680&amp;ssl=1 680w\" sizes=\"auto, (max-width: 300px) 100vw, 300px\" \/><\/a><\/p>\n<\/div>\n<div>&nbsp;<\/div>\n<div>&nbsp;<\/div>\n<div>Un dels problemes que hi havia fins ara era la diversitat i incompatabilitat\u00a0de les plataformes de\u00a0VR, el fet que Facebook obri la seva plataforma de desenvolupament i la pot\u00e8ncia que ells tenen pot fer esclatar les aplicacions el 2017.<\/div>\n<div>&nbsp;<\/div>\n<div>Els qui estan apostant fort pel hardware que far\u00e0 possible tot aix\u00f2 no s\u00f3n empreses petites, a la lluita per endur-se el past\u00eds estan Microsoft, Sony, Samsung o HTC.<\/div>\n<div>&nbsp;<\/div>\n<div>&nbsp;<\/div>\n<div>&nbsp;<\/div>\n<div><b>Intel\u00b7lig\u00e8ncia artificial<\/b><\/div>\n<div>&nbsp;<\/div>\n<div>La intel\u00b7lig\u00e8ncia artificial que coneixem m\u00e9s s\u00f3n les interfases de Siri, Cortana, Watson, Alex i Google Assitant, que\u00a0cada vegada tenen m\u00e9s \u2018intel\u00b7lig\u00e8ncia&#8217;<\/div>\n<div>&nbsp;<\/div>\n<div>En aquest estudi podeu veure com han millorat amb el temps, alguns m\u00e9s r\u00e0pidament, per\u00f2 <a href=\"http:\/\/www.itnews.com\/article\/3127736\/software\/virtual-assistant-faceoff-alexa-cortana-google-assistant-and-siri.html?idg_eid=8bb73d1cfbb1d0910560b04579a577b6&amp;token=%23tk.ITN_nlt_ITnews_Virtualization_2016-12-15&amp;utm_source=Sailthru&amp;utm_medium=email&amp;utm_campaign=ITNews%20Virtualization%202016-12-15&amp;utm_term=ITnews_Virtualization#slide10\">segons els experts<\/a> encara el Siri els hi treu un cap d\u2019avantatge, per\u00f2 Alexa, d\u2019Amazon s\u2019hi va acostant.<\/div>\n<div>&nbsp;<\/div>\n<div>Les proves d\u2019aquest estudi\u00a0han consistit a fer les mateixes preguntes al cap d\u2019un any i veure com han evolucionat. Feu vosaltres mateixos la prova i pregunteu-li al vostre dispositiu intel\u00b7ligent quan \u00e9s el pr\u00f2xim partit del Bar\u00e7a, a veure quins resultats teniu.<\/div>\n<div>&nbsp;<\/div>\n<div>Al mateix temps la tecnologia ha avan\u00e7at prou per a permetre a petites start-ups formar part de la revoluci\u00f3 de l\u2019AI tant en els robots com als cotxes com a l\u2019electr\u00f2nica de consum, de forma que veurem una muntanya d\u2019apps i objectes \u2018pensants\u2019.<\/div>\n<div>&nbsp;<\/div>\n<div>Un dels sectors que est\u00e0 invertint molt fort, per\u00f2 que nosaltres no veurem els resultats clarament, \u00e9s el de la ciberseguretat.<\/div>\n<div>&nbsp;<\/div>\n<div>Quan parli de les xarxes socials citar\u00e9 els chatbots, que ajudats per l\u2019AI entraran de cop a les apps de missatgeria.<\/div>\n<div><\/div>\n<div>&nbsp;<\/div>\n<div>&nbsp;<\/div>\n<div>&nbsp;<\/div>\n<div><b>Pagaments m\u00f2bils<\/b><\/div>\n<div>&nbsp;<\/div>\n<div>&nbsp;<\/div>\n<div>Apple Pay ja est\u00e0 en marxa des de fa pocs dies pels clients del <a href=\"https:\/\/www.bancosantander.es\/es\/particulares\/banca-online\/apple-pay?idm=y7v3ed-2zyk2v&amp;gclid=Cj0KEQiAyuPCBRCimuayhb3qqvwBEiQAgz62kdl0LSTC4K0BUJwtXhe_ixgbcuRuyyMEMITPpSeaq8MaAvFy8P8HAQ&amp;dclid=CJTLgOGyg9ECFaWkUQodzwEIjw\">Santander<\/a> o dels usuaris de la targeta Carrefour, el 2017 ser\u00e0 la consolidaci\u00f3 del sistema de pagament sense targeta via m\u00f2bil, o fins i tot via Apple Watch si el teniu.<\/div>\n<div>&nbsp;<\/div>\n<div>Aix\u00f2 s\u00ed, heu de tenir un iPhone 6 o posterior o un iPad 2 o posterior que s\u00f3n els models que ja porten el xip NFC.<\/div>\n<div>&nbsp;<\/div>\n<div>Per funcionar nom\u00e9s haureu de fer una foto a la vostra targeta i el tel\u00e8fon intentar\u00e0 determinar el n\u00famero de targeta i la data de caducitat, vosaltres haureu de posar el codi de verificaci\u00f3 i el codi de verificaci\u00f3 que es generar\u00e0 en el mateix moment per associar la targeta al vostre m\u00f2bil.<\/div>\n<div>&nbsp;<\/div>\n<div><\/div>\n<div><a href=\"https:\/\/i0.wp.com\/pensalla.cat\/wp-content\/uploads\/2016\/12\/1B9A775E-0A38-46F4-B3D4-D4202E3EFE92.png\"><img data-recalc-dims=\"1\" loading=\"lazy\" decoding=\"async\" class=\"aligncenter size-medium wp-image-1789\" src=\"https:\/\/i0.wp.com\/pensalla.cat\/wp-content\/uploads\/2016\/12\/1B9A775E-0A38-46F4-B3D4-D4202E3EFE92-300x191.png?resize=300%2C191\" alt=\"\" width=\"300\" height=\"191\" srcset=\"https:\/\/i0.wp.com\/pensalla.cat\/wp-content\/uploads\/2016\/12\/1B9A775E-0A38-46F4-B3D4-D4202E3EFE92.png?resize=300%2C191&amp;ssl=1 300w, https:\/\/i0.wp.com\/pensalla.cat\/wp-content\/uploads\/2016\/12\/1B9A775E-0A38-46F4-B3D4-D4202E3EFE92.png?resize=768%2C489&amp;ssl=1 768w, https:\/\/i0.wp.com\/pensalla.cat\/wp-content\/uploads\/2016\/12\/1B9A775E-0A38-46F4-B3D4-D4202E3EFE92.png?resize=100%2C64&amp;ssl=1 100w, https:\/\/i0.wp.com\/pensalla.cat\/wp-content\/uploads\/2016\/12\/1B9A775E-0A38-46F4-B3D4-D4202E3EFE92.png?resize=150%2C95&amp;ssl=1 150w, https:\/\/i0.wp.com\/pensalla.cat\/wp-content\/uploads\/2016\/12\/1B9A775E-0A38-46F4-B3D4-D4202E3EFE92.png?resize=200%2C127&amp;ssl=1 200w, https:\/\/i0.wp.com\/pensalla.cat\/wp-content\/uploads\/2016\/12\/1B9A775E-0A38-46F4-B3D4-D4202E3EFE92.png?resize=450%2C286&amp;ssl=1 450w, https:\/\/i0.wp.com\/pensalla.cat\/wp-content\/uploads\/2016\/12\/1B9A775E-0A38-46F4-B3D4-D4202E3EFE92.png?resize=600%2C382&amp;ssl=1 600w, https:\/\/i0.wp.com\/pensalla.cat\/wp-content\/uploads\/2016\/12\/1B9A775E-0A38-46F4-B3D4-D4202E3EFE92.png?w=822&amp;ssl=1 822w\" sizes=\"auto, (max-width: 300px) 100vw, 300px\" \/><\/a><\/div>\n<div>&nbsp;<\/div>\n<div>&nbsp;<\/div>\n<div>&nbsp;<\/div>\n<div>&nbsp;<\/div>\n<div>&nbsp;<\/div>\n<div><b>Xarxes socials<\/b><\/div>\n<div>&nbsp;<\/div>\n<div>V\u00eddeos en directe ser\u00e0 el pa nostre de les xarxes socials el 2017, hem vist Periscope (de Twitter), la pot\u00e8ncia d&#8217;Snapchat, que ha refusat els 3.000 milions de d\u00f2lars que li ha ofert Facebook, i Zuckenberg, per no perdre el tren, ha posat v\u00eddeo a\u00a0Stories (d\u2019Instagram que \u00e9s seu), i a\u00a0Facebook que ara integra v\u00eddeos, el 2017 veurem\u00a0v\u00eddeos de 360 graus i la realitat virtual a les xarxes.<\/div>\n<div>&nbsp;<\/div>\n<div>\n<div>I un segment de les xarxes socials, les apps de missatgeria,\u00a0veurem l\u2019entrada d\u2019AI amb\u00a0resultats ben aviat, alguns ja els estem veient en els Chatbots, serveis que interactuen amb l\u2019usuari i li ofereixen informaci\u00f3 via una interf\u00edcie de chat. Els de Telegram ja fa mesos que ho ofereixen, per\u00f2 ja veureu com Facebook, WhatsApp, WeChat i similars trauran ben aviat els seus serveis.<\/div>\n<\/div>\n<div><\/div>\n<div><\/div>\n<div>\n<div>&nbsp;<\/div>\n<div><b>Programaci\u00f3<\/b><\/div>\n<div>&nbsp;<\/div>\n<div>Pels qui estigueu estudiant i us vulgueu dedicar a aix\u00f2 de la\u00a0inform\u00e0tica, penseu en Python, el llenguatge de programaci\u00f3 que m\u00e9s futur t\u00e9, que any rere any va augmentant el nombre de gent que programa en aquest llenguatge, fins a\u00a0arribar, el 2016 a la quarta posici\u00f3.<\/div>\n<div>&nbsp;<\/div>\n<div>Python s\u2019ha convertit en el llenguatge preferit dels enginyers de devops que fan codi per automatitzar feines.<\/div>\n<div>&nbsp;<\/div>\n<div>Us deixo dos enlla\u00e7os per comen\u00e7ar, una p\u00e0gina a on parlant dels <a href=\"http:\/\/www.infoworld.com\/article\/3133854\/application-development\/5-wicked-fast-python-frameworks-you-have-to-try.html\">5 millors frameworks<\/a> per l\u2019entorn de programaci\u00f3 de Python, i una a on parlen <a href=\"http:\/\/www.infoworld.com\/article\/3132430\/application-development\/review-6-python-ides-go-to-the-mat.html\">dels 6 millors IDE<\/a> per programadors.<\/div>\n<div>&nbsp;<\/div>\n<div>&nbsp;<\/div>\n<\/div>\n<\/div>\n<div>&nbsp;<\/div>\n<div>&nbsp;<\/div>\n<div>&nbsp;<\/div>\n<div>I, per acabar, dues previsions que no costen res de fer, el tel\u00e8fon de Microsoft seguir\u00e0 sense tenir usuaris i tindrem un iPhone 8 el 2017, i una previsi\u00f3 d\u2019un projecte de kiskstarter\u00a0que ens ajudar\u00e0 en el nostre dia, <a href=\"http:\/\/mashable.com\/2016\/12\/19\/smartduvet-bed-makes-self\/#un94KRQ6oiq9\">un robot o un sistema\u00a0que fa el llit per nosaltres<\/a>\u00a0des del nostre tel\u00e8fon!, els d\u2019Smartduvet\u00a0volien aconseguir $30.000 a kickstarter i ja en porten $33.818, <a href=\"https:\/\/www.kickstarter.com\/projects\/857840278\/smartduvet-the-self-making-bed-is-here\">si voleu apuntar-vos sou a temps<\/a>.<\/div>\n<div><\/div>\n<div><a href=\"https:\/\/i0.wp.com\/pensalla.cat\/wp-content\/uploads\/2016\/12\/E0C503D0-C102-4A9E-8254-1583B4866DD6.png\"><img data-recalc-dims=\"1\" loading=\"lazy\" decoding=\"async\" class=\"aligncenter size-medium wp-image-1794\" src=\"https:\/\/i0.wp.com\/pensalla.cat\/wp-content\/uploads\/2016\/12\/E0C503D0-C102-4A9E-8254-1583B4866DD6-300x168.png?resize=300%2C168\" alt=\"\" width=\"300\" height=\"168\" srcset=\"https:\/\/i0.wp.com\/pensalla.cat\/wp-content\/uploads\/2016\/12\/E0C503D0-C102-4A9E-8254-1583B4866DD6.png?resize=300%2C168&amp;ssl=1 300w, https:\/\/i0.wp.com\/pensalla.cat\/wp-content\/uploads\/2016\/12\/E0C503D0-C102-4A9E-8254-1583B4866DD6.png?resize=100%2C56&amp;ssl=1 100w, https:\/\/i0.wp.com\/pensalla.cat\/wp-content\/uploads\/2016\/12\/E0C503D0-C102-4A9E-8254-1583B4866DD6.png?resize=150%2C84&amp;ssl=1 150w, https:\/\/i0.wp.com\/pensalla.cat\/wp-content\/uploads\/2016\/12\/E0C503D0-C102-4A9E-8254-1583B4866DD6.png?resize=200%2C112&amp;ssl=1 200w, https:\/\/i0.wp.com\/pensalla.cat\/wp-content\/uploads\/2016\/12\/E0C503D0-C102-4A9E-8254-1583B4866DD6.png?resize=450%2C252&amp;ssl=1 450w, https:\/\/i0.wp.com\/pensalla.cat\/wp-content\/uploads\/2016\/12\/E0C503D0-C102-4A9E-8254-1583B4866DD6.png?resize=600%2C336&amp;ssl=1 600w, https:\/\/i0.wp.com\/pensalla.cat\/wp-content\/uploads\/2016\/12\/E0C503D0-C102-4A9E-8254-1583B4866DD6.png?w=661&amp;ssl=1 661w\" sizes=\"auto, (max-width: 300px) 100vw, 300px\" \/><\/a><\/div>\n<div><\/div>\n<div><\/div>\n<div><\/div>\n<div style=\"padding-top:0px;\t\r\npadding-right:0px;\r\npadding-bottom:0px;\r\npadding-left:0px;\r\nmargin-top:0px;\r\nmargin-right:0px;\r\nmargin-bottom:0px;\r\nmargin-left:0px;\"><a href=\"https:\/\/twitter.com\/share\" class=\"twitter-share-button\" \r\n\t\t\t\t        data-url=\"https:\/\/pensalla.cat\/?p=1788\" \r\n\t\t\t\t        data-via=\"jjofra\"\r\n\t\t\t\t\t    data-text=\"Un 2017 ple de novetats\"\r\n\t\t\t\t\t    data-related=\"\"\r\n\t\t\t\t\t    data-count=\"none\"\r\n\t\t\t\t\t    data-hashtags=\"\"\r\n\t\t\t\t\t    data-lang=\"autoLANGauto\"\r\n\t\t\t\t\t    data-counturl=\"pensalla.cat\"\r\n\t\t\t\t\t    data-size=\"medium\"\r\n\t\t\t\t\t    data-dnt=\"false\"\t> Tweet <\/a> <\/div>\r\n\t\t                <script>\r\n\t\t\t\t\t    !function(d,s,id) {\r\n\t\t\t\t\t      var js,fjs=d.getElementsByTagName(s)[0];\r\n\t\t\t\t\t      if(!d.getElementById(id)) {\r\n\t\t\t\t\t       js=d.createElement(s);js.id=id;js.src=\"https:\/\/platform.twitter.com\/widgets.js\";fjs.parentNode.insertBefore(js,fjs);\r\n\t\t\t\t\t      }\r\n\t\t\t\t\t    }\r\n\t\t\t\t\t   (document,\"script\",\"twitter-wjs\");\r\n\t\t\t\t\t    <\/script>","protected":false},"excerpt":{"rendered":"<p>Tweet &nbsp; &nbsp; Any nou, prop\u00f2sits nous, quines s\u00f3n les novetats previstes en el m\u00f3n de la tecnologia i la inform\u00e0tica per al 2017? En fem un tast.\u00a0 &nbsp; &nbsp; Cotxes sense conductors &nbsp; El setembre del 2016 el Secretari<span class=\"ellipsis\">&hellip;<\/span><\/p>\n<div class=\"read-more\"><a href=\"https:\/\/pensalla.cat\/?p=1788\">Read more <span class=\"screen-reader-text\">Un 2017 ple de novetats<\/span><span class=\"meta-nav\"> &#8250;<\/span><\/a><\/div>\n<p><!-- end of .read-more --><\/p>\n","protected":false},"author":1,"featured_media":0,"comment_status":"open","ping_status":"open","sticky":false,"template":"","format":"standard","meta":{"_exactmetrics_skip_tracking":false,"_exactmetrics_sitenote_active":false,"_exactmetrics_sitenote_note":"","_exactmetrics_sitenote_category":0,"jetpack_post_was_ever_published":false,"_jetpack_newsletter_access":"","_jetpack_dont_email_post_to_subs":false,"_jetpack_newsletter_tier_id":0,"_jetpack_memberships_contains_paywalled_content":false,"_jetpack_memberships_contains_paid_content":false,"footnotes":"","jetpack_publicize_message":"","jetpack_publicize_feature_enabled":true,"jetpack_social_post_already_shared":true,"jetpack_social_options":{"image_generator_settings":{"template":"highway","default_image_id":0,"font":"","enabled":false},"version":2}},"categories":[2],"tags":[],"class_list":["post-1788","post","type-post","status-publish","format-standard","hentry","category-articles"],"aioseo_notices":[],"jetpack_publicize_connections":[],"jetpack_featured_media_url":"","jetpack_sharing_enabled":true,"_links":{"self":[{"href":"https:\/\/pensalla.cat\/index.php?rest_route=\/wp\/v2\/posts\/1788","targetHints":{"allow":["GET"]}}],"collection":[{"href":"https:\/\/pensalla.cat\/index.php?rest_route=\/wp\/v2\/posts"}],"about":[{"href":"https:\/\/pensalla.cat\/index.php?rest_route=\/wp\/v2\/types\/post"}],"author":[{"embeddable":true,"href":"https:\/\/pensalla.cat\/index.php?rest_route=\/wp\/v2\/users\/1"}],"replies":[{"embeddable":true,"href":"https:\/\/pensalla.cat\/index.php?rest_route=%2Fwp%2Fv2%2Fcomments&post=1788"}],"version-history":[{"count":0,"href":"https:\/\/pensalla.cat\/index.php?rest_route=\/wp\/v2\/posts\/1788\/revisions"}],"wp:attachment":[{"href":"https:\/\/pensalla.cat\/index.php?rest_route=%2Fwp%2Fv2%2Fmedia&parent=1788"}],"wp:term":[{"taxonomy":"category","embeddable":true,"href":"https:\/\/pensalla.cat\/index.php?rest_route=%2Fwp%2Fv2%2Fcategories&post=1788"},{"taxonomy":"post_tag","embeddable":true,"href":"https:\/\/pensalla.cat\/index.php?rest_route=%2Fwp%2Fv2%2Ftags&post=1788"}],"curies":[{"name":"wp","href":"https:\/\/api.w.org\/{rel}","templated":true}]}}