{"id":1797,"date":"2017-01-13T07:10:33","date_gmt":"2017-01-13T06:10:33","guid":{"rendered":"http:\/\/pensalla.cat\/?p=1797"},"modified":"2017-01-12T19:03:29","modified_gmt":"2017-01-12T18:03:29","slug":"el-ces-2017","status":"publish","type":"post","link":"https:\/\/pensalla.cat\/?p=1797","title":{"rendered":"El CES 2017"},"content":{"rendered":"<div style=\"padding-top:0px;\t\r\npadding-right:0px;\r\npadding-bottom:0px;\r\npadding-left:0px;\r\nmargin-top:0px;\r\nmargin-right:0px;\r\nmargin-bottom:0px;\r\nmargin-left:0px;\"><a href=\"https:\/\/twitter.com\/share\" class=\"twitter-share-button\" \r\n\t\t\t\t        data-url=\"https:\/\/pensalla.cat\/?p=1797\" \r\n\t\t\t\t        data-via=\"jjofra\"\r\n\t\t\t\t\t    data-text=\"El CES 2017\"\r\n\t\t\t\t\t    data-related=\"\"\r\n\t\t\t\t\t    data-count=\"none\"\r\n\t\t\t\t\t    data-hashtags=\"\"\r\n\t\t\t\t\t    data-lang=\"autoLANGauto\"\r\n\t\t\t\t\t    data-counturl=\"pensalla.cat\"\r\n\t\t\t\t\t    data-size=\"medium\"\r\n\t\t\t\t\t    data-dnt=\"false\"\t> Tweet <\/a> <\/div>\r\n\t\t                <script>\r\n\t\t\t\t\t    !function(d,s,id) {\r\n\t\t\t\t\t      var js,fjs=d.getElementsByTagName(s)[0];\r\n\t\t\t\t\t      if(!d.getElementById(id)) {\r\n\t\t\t\t\t       js=d.createElement(s);js.id=id;js.src=\"https:\/\/platform.twitter.com\/widgets.js\";fjs.parentNode.insertBefore(js,fjs);\r\n\t\t\t\t\t      }\r\n\t\t\t\t\t    }\r\n\t\t\t\t\t   (document,\"script\",\"twitter-wjs\");\r\n\t\t\t\t\t    <\/script><div>&nbsp;<\/div>\n<div>&nbsp;<\/div>\n<div>Com ja \u00e9s tradicional, per Reis tamb\u00e9 arriba el CES, el Consumer Electronics Show, la que es considera la fira m\u00e9s gran d\u2019electr\u00f2nica de consum, i el lloc a on tots els fabricants de hardware i software fan les seves presentacions m\u00e9s cridaneres, aix\u00ed que avui intentar\u00e9 portar-vos un tast de les m\u00e9s interessants o de les m\u00e9s \u2018especials\u2019.<\/div>\n<div>&nbsp;<\/div>\n<div>&nbsp;<\/div>\n<div><b>El <a href=\"https:\/\/fasetto.link\">Fasetto Link<\/a><\/b><\/div>\n<div>&nbsp;<\/div>\n<div>El nom \u00e9s dif\u00edcil, <a href=\"https:\/\/fasetto.link\">Fasetto Link<\/a>, per\u00f2 el que fa \u00e9s molt i molt senzill, \u00e9s un petit\u00a0dispositiu intel\u00b7ligent\u00a0sense fils, fixeu-vos en la foto, que pot funcionar com a n\u00favol personal, des de 256GB\u00a0fins a 2 TB, com a punt de connexi\u00f3 wifi 4G LTE,\u00a0connectivitat bluetooth\u00a0i com a sistema de c\u00f2pies, tot aix\u00f2 en una capsa de 50*50 mm i 25 mm d\u2019al\u00e7ada que pesa una mica m\u00e9s de\u00a0100 grams (4 unces) i \u00e9s resistent a l\u2019aigua.<\/div>\n<div>&nbsp;<\/div>\n<div>No proposa que us oblideu de Dropbox o de Google Drive, sin\u00f3 que els integra i permet que porteu els vostres arxius a la butxaca, ara, prepareu-vos als preus si voleu 2TB:<\/div>\n<div>&nbsp;<\/div>\n<div>256 GB &#8211; $349<\/div>\n<div>512 GB &#8211; $499<\/div>\n<div>2TB \u00a0 \u00a0 \u00a0 &#8211; $1.149<\/div>\n<div>&nbsp;<\/div>\n<div><a href=\"https:\/\/i0.wp.com\/pensalla.cat\/wp-content\/uploads\/2017\/01\/90931B39-159A-49CA-AD39-0B751A2BD5C9.jpg\"><img data-recalc-dims=\"1\" loading=\"lazy\" decoding=\"async\" class=\"aligncenter size-medium wp-image-1807\" src=\"https:\/\/i0.wp.com\/pensalla.cat\/wp-content\/uploads\/2017\/01\/90931B39-159A-49CA-AD39-0B751A2BD5C9-300x169.jpg?resize=300%2C169\" alt=\"\" width=\"300\" height=\"169\" srcset=\"https:\/\/i0.wp.com\/pensalla.cat\/wp-content\/uploads\/2017\/01\/90931B39-159A-49CA-AD39-0B751A2BD5C9.jpg?resize=300%2C169&amp;ssl=1 300w, https:\/\/i0.wp.com\/pensalla.cat\/wp-content\/uploads\/2017\/01\/90931B39-159A-49CA-AD39-0B751A2BD5C9.jpg?resize=768%2C432&amp;ssl=1 768w, https:\/\/i0.wp.com\/pensalla.cat\/wp-content\/uploads\/2017\/01\/90931B39-159A-49CA-AD39-0B751A2BD5C9.jpg?resize=100%2C56&amp;ssl=1 100w, https:\/\/i0.wp.com\/pensalla.cat\/wp-content\/uploads\/2017\/01\/90931B39-159A-49CA-AD39-0B751A2BD5C9.jpg?resize=150%2C84&amp;ssl=1 150w, https:\/\/i0.wp.com\/pensalla.cat\/wp-content\/uploads\/2017\/01\/90931B39-159A-49CA-AD39-0B751A2BD5C9.jpg?resize=200%2C113&amp;ssl=1 200w, https:\/\/i0.wp.com\/pensalla.cat\/wp-content\/uploads\/2017\/01\/90931B39-159A-49CA-AD39-0B751A2BD5C9.jpg?resize=450%2C253&amp;ssl=1 450w, https:\/\/i0.wp.com\/pensalla.cat\/wp-content\/uploads\/2017\/01\/90931B39-159A-49CA-AD39-0B751A2BD5C9.jpg?resize=600%2C338&amp;ssl=1 600w, https:\/\/i0.wp.com\/pensalla.cat\/wp-content\/uploads\/2017\/01\/90931B39-159A-49CA-AD39-0B751A2BD5C9.jpg?w=796&amp;ssl=1 796w\" sizes=\"auto, (max-width: 300px) 100vw, 300px\" \/><\/a><\/div>\n<div>&nbsp;<\/div>\n<div>&nbsp;<\/div>\n<div><a href=\"https:\/\/i0.wp.com\/pensalla.cat\/wp-content\/uploads\/2017\/01\/4A4BD5D3-9915-4383-9868-12AF70DF2147.png\"><img data-recalc-dims=\"1\" loading=\"lazy\" decoding=\"async\" class=\"size-medium wp-image-1798 alignleft\" src=\"https:\/\/i0.wp.com\/pensalla.cat\/wp-content\/uploads\/2017\/01\/4A4BD5D3-9915-4383-9868-12AF70DF2147-300x269.png?resize=300%2C269\" alt=\"\" width=\"300\" height=\"269\" srcset=\"https:\/\/i0.wp.com\/pensalla.cat\/wp-content\/uploads\/2017\/01\/4A4BD5D3-9915-4383-9868-12AF70DF2147.png?resize=300%2C269&amp;ssl=1 300w, https:\/\/i0.wp.com\/pensalla.cat\/wp-content\/uploads\/2017\/01\/4A4BD5D3-9915-4383-9868-12AF70DF2147.png?resize=100%2C90&amp;ssl=1 100w, https:\/\/i0.wp.com\/pensalla.cat\/wp-content\/uploads\/2017\/01\/4A4BD5D3-9915-4383-9868-12AF70DF2147.png?resize=150%2C135&amp;ssl=1 150w, https:\/\/i0.wp.com\/pensalla.cat\/wp-content\/uploads\/2017\/01\/4A4BD5D3-9915-4383-9868-12AF70DF2147.png?resize=200%2C179&amp;ssl=1 200w, https:\/\/i0.wp.com\/pensalla.cat\/wp-content\/uploads\/2017\/01\/4A4BD5D3-9915-4383-9868-12AF70DF2147.png?resize=450%2C404&amp;ssl=1 450w, https:\/\/i0.wp.com\/pensalla.cat\/wp-content\/uploads\/2017\/01\/4A4BD5D3-9915-4383-9868-12AF70DF2147.png?w=485&amp;ssl=1 485w\" sizes=\"auto, (max-width: 300px) 100vw, 300px\" \/><\/a><\/div>\n<div>&nbsp;<\/div>\n<div><a href=\"https:\/\/i0.wp.com\/pensalla.cat\/wp-content\/uploads\/2017\/01\/A5E5017D-1142-4D49-8725-E81D2FE82D1A.png\"><img data-recalc-dims=\"1\" loading=\"lazy\" decoding=\"async\" class=\"alignright size-medium wp-image-1809\" src=\"https:\/\/i0.wp.com\/pensalla.cat\/wp-content\/uploads\/2017\/01\/A5E5017D-1142-4D49-8725-E81D2FE82D1A-177x300.png?resize=177%2C300\" alt=\"\" width=\"177\" height=\"300\" srcset=\"https:\/\/i0.wp.com\/pensalla.cat\/wp-content\/uploads\/2017\/01\/A5E5017D-1142-4D49-8725-E81D2FE82D1A.png?resize=177%2C300&amp;ssl=1 177w, https:\/\/i0.wp.com\/pensalla.cat\/wp-content\/uploads\/2017\/01\/A5E5017D-1142-4D49-8725-E81D2FE82D1A.png?resize=100%2C170&amp;ssl=1 100w, https:\/\/i0.wp.com\/pensalla.cat\/wp-content\/uploads\/2017\/01\/A5E5017D-1142-4D49-8725-E81D2FE82D1A.png?resize=150%2C255&amp;ssl=1 150w, https:\/\/i0.wp.com\/pensalla.cat\/wp-content\/uploads\/2017\/01\/A5E5017D-1142-4D49-8725-E81D2FE82D1A.png?resize=200%2C340&amp;ssl=1 200w, https:\/\/i0.wp.com\/pensalla.cat\/wp-content\/uploads\/2017\/01\/A5E5017D-1142-4D49-8725-E81D2FE82D1A.png?w=229&amp;ssl=1 229w\" sizes=\"auto, (max-width: 177px) 100vw, 177px\" \/><\/a><\/div>\n<div>&nbsp;<\/div>\n<div>&nbsp;<\/div>\n<div>&nbsp;<\/div>\n<div>&nbsp;<\/div>\n<div>&nbsp;<\/div>\n<div>&nbsp;<\/div>\n<div>&nbsp;<\/div>\n<div>&nbsp;<\/div>\n<div>&nbsp;<\/div>\n<div>&nbsp;<\/div>\n<div>&nbsp;<\/div>\n<div>&nbsp;<\/div>\n<div>&nbsp;<\/div>\n<div>&nbsp;<\/div>\n<div>&nbsp;<\/div>\n<div>Per no quedar-se enrere, els de Kingston han presentat el <a href=\"http:\/\/www.kingston.com\/us\/company\/press\/article\/48472\">DataTraveler Ultimate GT<\/a>, un USB amb 2 TB de capacitat, diuen que disponible al febrer, per\u00f2\u00a0encara sense preu.<\/div>\n<div>&nbsp;<\/div>\n<div>&nbsp;<\/div>\n<div><a href=\"https:\/\/i0.wp.com\/pensalla.cat\/wp-content\/uploads\/2017\/01\/DC56A442-394A-44B4-B270-4DAAC401A9F2.png\"><img data-recalc-dims=\"1\" loading=\"lazy\" decoding=\"async\" class=\"size-medium wp-image-1812 aligncenter\" src=\"https:\/\/i0.wp.com\/pensalla.cat\/wp-content\/uploads\/2017\/01\/DC56A442-394A-44B4-B270-4DAAC401A9F2-300x246.png?resize=300%2C246\" alt=\"\" width=\"300\" height=\"246\" srcset=\"https:\/\/i0.wp.com\/pensalla.cat\/wp-content\/uploads\/2017\/01\/DC56A442-394A-44B4-B270-4DAAC401A9F2.png?resize=300%2C246&amp;ssl=1 300w, https:\/\/i0.wp.com\/pensalla.cat\/wp-content\/uploads\/2017\/01\/DC56A442-394A-44B4-B270-4DAAC401A9F2.png?resize=100%2C82&amp;ssl=1 100w, https:\/\/i0.wp.com\/pensalla.cat\/wp-content\/uploads\/2017\/01\/DC56A442-394A-44B4-B270-4DAAC401A9F2.png?resize=150%2C123&amp;ssl=1 150w, https:\/\/i0.wp.com\/pensalla.cat\/wp-content\/uploads\/2017\/01\/DC56A442-394A-44B4-B270-4DAAC401A9F2.png?resize=200%2C164&amp;ssl=1 200w, https:\/\/i0.wp.com\/pensalla.cat\/wp-content\/uploads\/2017\/01\/DC56A442-394A-44B4-B270-4DAAC401A9F2.png?resize=450%2C369&amp;ssl=1 450w, https:\/\/i0.wp.com\/pensalla.cat\/wp-content\/uploads\/2017\/01\/DC56A442-394A-44B4-B270-4DAAC401A9F2.png?resize=600%2C492&amp;ssl=1 600w, https:\/\/i0.wp.com\/pensalla.cat\/wp-content\/uploads\/2017\/01\/DC56A442-394A-44B4-B270-4DAAC401A9F2.png?w=624&amp;ssl=1 624w\" sizes=\"auto, (max-width: 300px) 100vw, 300px\" \/><\/a><\/div>\n<div>&nbsp;<\/div>\n<div>&nbsp;<\/div>\n<div>&nbsp;<\/div>\n<div>&nbsp;<\/div>\n<div><b>El <a href=\"https:\/\/www.bactrack.com\/pages\/bactrack-skyn-wearable-alcohol-monitor\">BACtrack Skyn<\/a><\/b><\/div>\n<div>&nbsp;<\/div>\n<div>El <a href=\"https:\/\/www.bactrack.com\/pages\/bactrack-skyn-wearable-alcohol-monitor\">BACtrack Skyn<\/a> \u00e9s el primer \u2018wearable\u2019, en aquest cas una polsera,\u00a0que et diu quin \u00e9s el teu nivell d\u2019alcohol en temps real. BAC s\u00f3n les inicials de Blood Alcohol Content (nivell d\u2019alcohol en sang) i en lloc de fer-vos bufar va mesurant les mol\u00e8cules d\u2019etanol que es van secretant per la pell, un sistema que ells han batejat com a TAC o Transdermal Alcohol Content, de forma que la mesura no \u00e9s puntual, com quan bufem, si\u00a0no continua.<\/div>\n<div>&nbsp;<\/div>\n<div>Encara no han donat dates ni preus de venda, per\u00f2 diuen que estar\u00e0 disponible el 2017 i no creieu que \u00e9s un bluf, el prototipus que van fer va guanyar el Maig del 2016 el premi de $200.000 com a Wearable Alcohol Biosensor que donava el NIAAA (National Institute on Alcohol Abuse and Alcoholism), organisme de l&#8217;Institut Nacional de Salut.<\/div>\n<div>&nbsp;<\/div>\n<div>&nbsp;<\/div>\n<div><a href=\"https:\/\/i0.wp.com\/pensalla.cat\/wp-content\/uploads\/2017\/01\/5271C202-5204-4436-A866-A0B1FDC0C916.png\"><img data-recalc-dims=\"1\" loading=\"lazy\" decoding=\"async\" class=\"aligncenter size-medium wp-image-1806\" src=\"https:\/\/i0.wp.com\/pensalla.cat\/wp-content\/uploads\/2017\/01\/5271C202-5204-4436-A866-A0B1FDC0C916-197x300.png?resize=197%2C300\" alt=\"\" width=\"197\" height=\"300\" srcset=\"https:\/\/i0.wp.com\/pensalla.cat\/wp-content\/uploads\/2017\/01\/5271C202-5204-4436-A866-A0B1FDC0C916.png?resize=197%2C300&amp;ssl=1 197w, https:\/\/i0.wp.com\/pensalla.cat\/wp-content\/uploads\/2017\/01\/5271C202-5204-4436-A866-A0B1FDC0C916.png?resize=100%2C152&amp;ssl=1 100w, https:\/\/i0.wp.com\/pensalla.cat\/wp-content\/uploads\/2017\/01\/5271C202-5204-4436-A866-A0B1FDC0C916.png?resize=150%2C228&amp;ssl=1 150w, https:\/\/i0.wp.com\/pensalla.cat\/wp-content\/uploads\/2017\/01\/5271C202-5204-4436-A866-A0B1FDC0C916.png?resize=200%2C304&amp;ssl=1 200w, https:\/\/i0.wp.com\/pensalla.cat\/wp-content\/uploads\/2017\/01\/5271C202-5204-4436-A866-A0B1FDC0C916.png?resize=300%2C456&amp;ssl=1 300w, https:\/\/i0.wp.com\/pensalla.cat\/wp-content\/uploads\/2017\/01\/5271C202-5204-4436-A866-A0B1FDC0C916.png?w=440&amp;ssl=1 440w\" sizes=\"auto, (max-width: 197px) 100vw, 197px\" \/><\/a><\/div>\n<div>&nbsp;<\/div>\n<div>&nbsp;<\/div>\n<div>&nbsp;<\/div>\n<div><b>Alexa a tot arreu<\/b><\/div>\n<div>&nbsp;<\/div>\n<div>Per fer-ho r\u00e0pid, Alexa \u00e9s a Amazon, el que Siri \u00e9s a Apple, un assistent virtual que ent\u00e9n ordres verbals i et d\u00f3na resultats en forma d\u2019informaci\u00f3 o d\u2019accions en els dispositius que pot controlar i que es posa en marxa, simplement, amb l\u2019ordre \u2018Hi, Alexa\u2019 i, encara que Amazon no estava al CES 2017, tots parlaven d\u2019Alexa.<\/div>\n<div>&nbsp;<\/div>\n<div>El principal dispositiu \u00e9s l\u2019altaveu \u2018Amazon Echo\u2019 o, millor, el conjunt d\u2019altaveus Echo (Echo $179,99, Tap $129,99, i Dot $49,99).\u00a0Igual que Siri principalment viu a l\u2019iPhone, Alexa viu a l\u2019Echo, per\u00f2 el que hem vist al CES d\u2019aquest any \u00e9s la infinita proliferaci\u00f3 de dispositius de molts fabricants que han incorporat la tecnologia d\u2019Alexa, no nom\u00e9s a accessoris de casa, per\u00f2 tamb\u00e9 el podrem trobar als cotxes de Ford o a robots. La llista de dispositius a on podem trobar Alexa \u00e9s tan gran que us deixo aquest <a href=\"http:\/\/www.theverge.com\/ces\/2017\/1\/4\/14169550\/amazon-alexa-so-many-things-at-ces-2017\">link a The Verge<\/a> amb una relaci\u00f3 gaireb\u00e9 exhaustiva dels principals fabricants que incorporen Alexa.<\/div>\n<div>&nbsp;<\/div>\n<div>De moment nom\u00e9s entenen l\u2019angl\u00e8s i l&#8217;alemany i encara no es poden comprar aqu\u00ed, per\u00f2 si esteu interessats, podeu utilitzar els serveis de <a href=\"http:\/\/www.bigapplebuddy.com\">BigAppleBuddy<\/a>\u00a0o d\u2019<a href=\"http:\/\/www.alfasent.com\">AlfaSent<\/a> que s\u00f3n empreses que us envien el que vulgueu des dels Estats Units, i, de moment, a <a href=\"https:\/\/www.amazon.de\/dp\/B01GAGVCUY?ref=spkl_4_1_1174710487&amp;qid=1483978983&amp;pf_rd_p=1174710487&amp;pf_rd_m=A1PA6795UKMFR9&amp;pf_rd_t=301&amp;pf_rd_s=desktop-auto-sparkle&amp;pf_rd_r=DRQXKXHCV8ZS4DNVPMK2&amp;pf_rd_i=amazon+echo\">Amazon Alemanya<\/a>\u00a0per\u00f2 no a Amazon UK, el preu en d\u00f2lars del Echo l&#8217;han tradu\u00eft a preu en euros Iva incl\u00f2s i el Dot val 59,99 \u20ac, per\u00f2 heu de tenir present que NO us deixar\u00e0 configurar-lo com a \u2018resident\u2019 a Barcelona per saber el temps que fa o els serveis que teniu disponibles, haureu de seleccionar una ciutat anglesa o alemanya.<\/div>\n<div>&nbsp;<\/div>\n<div>S\u2019especula que aquest any estaran disponibles a Catalunya.<\/div>\n<div>&nbsp;<\/div>\n<div>&nbsp;<\/div>\n<div><a href=\"https:\/\/i0.wp.com\/pensalla.cat\/wp-content\/uploads\/2017\/01\/4A6A62CA-431E-4A55-9B9A-E791EE6A266B.png\"><img data-recalc-dims=\"1\" loading=\"lazy\" decoding=\"async\" class=\"aligncenter size-medium wp-image-1799\" src=\"https:\/\/i0.wp.com\/pensalla.cat\/wp-content\/uploads\/2017\/01\/4A6A62CA-431E-4A55-9B9A-E791EE6A266B-300x210.png?resize=300%2C210\" alt=\"\" width=\"300\" height=\"210\" srcset=\"https:\/\/i0.wp.com\/pensalla.cat\/wp-content\/uploads\/2017\/01\/4A6A62CA-431E-4A55-9B9A-E791EE6A266B.png?resize=300%2C210&amp;ssl=1 300w, https:\/\/i0.wp.com\/pensalla.cat\/wp-content\/uploads\/2017\/01\/4A6A62CA-431E-4A55-9B9A-E791EE6A266B.png?resize=100%2C70&amp;ssl=1 100w, https:\/\/i0.wp.com\/pensalla.cat\/wp-content\/uploads\/2017\/01\/4A6A62CA-431E-4A55-9B9A-E791EE6A266B.png?resize=150%2C105&amp;ssl=1 150w, https:\/\/i0.wp.com\/pensalla.cat\/wp-content\/uploads\/2017\/01\/4A6A62CA-431E-4A55-9B9A-E791EE6A266B.png?resize=200%2C140&amp;ssl=1 200w, https:\/\/i0.wp.com\/pensalla.cat\/wp-content\/uploads\/2017\/01\/4A6A62CA-431E-4A55-9B9A-E791EE6A266B.png?resize=450%2C315&amp;ssl=1 450w, https:\/\/i0.wp.com\/pensalla.cat\/wp-content\/uploads\/2017\/01\/4A6A62CA-431E-4A55-9B9A-E791EE6A266B.png?resize=600%2C420&amp;ssl=1 600w, https:\/\/i0.wp.com\/pensalla.cat\/wp-content\/uploads\/2017\/01\/4A6A62CA-431E-4A55-9B9A-E791EE6A266B.png?w=626&amp;ssl=1 626w\" sizes=\"auto, (max-width: 300px) 100vw, 300px\" \/><\/a><\/div>\n<div>&nbsp;<\/div>\n<div>Qu\u00e8 pot fer Alexa per nosaltres?, o millor, qu\u00e8 sap fer avui Alexa, perqu\u00e8 segur que la llista anir\u00e0 creixent i creixent \u2026<\/div>\n<div>&nbsp;<\/div>\n<div>\n<ul>\n<li>enviar-nos m\u00fasica, normalment en stream i de la llibreria d\u2019Amazon Primer Music, per\u00f2 tamb\u00e9 sap enviar-nos m\u00fasica de Pandora, d\u2019Spotify o de TuneIn.<\/li>\n<li>llegir-nos les not\u00edcies, fent un resum de les not\u00edcies o talls de veu que, segons els temes que li hem dit que ens interessen, troba a Internet<\/li>\n<li>Avisar-nos de les not\u00edcies del tr\u00e0fic o del temps,<\/li>\n<li>Posar alarmes o cron\u00f2metres<\/li>\n<li>Controlar els dispositius \u2018intel\u00b7ligents\u2019 de\u00a0la nostra casa<\/li>\n<li>Contestar les preguntes que li fem, amb m\u00e9s o menys encert, per\u00f2 cada vegada m\u00e9s.<\/li>\n<\/ul>\n<\/div>\n<div>&nbsp;<\/div>\n<div>La part interessant \u00e9s que Alexa pot ser complementat amb \u2018skills\u2019 o \u2018habilitats\u2019 d\u2019altres empreses, com per exemple les habilitats per <a href=\"https:\/\/www.cnet.com\/how-to\/use-amazon-echo-to-never-run-out-of-pizza-again\/\">demanar una pizza a Domino\u2019s<\/a> o per demanar un cotxe a \u00dcber, o, amb l\u2019skill Molly, <a href=\"https:\/\/www.cnet.com\/how-to\/send-short-text-messages-with-alexa\/\">enviar SMS<\/a>\u2019s.<\/div>\n<div>&nbsp;<\/div>\n<div>Si voleu anar descobrint les seves habilitats, aquesta p\u00e0gina d C|net t\u00e9 <a href=\"https:\/\/www.cnet.com\/how-to\/the-complete-list-of-alexa-commands\/\">una llista de les ordres que Alexa pot fer<\/a>\u00a0(fins ara).<\/div>\n<div>&nbsp;<\/div>\n<div>Un altre exemple \u00e9s la nevera <a href=\"http:\/\/www.lg.com\/us\/refrigerators\/lg-LUPXS3186N-instaview-door-in-door-refrigerator\">LG Signature 31<\/a>\u00a0Instaview, que ja es va presentar al CES 2016, ara t\u00e9 una <a href=\"https:\/\/developer.amazon.com\/blogs\/post\/a1a8cee5-e013-4ec0-9ce3-53193c23cfc8\/lg-smart-instaview-refrigerator-now-with-amazon-alexa\">nova versi\u00f3 que s\u2019ha presentat al CES 2017 amb Alexa<\/a> incorporat que gr\u00e0cies a etiquetes intel\u00b7ligents del menjar que tenim al frigor\u00edfic fa comandes autom\u00e0ticament a Amazon Prime \ud83d\ude42<\/div>\n<div>&nbsp;<\/div>\n<div><a href=\"https:\/\/i0.wp.com\/pensalla.cat\/wp-content\/uploads\/2017\/01\/AF860CA1-B95B-4447-A9A4-DBB5D1D5264F.jpg\"><img data-recalc-dims=\"1\" loading=\"lazy\" decoding=\"async\" class=\"aligncenter size-large wp-image-1810\" src=\"https:\/\/i0.wp.com\/pensalla.cat\/wp-content\/uploads\/2017\/01\/AF860CA1-B95B-4447-A9A4-DBB5D1D5264F-541x1024.jpg?resize=541%2C1024\" alt=\"\" width=\"541\" height=\"1024\" srcset=\"https:\/\/i0.wp.com\/pensalla.cat\/wp-content\/uploads\/2017\/01\/AF860CA1-B95B-4447-A9A4-DBB5D1D5264F.jpg?resize=541%2C1024&amp;ssl=1 541w, https:\/\/i0.wp.com\/pensalla.cat\/wp-content\/uploads\/2017\/01\/AF860CA1-B95B-4447-A9A4-DBB5D1D5264F.jpg?resize=158%2C300&amp;ssl=1 158w, https:\/\/i0.wp.com\/pensalla.cat\/wp-content\/uploads\/2017\/01\/AF860CA1-B95B-4447-A9A4-DBB5D1D5264F.jpg?resize=768%2C1454&amp;ssl=1 768w, https:\/\/i0.wp.com\/pensalla.cat\/wp-content\/uploads\/2017\/01\/AF860CA1-B95B-4447-A9A4-DBB5D1D5264F.jpg?resize=100%2C189&amp;ssl=1 100w, https:\/\/i0.wp.com\/pensalla.cat\/wp-content\/uploads\/2017\/01\/AF860CA1-B95B-4447-A9A4-DBB5D1D5264F.jpg?resize=150%2C284&amp;ssl=1 150w, https:\/\/i0.wp.com\/pensalla.cat\/wp-content\/uploads\/2017\/01\/AF860CA1-B95B-4447-A9A4-DBB5D1D5264F.jpg?resize=200%2C379&amp;ssl=1 200w, https:\/\/i0.wp.com\/pensalla.cat\/wp-content\/uploads\/2017\/01\/AF860CA1-B95B-4447-A9A4-DBB5D1D5264F.jpg?resize=300%2C568&amp;ssl=1 300w, https:\/\/i0.wp.com\/pensalla.cat\/wp-content\/uploads\/2017\/01\/AF860CA1-B95B-4447-A9A4-DBB5D1D5264F.jpg?resize=450%2C852&amp;ssl=1 450w, https:\/\/i0.wp.com\/pensalla.cat\/wp-content\/uploads\/2017\/01\/AF860CA1-B95B-4447-A9A4-DBB5D1D5264F.jpg?resize=600%2C1136&amp;ssl=1 600w, https:\/\/i0.wp.com\/pensalla.cat\/wp-content\/uploads\/2017\/01\/AF860CA1-B95B-4447-A9A4-DBB5D1D5264F.jpg?resize=900%2C1703&amp;ssl=1 900w, https:\/\/i0.wp.com\/pensalla.cat\/wp-content\/uploads\/2017\/01\/AF860CA1-B95B-4447-A9A4-DBB5D1D5264F.jpg?w=1035&amp;ssl=1 1035w\" sizes=\"auto, (max-width: 541px) 100vw, 541px\" \/><\/a><\/p>\n<\/div>\n<div>&nbsp;<\/div>\n<div>Durant aquest 2017 veureu molts productes que faran servir, igual que la nevera d\u2019LG, el sistema d\u2019Alexa, que lluita per convertir-se en l\u2019amo de la casa i de les comandes que fem des de casa!<\/div>\n<div>&nbsp;<\/div>\n<div>&nbsp;<\/div>\n<div>&nbsp;<\/div>\n<div><b>Les noves Google Glass de Lenovo<\/b><\/div>\n<div>&nbsp;<\/div>\n<div>El t\u00edtol \u00e9s una mica engany\u00f3s, perqu\u00e8 NO s\u00f3n ulleres de Google, sin\u00f3 ulleres de Lenovo seguint la idea que en el seu dia va iniciar Google, b\u00e9,\u00a0va iniciar i va clausurar!<\/div>\n<div>&nbsp;<\/div>\n<div>Lenovo, el fabricant xin\u00e8s es vol atrevir a reobrir el mercat amb les <a href=\"http:\/\/blog.lenovo.com\/en\/blog\/lenovo-new-glass-c200-adds-smart-glasses-to-portfolio\/\">Lenovo New Glass C200<\/a>, per\u00f2 vol aconseguir clients empresarials, amb unes ulleres que porten incorporada una bateria al voltant del coll i una unitat que haurem de portar a la butxaca per connectar-nos via 4G, aix\u00f2 fa que les ulleres nom\u00e9s pesin 60 grams. Ara ha presentat el projecte i busca desenvolupadors i altres fabricants de hardware\u00a0per poder sortir al mercat a la tardor del 2017.<\/div>\n<div>&nbsp;<\/div>\n<div>&nbsp;<\/div>\n<div><a href=\"https:\/\/i0.wp.com\/pensalla.cat\/wp-content\/uploads\/2017\/01\/6B42D539-0B4E-44DA-8AAF-1721BD7B68AF.jpg\"><img data-recalc-dims=\"1\" loading=\"lazy\" decoding=\"async\" class=\"aligncenter size-medium wp-image-1801\" src=\"https:\/\/i0.wp.com\/pensalla.cat\/wp-content\/uploads\/2017\/01\/6B42D539-0B4E-44DA-8AAF-1721BD7B68AF-300x200.jpg?resize=300%2C200\" alt=\"\" width=\"300\" height=\"200\" srcset=\"https:\/\/i0.wp.com\/pensalla.cat\/wp-content\/uploads\/2017\/01\/6B42D539-0B4E-44DA-8AAF-1721BD7B68AF.jpg?resize=300%2C200&amp;ssl=1 300w, https:\/\/i0.wp.com\/pensalla.cat\/wp-content\/uploads\/2017\/01\/6B42D539-0B4E-44DA-8AAF-1721BD7B68AF.jpg?resize=100%2C67&amp;ssl=1 100w, https:\/\/i0.wp.com\/pensalla.cat\/wp-content\/uploads\/2017\/01\/6B42D539-0B4E-44DA-8AAF-1721BD7B68AF.jpg?resize=150%2C100&amp;ssl=1 150w, https:\/\/i0.wp.com\/pensalla.cat\/wp-content\/uploads\/2017\/01\/6B42D539-0B4E-44DA-8AAF-1721BD7B68AF.jpg?resize=200%2C133&amp;ssl=1 200w, https:\/\/i0.wp.com\/pensalla.cat\/wp-content\/uploads\/2017\/01\/6B42D539-0B4E-44DA-8AAF-1721BD7B68AF.jpg?resize=450%2C300&amp;ssl=1 450w, https:\/\/i0.wp.com\/pensalla.cat\/wp-content\/uploads\/2017\/01\/6B42D539-0B4E-44DA-8AAF-1721BD7B68AF.jpg?w=580&amp;ssl=1 580w\" sizes=\"auto, (max-width: 300px) 100vw, 300px\" \/><\/a><\/p>\n<\/div>\n<div>&nbsp;<\/div>\n<div>&nbsp;<\/div>\n<div>&nbsp;<\/div>\n<div>&nbsp;<\/div>\n<div><b>USB-C \u00e9s el futur<\/b><\/div>\n<div>&nbsp;<\/div>\n<div>El que sembla que ser\u00e0 el connector definitiu pels nostres dispositius, que va sortir a primers del 2015 en un MacBook d\u2019Apple, aviat estar\u00e0 a gaireb\u00e9 tots els nous ordinadors i ens alliberar\u00e0 del dubte de quin costat va amunt i quin avall, \u00c9S reversible!<\/div>\n<div>&nbsp;<\/div>\n<div><a href=\"https:\/\/i0.wp.com\/pensalla.cat\/wp-content\/uploads\/2017\/01\/637AEF73-10FB-4067-BF72-4D4B2957A5D6.png\"><img data-recalc-dims=\"1\" loading=\"lazy\" decoding=\"async\" class=\"aligncenter size-full wp-image-1803\" src=\"https:\/\/i0.wp.com\/pensalla.cat\/wp-content\/uploads\/2017\/01\/637AEF73-10FB-4067-BF72-4D4B2957A5D6.png?resize=220%2C165\" alt=\"\" width=\"220\" height=\"165\" srcset=\"https:\/\/i0.wp.com\/pensalla.cat\/wp-content\/uploads\/2017\/01\/637AEF73-10FB-4067-BF72-4D4B2957A5D6.png?w=220&amp;ssl=1 220w, https:\/\/i0.wp.com\/pensalla.cat\/wp-content\/uploads\/2017\/01\/637AEF73-10FB-4067-BF72-4D4B2957A5D6.png?resize=100%2C75&amp;ssl=1 100w, https:\/\/i0.wp.com\/pensalla.cat\/wp-content\/uploads\/2017\/01\/637AEF73-10FB-4067-BF72-4D4B2957A5D6.png?resize=150%2C113&amp;ssl=1 150w, https:\/\/i0.wp.com\/pensalla.cat\/wp-content\/uploads\/2017\/01\/637AEF73-10FB-4067-BF72-4D4B2957A5D6.png?resize=200%2C150&amp;ssl=1 200w\" sizes=\"auto, (max-width: 220px) 100vw, 220px\" \/><\/a><\/div>\n<div>&nbsp;<\/div>\n<div>I, per aprofitar tots els dispositius que tenim han sortit molts adaptadors d\u2019USB-C a, pr\u00e0cticament, tot el que us pugueu imaginar.<\/div>\n<div>&nbsp;<\/div>\n<div><a href=\"https:\/\/i0.wp.com\/pensalla.cat\/wp-content\/uploads\/2017\/01\/839AC7E7-3FCF-4DB0-9CD5-4EA5CD01BC4D.png\"><img data-recalc-dims=\"1\" loading=\"lazy\" decoding=\"async\" class=\"aligncenter size-medium wp-image-1804\" src=\"https:\/\/i0.wp.com\/pensalla.cat\/wp-content\/uploads\/2017\/01\/839AC7E7-3FCF-4DB0-9CD5-4EA5CD01BC4D-300x198.png?resize=300%2C198\" alt=\"\" width=\"300\" height=\"198\" srcset=\"https:\/\/i0.wp.com\/pensalla.cat\/wp-content\/uploads\/2017\/01\/839AC7E7-3FCF-4DB0-9CD5-4EA5CD01BC4D.png?resize=300%2C198&amp;ssl=1 300w, https:\/\/i0.wp.com\/pensalla.cat\/wp-content\/uploads\/2017\/01\/839AC7E7-3FCF-4DB0-9CD5-4EA5CD01BC4D.png?resize=100%2C66&amp;ssl=1 100w, https:\/\/i0.wp.com\/pensalla.cat\/wp-content\/uploads\/2017\/01\/839AC7E7-3FCF-4DB0-9CD5-4EA5CD01BC4D.png?resize=150%2C99&amp;ssl=1 150w, https:\/\/i0.wp.com\/pensalla.cat\/wp-content\/uploads\/2017\/01\/839AC7E7-3FCF-4DB0-9CD5-4EA5CD01BC4D.png?resize=200%2C132&amp;ssl=1 200w, https:\/\/i0.wp.com\/pensalla.cat\/wp-content\/uploads\/2017\/01\/839AC7E7-3FCF-4DB0-9CD5-4EA5CD01BC4D.png?resize=450%2C298&amp;ssl=1 450w, https:\/\/i0.wp.com\/pensalla.cat\/wp-content\/uploads\/2017\/01\/839AC7E7-3FCF-4DB0-9CD5-4EA5CD01BC4D.png?w=594&amp;ssl=1 594w\" sizes=\"auto, (max-width: 300px) 100vw, 300px\" \/><\/a><\/div>\n<div>&nbsp;<\/div>\n<div>&nbsp;<\/div>\n<div><a href=\"https:\/\/i0.wp.com\/pensalla.cat\/wp-content\/uploads\/2017\/01\/648485A8-33C3-47B0-99CF-0E0279681F70.png\"><img data-recalc-dims=\"1\" loading=\"lazy\" decoding=\"async\" class=\"aligncenter size-full wp-image-1808\" src=\"https:\/\/i0.wp.com\/pensalla.cat\/wp-content\/uploads\/2017\/01\/648485A8-33C3-47B0-99CF-0E0279681F70.png?resize=266%2C267\" alt=\"\" width=\"266\" height=\"267\" srcset=\"https:\/\/i0.wp.com\/pensalla.cat\/wp-content\/uploads\/2017\/01\/648485A8-33C3-47B0-99CF-0E0279681F70.png?w=266&amp;ssl=1 266w, https:\/\/i0.wp.com\/pensalla.cat\/wp-content\/uploads\/2017\/01\/648485A8-33C3-47B0-99CF-0E0279681F70.png?resize=150%2C151&amp;ssl=1 150w, https:\/\/i0.wp.com\/pensalla.cat\/wp-content\/uploads\/2017\/01\/648485A8-33C3-47B0-99CF-0E0279681F70.png?resize=100%2C100&amp;ssl=1 100w, https:\/\/i0.wp.com\/pensalla.cat\/wp-content\/uploads\/2017\/01\/648485A8-33C3-47B0-99CF-0E0279681F70.png?resize=200%2C201&amp;ssl=1 200w\" sizes=\"auto, (max-width: 266px) 100vw, 266px\" \/><\/a><\/div>\n<div>&nbsp;<\/div>\n<div>&nbsp;<\/div>\n<div>Els de LaCie, fabricants de discs durs, ja venen els seus amb connexi\u00f3 USB-C.<\/div>\n<div>&nbsp;<\/div>\n<div>&nbsp;<\/div>\n<div>&nbsp;<\/div>\n<div>&nbsp;<\/div>\n<div>&nbsp;<\/div>\n<div>&nbsp;<\/div>\n<div>I ara les coses m\u00e9s \u2018especials\u2019:<\/div>\n<div>&nbsp;<\/div>\n<div><b>El nou raspall de cabells<\/b><\/div>\n<div>&nbsp;<\/div>\n<div>Els de Kerastase i Withings s\u2019han ajuntat per crear el <a href=\"http:\/\/www.withings.com\/eu\/en\/products\/hair-coach\">Kerastase Hair Coach from Withings<\/a>, creieu que ens enredaran a comprar un raspall que analitza els teus cabells i t\u2019ensenya com millorar el raspallat. Aix\u00f2 s\u00ed, us haureu d\u2019esperar a la tardor del 2017.<\/div>\n<div>&nbsp;<\/div>\n<div><a href=\"https:\/\/i0.wp.com\/pensalla.cat\/wp-content\/uploads\/2017\/01\/58A94976-E846-4EFA-939C-1BED5EB11E00.png\"><img data-recalc-dims=\"1\" loading=\"lazy\" decoding=\"async\" class=\"aligncenter size-medium wp-image-1802\" src=\"https:\/\/i0.wp.com\/pensalla.cat\/wp-content\/uploads\/2017\/01\/58A94976-E846-4EFA-939C-1BED5EB11E00-197x300.png?resize=197%2C300\" alt=\"\" width=\"197\" height=\"300\" srcset=\"https:\/\/i0.wp.com\/pensalla.cat\/wp-content\/uploads\/2017\/01\/58A94976-E846-4EFA-939C-1BED5EB11E00.png?resize=197%2C300&amp;ssl=1 197w, https:\/\/i0.wp.com\/pensalla.cat\/wp-content\/uploads\/2017\/01\/58A94976-E846-4EFA-939C-1BED5EB11E00.png?resize=100%2C153&amp;ssl=1 100w, https:\/\/i0.wp.com\/pensalla.cat\/wp-content\/uploads\/2017\/01\/58A94976-E846-4EFA-939C-1BED5EB11E00.png?resize=150%2C229&amp;ssl=1 150w, https:\/\/i0.wp.com\/pensalla.cat\/wp-content\/uploads\/2017\/01\/58A94976-E846-4EFA-939C-1BED5EB11E00.png?resize=200%2C305&amp;ssl=1 200w, https:\/\/i0.wp.com\/pensalla.cat\/wp-content\/uploads\/2017\/01\/58A94976-E846-4EFA-939C-1BED5EB11E00.png?resize=300%2C458&amp;ssl=1 300w, https:\/\/i0.wp.com\/pensalla.cat\/wp-content\/uploads\/2017\/01\/58A94976-E846-4EFA-939C-1BED5EB11E00.png?w=342&amp;ssl=1 342w\" sizes=\"auto, (max-width: 197px) 100vw, 197px\" \/><\/a><\/div>\n<div>&nbsp;<\/div>\n<div><b>El plegador de roba<\/b><\/div>\n<div>&nbsp;<\/div>\n<div>El <a href=\"https:\/\/www.foldimate.com\">FoldiMate laundry-folding<\/a> fa el que diu el seu nom, agafa la vostra roba i us la torna perfectament plegada, per\u00f2 NO planxada. Per uns $700-$850, encara no tenen clar el preu final, a partir de finals d\u2019any 2017, i diuen que ja tenen 150.000 pre-comandes.<\/div>\n<div>&nbsp;<\/div>\n<div>A YouTube teniu un <a href=\"https:\/\/www.youtube.com\/watch?v=swNgjX0xHC8\">v\u00eddeo<\/a> que us ensenya com funciona \ud83d\ude03<\/div>\n<div>&nbsp;<\/div>\n<div>&nbsp;<\/div>\n<div><a href=\"https:\/\/www.youtube.com\/watch?v=swNgjX0xHC8\"><img data-recalc-dims=\"1\" loading=\"lazy\" decoding=\"async\" class=\"aligncenter size-medium wp-image-1805\" src=\"https:\/\/i0.wp.com\/pensalla.cat\/wp-content\/uploads\/2017\/01\/2135D889-C25C-467E-865B-11BA34AB150D-300x169.png?resize=300%2C169\" alt=\"\" width=\"300\" height=\"169\" srcset=\"https:\/\/i0.wp.com\/pensalla.cat\/wp-content\/uploads\/2017\/01\/2135D889-C25C-467E-865B-11BA34AB150D.png?resize=300%2C169&amp;ssl=1 300w, https:\/\/i0.wp.com\/pensalla.cat\/wp-content\/uploads\/2017\/01\/2135D889-C25C-467E-865B-11BA34AB150D.png?resize=100%2C56&amp;ssl=1 100w, https:\/\/i0.wp.com\/pensalla.cat\/wp-content\/uploads\/2017\/01\/2135D889-C25C-467E-865B-11BA34AB150D.png?resize=150%2C84&amp;ssl=1 150w, https:\/\/i0.wp.com\/pensalla.cat\/wp-content\/uploads\/2017\/01\/2135D889-C25C-467E-865B-11BA34AB150D.png?resize=200%2C113&amp;ssl=1 200w, https:\/\/i0.wp.com\/pensalla.cat\/wp-content\/uploads\/2017\/01\/2135D889-C25C-467E-865B-11BA34AB150D.png?resize=450%2C253&amp;ssl=1 450w, https:\/\/i0.wp.com\/pensalla.cat\/wp-content\/uploads\/2017\/01\/2135D889-C25C-467E-865B-11BA34AB150D.png?resize=600%2C338&amp;ssl=1 600w, https:\/\/i0.wp.com\/pensalla.cat\/wp-content\/uploads\/2017\/01\/2135D889-C25C-467E-865B-11BA34AB150D.png?w=755&amp;ssl=1 755w\" sizes=\"auto, (max-width: 300px) 100vw, 300px\" \/><\/a><a href=\"https:\/\/www.youtube.com\/watch?v=swNgjX0xHC8\"><br \/>\n<\/a><\/div>\n<div>&nbsp;<\/div>\n<div>&nbsp;<\/div>\n<div>&nbsp;<\/div>\n<div>&nbsp;<\/div>\n<div><b>L\u2019augmentador de la libido.<\/b><\/div>\n<div>&nbsp;<\/div>\n<div>El &#8216;<a href=\"https:\/\/www.fiera.com\">Fiera remote control libido booster<\/a>&#8216; \u00e9s exactament aix\u00f2, un potenciador o augmentador de la libido femenina per quan les dones\u00a0tenen fluctuacions despr\u00e9s del part o a la menopausa. T\u00e8cnicament \u00e9s un dispositiu que incrementa el flux de sang als genitals i en cinc minuts incrementa el desig sexual, disponible ja per\u00a0$249 amb control remot, per\u00f2 no m\u2019ha quedat clar qui t\u00e9 el control remot.<\/div>\n<div>&nbsp;<\/div>\n<div>Per ajudar-vos a prendre la decisi\u00f3 de compra, hi ha una <a href=\"https:\/\/fieraforher.typeform.com\/to\/wYUPCe?%20\">enquesta<\/a> que podeu respondre per saber si el necessiteu, i aqu\u00ed teniu el <a href=\"https:\/\/www.youtube.com\/watch?v=vpww-JtsI48\">v\u00eddeo<\/a> a YouTube.<\/div>\n<div>&nbsp;<\/div>\n<div><a href=\"https:\/\/i0.wp.com\/pensalla.cat\/wp-content\/uploads\/2017\/01\/4F00CCEE-BF72-4FAF-A1E0-CF7F151AB6EA.png\"><img data-recalc-dims=\"1\" loading=\"lazy\" decoding=\"async\" class=\"aligncenter size-medium wp-image-1800\" src=\"https:\/\/i0.wp.com\/pensalla.cat\/wp-content\/uploads\/2017\/01\/4F00CCEE-BF72-4FAF-A1E0-CF7F151AB6EA-300x97.png?resize=300%2C97\" alt=\"\" width=\"300\" height=\"97\" srcset=\"https:\/\/i0.wp.com\/pensalla.cat\/wp-content\/uploads\/2017\/01\/4F00CCEE-BF72-4FAF-A1E0-CF7F151AB6EA.png?resize=300%2C97&amp;ssl=1 300w, https:\/\/i0.wp.com\/pensalla.cat\/wp-content\/uploads\/2017\/01\/4F00CCEE-BF72-4FAF-A1E0-CF7F151AB6EA.png?resize=100%2C32&amp;ssl=1 100w, https:\/\/i0.wp.com\/pensalla.cat\/wp-content\/uploads\/2017\/01\/4F00CCEE-BF72-4FAF-A1E0-CF7F151AB6EA.png?resize=150%2C49&amp;ssl=1 150w, https:\/\/i0.wp.com\/pensalla.cat\/wp-content\/uploads\/2017\/01\/4F00CCEE-BF72-4FAF-A1E0-CF7F151AB6EA.png?resize=200%2C65&amp;ssl=1 200w, https:\/\/i0.wp.com\/pensalla.cat\/wp-content\/uploads\/2017\/01\/4F00CCEE-BF72-4FAF-A1E0-CF7F151AB6EA.png?resize=450%2C146&amp;ssl=1 450w, https:\/\/i0.wp.com\/pensalla.cat\/wp-content\/uploads\/2017\/01\/4F00CCEE-BF72-4FAF-A1E0-CF7F151AB6EA.png?w=479&amp;ssl=1 479w\" sizes=\"auto, (max-width: 300px) 100vw, 300px\" \/><\/a><\/div>\n<div>&nbsp;<\/div>\n<div>&nbsp;<\/div>\n<div>&nbsp;<\/div>\n<div><b>El paraigua espavilat<\/b><\/div>\n<div>&nbsp;<\/div>\n<div>No us penseu que tots els invents s\u00f3n americans, uns francesos de Paris de la France presenten el paraigua\u00a0<a href=\"https:\/\/www.wezzoo.com\/oombrella\">oombrella<\/a>,\u00a0que t\u2019avisa del temps que far\u00e0 i si l\u2019has d\u2019agafar abans de sortir de casa. Si els voleu ajudar, aneu a <a href=\"https:\/\/www.indiegogo.com\/projects\/oombrella-unforgettable-umbrella-smart#\/\">Indiegogo<\/a> (similar a kickstarter) per reservar el vostre.<\/div>\n<div>&nbsp;<\/div>\n<div>Tamb\u00e9 t\u00e9 una estaci\u00f3 meteorol\u00f2gica al m\u00e0nec del paraigua\u00a0per anar guardant informaci\u00f3 de la temperatura, humitat, pressi\u00f3 i llum.<\/div>\n<div>&nbsp;<\/div>\n<div>I soluciona un greu problema dels paraig\u00fces, t\u2019avisa quan te l\u2019has deixat perqu\u00e8 puguis tornar a recuperar-lo.<\/div>\n<div>&nbsp;<\/div>\n<div>&nbsp;<\/div>\n<div><a href=\"https:\/\/i0.wp.com\/pensalla.cat\/wp-content\/uploads\/2017\/01\/B11A2C06-355C-452C-926F-9DE727E03CD7.png\"><img data-recalc-dims=\"1\" loading=\"lazy\" decoding=\"async\" class=\"aligncenter size-medium wp-image-1811\" src=\"https:\/\/i0.wp.com\/pensalla.cat\/wp-content\/uploads\/2017\/01\/B11A2C06-355C-452C-926F-9DE727E03CD7-300x186.png?resize=300%2C186\" alt=\"\" width=\"300\" height=\"186\" srcset=\"https:\/\/i0.wp.com\/pensalla.cat\/wp-content\/uploads\/2017\/01\/B11A2C06-355C-452C-926F-9DE727E03CD7.png?resize=300%2C186&amp;ssl=1 300w, https:\/\/i0.wp.com\/pensalla.cat\/wp-content\/uploads\/2017\/01\/B11A2C06-355C-452C-926F-9DE727E03CD7.png?resize=768%2C477&amp;ssl=1 768w, https:\/\/i0.wp.com\/pensalla.cat\/wp-content\/uploads\/2017\/01\/B11A2C06-355C-452C-926F-9DE727E03CD7.png?resize=100%2C62&amp;ssl=1 100w, https:\/\/i0.wp.com\/pensalla.cat\/wp-content\/uploads\/2017\/01\/B11A2C06-355C-452C-926F-9DE727E03CD7.png?resize=150%2C93&amp;ssl=1 150w, https:\/\/i0.wp.com\/pensalla.cat\/wp-content\/uploads\/2017\/01\/B11A2C06-355C-452C-926F-9DE727E03CD7.png?resize=200%2C124&amp;ssl=1 200w, https:\/\/i0.wp.com\/pensalla.cat\/wp-content\/uploads\/2017\/01\/B11A2C06-355C-452C-926F-9DE727E03CD7.png?resize=450%2C280&amp;ssl=1 450w, https:\/\/i0.wp.com\/pensalla.cat\/wp-content\/uploads\/2017\/01\/B11A2C06-355C-452C-926F-9DE727E03CD7.png?resize=600%2C373&amp;ssl=1 600w, https:\/\/i0.wp.com\/pensalla.cat\/wp-content\/uploads\/2017\/01\/B11A2C06-355C-452C-926F-9DE727E03CD7.png?w=869&amp;ssl=1 869w\" sizes=\"auto, (max-width: 300px) 100vw, 300px\" \/><\/a><\/div>\n<div>&nbsp;<\/div>\n<div>&nbsp;<\/div>\n<div>&nbsp;<\/div>\n<div>&nbsp;<\/div>\n<div>&nbsp;<\/div>\n<div>&nbsp;<\/div>\n<div>Nom\u00e9s amb aquestes coses tan especials hauria pogut omplir tres o quatre programes, per \u00e8tica\u00a0no vull explicar el robot submar\u00ed que va buscant bancs de peixos perqu\u00e8 els pescadors tirin la canya al lloc prec\u00eds, em sembla jugar amb massa avantatge contra els peixos,\u00a0aix\u00f2 s\u00ed, \u00e9s\u00a0un dispositiu que s\u2019anuncia waterproof, nom\u00e9s faltaria!<\/div>\n<div>&nbsp;<\/div>\n<div>&nbsp;<\/div>\n<div>&nbsp;<\/div>\n<div>&nbsp;<\/div>\n<div style=\"padding-top:0px;\t\r\npadding-right:0px;\r\npadding-bottom:0px;\r\npadding-left:0px;\r\nmargin-top:0px;\r\nmargin-right:0px;\r\nmargin-bottom:0px;\r\nmargin-left:0px;\"><a href=\"https:\/\/twitter.com\/share\" class=\"twitter-share-button\" \r\n\t\t\t\t        data-url=\"https:\/\/pensalla.cat\/?p=1797\" \r\n\t\t\t\t        data-via=\"jjofra\"\r\n\t\t\t\t\t    data-text=\"El CES 2017\"\r\n\t\t\t\t\t    data-related=\"\"\r\n\t\t\t\t\t    data-count=\"none\"\r\n\t\t\t\t\t    data-hashtags=\"\"\r\n\t\t\t\t\t    data-lang=\"autoLANGauto\"\r\n\t\t\t\t\t    data-counturl=\"pensalla.cat\"\r\n\t\t\t\t\t    data-size=\"medium\"\r\n\t\t\t\t\t    data-dnt=\"false\"\t> Tweet <\/a> <\/div>\r\n\t\t                <script>\r\n\t\t\t\t\t    !function(d,s,id) {\r\n\t\t\t\t\t      var js,fjs=d.getElementsByTagName(s)[0];\r\n\t\t\t\t\t      if(!d.getElementById(id)) {\r\n\t\t\t\t\t       js=d.createElement(s);js.id=id;js.src=\"https:\/\/platform.twitter.com\/widgets.js\";fjs.parentNode.insertBefore(js,fjs);\r\n\t\t\t\t\t      }\r\n\t\t\t\t\t    }\r\n\t\t\t\t\t   (document,\"script\",\"twitter-wjs\");\r\n\t\t\t\t\t    <\/script>","protected":false},"excerpt":{"rendered":"<p>Tweet &nbsp; &nbsp; Com ja \u00e9s tradicional, per Reis tamb\u00e9 arriba el CES, el Consumer Electronics Show, la que es considera la fira m\u00e9s gran d\u2019electr\u00f2nica de consum, i el lloc a on tots els fabricants de hardware i software<span class=\"ellipsis\">&hellip;<\/span><\/p>\n<div class=\"read-more\"><a href=\"https:\/\/pensalla.cat\/?p=1797\">Read more <span class=\"screen-reader-text\">El CES 2017<\/span><span class=\"meta-nav\"> &#8250;<\/span><\/a><\/div>\n<p><!-- end of .read-more --><\/p>\n","protected":false},"author":1,"featured_media":0,"comment_status":"open","ping_status":"open","sticky":false,"template":"","format":"standard","meta":{"_exactmetrics_skip_tracking":false,"_exactmetrics_sitenote_active":false,"_exactmetrics_sitenote_note":"","_exactmetrics_sitenote_category":0,"jetpack_post_was_ever_published":false,"_jetpack_newsletter_access":"","_jetpack_dont_email_post_to_subs":false,"_jetpack_newsletter_tier_id":0,"_jetpack_memberships_contains_paywalled_content":false,"_jetpack_memberships_contains_paid_content":false,"footnotes":"","jetpack_publicize_message":"","jetpack_publicize_feature_enabled":true,"jetpack_social_post_already_shared":true,"jetpack_social_options":{"image_generator_settings":{"template":"highway","default_image_id":0,"font":"","enabled":false},"version":2}},"categories":[2],"tags":[],"class_list":["post-1797","post","type-post","status-publish","format-standard","hentry","category-articles"],"aioseo_notices":[],"jetpack_publicize_connections":[],"jetpack_featured_media_url":"","jetpack_sharing_enabled":true,"_links":{"self":[{"href":"https:\/\/pensalla.cat\/index.php?rest_route=\/wp\/v2\/posts\/1797","targetHints":{"allow":["GET"]}}],"collection":[{"href":"https:\/\/pensalla.cat\/index.php?rest_route=\/wp\/v2\/posts"}],"about":[{"href":"https:\/\/pensalla.cat\/index.php?rest_route=\/wp\/v2\/types\/post"}],"author":[{"embeddable":true,"href":"https:\/\/pensalla.cat\/index.php?rest_route=\/wp\/v2\/users\/1"}],"replies":[{"embeddable":true,"href":"https:\/\/pensalla.cat\/index.php?rest_route=%2Fwp%2Fv2%2Fcomments&post=1797"}],"version-history":[{"count":0,"href":"https:\/\/pensalla.cat\/index.php?rest_route=\/wp\/v2\/posts\/1797\/revisions"}],"wp:attachment":[{"href":"https:\/\/pensalla.cat\/index.php?rest_route=%2Fwp%2Fv2%2Fmedia&parent=1797"}],"wp:term":[{"taxonomy":"category","embeddable":true,"href":"https:\/\/pensalla.cat\/index.php?rest_route=%2Fwp%2Fv2%2Fcategories&post=1797"},{"taxonomy":"post_tag","embeddable":true,"href":"https:\/\/pensalla.cat\/index.php?rest_route=%2Fwp%2Fv2%2Ftags&post=1797"}],"curies":[{"name":"wp","href":"https:\/\/api.w.org\/{rel}","templated":true}]}}