{"id":1968,"date":"2017-03-31T07:10:39","date_gmt":"2017-03-31T06:10:39","guid":{"rendered":"http:\/\/pensalla.cat\/?p=1968"},"modified":"2017-03-31T07:25:41","modified_gmt":"2017-03-31T06:25:41","slug":"ensenyament","status":"publish","type":"post","link":"https:\/\/pensalla.cat\/?p=1968","title":{"rendered":"Ensenyament"},"content":{"rendered":"<div style=\"padding-top:0px;\t\r\npadding-right:0px;\r\npadding-bottom:0px;\r\npadding-left:0px;\r\nmargin-top:0px;\r\nmargin-right:0px;\r\nmargin-bottom:0px;\r\nmargin-left:0px;\"><a href=\"https:\/\/twitter.com\/share\" class=\"twitter-share-button\" \r\n\t\t\t\t        data-url=\"https:\/\/pensalla.cat\/?p=1968\" \r\n\t\t\t\t        data-via=\"jjofra\"\r\n\t\t\t\t\t    data-text=\"Ensenyament\"\r\n\t\t\t\t\t    data-related=\"\"\r\n\t\t\t\t\t    data-count=\"none\"\r\n\t\t\t\t\t    data-hashtags=\"\"\r\n\t\t\t\t\t    data-lang=\"autoLANGauto\"\r\n\t\t\t\t\t    data-counturl=\"pensalla.cat\"\r\n\t\t\t\t\t    data-size=\"medium\"\r\n\t\t\t\t\t    data-dnt=\"false\"\t> Tweet <\/a> <\/div>\r\n\t\t                <script>\r\n\t\t\t\t\t    !function(d,s,id) {\r\n\t\t\t\t\t      var js,fjs=d.getElementsByTagName(s)[0];\r\n\t\t\t\t\t      if(!d.getElementById(id)) {\r\n\t\t\t\t\t       js=d.createElement(s);js.id=id;js.src=\"https:\/\/platform.twitter.com\/widgets.js\";fjs.parentNode.insertBefore(js,fjs);\r\n\t\t\t\t\t      }\r\n\t\t\t\t\t    }\r\n\t\t\t\t\t   (document,\"script\",\"twitter-wjs\");\r\n\t\t\t\t\t    <\/script><div>&nbsp;<\/div>\n<div>&nbsp;<\/div>\n<div>Aquests dies a Barcelona ha tingut lloc el Sal\u00f3 de l&#8217;Ensenyament, molts pares i avis anem perduts en q\u00fcesti\u00f3 d&#8217;educaci\u00f3 a les aules, en un m\u00f3n tant connectat com el nostre com s&#8217;ensenya i com s&#8217;apr\u00e8n a les aules.<\/div>\n<div>&nbsp;<\/div>\n<div>Segur que alg\u00fa ha sentit parlar de les TIC i les TAC , Rob\u00f2tica, tauletes, PC, PDI &#8230;. quina pres\u00e8ncia t\u00e9 la tecnologia a les escoles. Si, direu que \u00e9s una &#8220;moda&#8221; o que dep\u00e8n del partit pol\u00edtic governant \u00e9s cert, a m\u00e9s pressupostos m\u00e9s inversi\u00f3 en educaci\u00f3 i sembla que de fa uns anys no s&#8217;est\u00e0 per la labor, els mestres diuen que\u00a0sort de la CUP que fa de pepito grillo. Per\u00f2 els mestres s&#8217;espavilen i fins i tot fan una mena de Verkamis per finan\u00e7ar projectes educatius. A veure si s\u00f3c capa\u00e7 des\u00a0del punt de vista prof\u00e0 i d&#8217;alumne que tamb\u00e9 en s\u00f3c, posar una mica de llum i donar-vos recursos perqu\u00e8 podeu remenar.<\/div>\n<div>&nbsp;<\/div>\n<div>&nbsp;<\/div>\n<div><b><a href=\"https:\/\/padlet.com\/\">Padlet<\/a><\/b><\/div>\n<div>&nbsp;<\/div>\n<div>Conchi L\u00f3pez @clopez17, mestra de prim\u00e0ria molt inquieta com ella mateixa diu, formadora de formadors, i que us recomano que seguiu per veure les tend\u00e8ncies d\u2019ensenyament en les TIC.<\/div>\n<div>&nbsp;<\/div>\n<div>\u00c9s una de les \u2018activistes\u2019 de <a href=\"https:\/\/padlet.com\/\">Padlet<\/a>, un gran programa web per fer, publicar i compartir contingut i coneixement, per simplificar-ho podr\u00edem dir que Padlet \u00e9s com un PowerPoint online amb moltes opcions de col\u00b7laboraci\u00f3 i de seguretat i privacitat, que potencia la feina d\u2019una aula.<\/div>\n<div>&nbsp;<\/div>\n<div><a href=\"https:\/\/i0.wp.com\/pensalla.cat\/wp-content\/uploads\/2017\/03\/9F271584-C63F-4AD8-89E2-C9DE879987BF.png\"><img data-recalc-dims=\"1\" loading=\"lazy\" decoding=\"async\" class=\"aligncenter size-full wp-image-1969\" src=\"https:\/\/i0.wp.com\/pensalla.cat\/wp-content\/uploads\/2017\/03\/9F271584-C63F-4AD8-89E2-C9DE879987BF.png?resize=750%2C563\" alt=\"\" width=\"750\" height=\"563\" srcset=\"https:\/\/i0.wp.com\/pensalla.cat\/wp-content\/uploads\/2017\/03\/9F271584-C63F-4AD8-89E2-C9DE879987BF.png?w=800&amp;ssl=1 800w, https:\/\/i0.wp.com\/pensalla.cat\/wp-content\/uploads\/2017\/03\/9F271584-C63F-4AD8-89E2-C9DE879987BF.png?resize=300%2C225&amp;ssl=1 300w, https:\/\/i0.wp.com\/pensalla.cat\/wp-content\/uploads\/2017\/03\/9F271584-C63F-4AD8-89E2-C9DE879987BF.png?resize=768%2C576&amp;ssl=1 768w, https:\/\/i0.wp.com\/pensalla.cat\/wp-content\/uploads\/2017\/03\/9F271584-C63F-4AD8-89E2-C9DE879987BF.png?resize=100%2C75&amp;ssl=1 100w, https:\/\/i0.wp.com\/pensalla.cat\/wp-content\/uploads\/2017\/03\/9F271584-C63F-4AD8-89E2-C9DE879987BF.png?resize=150%2C113&amp;ssl=1 150w, https:\/\/i0.wp.com\/pensalla.cat\/wp-content\/uploads\/2017\/03\/9F271584-C63F-4AD8-89E2-C9DE879987BF.png?resize=200%2C150&amp;ssl=1 200w, https:\/\/i0.wp.com\/pensalla.cat\/wp-content\/uploads\/2017\/03\/9F271584-C63F-4AD8-89E2-C9DE879987BF.png?resize=450%2C338&amp;ssl=1 450w, https:\/\/i0.wp.com\/pensalla.cat\/wp-content\/uploads\/2017\/03\/9F271584-C63F-4AD8-89E2-C9DE879987BF.png?resize=600%2C450&amp;ssl=1 600w\" sizes=\"auto, (max-width: 750px) 100vw, 750px\" \/><\/a><\/div>\n<div><a href=\"https:\/\/i0.wp.com\/pensalla.cat\/wp-content\/uploads\/2017\/03\/786B6FDA-F6C9-4B94-B706-ECCBBC7452F4.png\"><img data-recalc-dims=\"1\" loading=\"lazy\" decoding=\"async\" class=\"aligncenter size-full wp-image-1970\" src=\"https:\/\/i0.wp.com\/pensalla.cat\/wp-content\/uploads\/2017\/03\/786B6FDA-F6C9-4B94-B706-ECCBBC7452F4.png?resize=750%2C561\" alt=\"\" width=\"750\" height=\"561\" srcset=\"https:\/\/i0.wp.com\/pensalla.cat\/wp-content\/uploads\/2017\/03\/786B6FDA-F6C9-4B94-B706-ECCBBC7452F4.png?w=798&amp;ssl=1 798w, https:\/\/i0.wp.com\/pensalla.cat\/wp-content\/uploads\/2017\/03\/786B6FDA-F6C9-4B94-B706-ECCBBC7452F4.png?resize=300%2C224&amp;ssl=1 300w, https:\/\/i0.wp.com\/pensalla.cat\/wp-content\/uploads\/2017\/03\/786B6FDA-F6C9-4B94-B706-ECCBBC7452F4.png?resize=768%2C575&amp;ssl=1 768w, https:\/\/i0.wp.com\/pensalla.cat\/wp-content\/uploads\/2017\/03\/786B6FDA-F6C9-4B94-B706-ECCBBC7452F4.png?resize=100%2C75&amp;ssl=1 100w, https:\/\/i0.wp.com\/pensalla.cat\/wp-content\/uploads\/2017\/03\/786B6FDA-F6C9-4B94-B706-ECCBBC7452F4.png?resize=150%2C112&amp;ssl=1 150w, https:\/\/i0.wp.com\/pensalla.cat\/wp-content\/uploads\/2017\/03\/786B6FDA-F6C9-4B94-B706-ECCBBC7452F4.png?resize=200%2C150&amp;ssl=1 200w, https:\/\/i0.wp.com\/pensalla.cat\/wp-content\/uploads\/2017\/03\/786B6FDA-F6C9-4B94-B706-ECCBBC7452F4.png?resize=450%2C337&amp;ssl=1 450w, https:\/\/i0.wp.com\/pensalla.cat\/wp-content\/uploads\/2017\/03\/786B6FDA-F6C9-4B94-B706-ECCBBC7452F4.png?resize=600%2C449&amp;ssl=1 600w\" sizes=\"auto, (max-width: 750px) 100vw, 750px\" \/><\/a><\/div>\n<div>&nbsp;<\/div>\n<div>&nbsp;<\/div>\n<div>Fixeu-vos en les possibilitats que apunta, per geolocalitzar o crear una guia tur\u00edstica, com prendre notes a classe amb Evernote, cada vegada m\u00e9s, a mesura que puja l\u2019edat dels alumnes, \u00e9s m\u00e9s normal veure\u2019ls amb una tauleta o un ordinador prenent notes en lloc de llibreta i boli, i les aules han d\u2019adaptar-se per tenir connexions el\u00e8ctriques o, directament, connexions USB per carregar els artefactes que porten els alumnes (i els mestres).<\/div>\n<div>&nbsp;<\/div>\n<div>&nbsp;<\/div>\n<div>&nbsp;<\/div>\n<div><b>Altres persones a les qui seguir<\/b><\/div>\n<div>&nbsp;<\/div>\n<div>En Jordi Jubany, @JordiJubany, autor de molts llibres d\u2019educaci\u00f3 en el m\u00f3n digital, i, pels qui tingueu fills amb 10-11-12 anys, us recomano aquest article que parla de <a href=\"http:\/\/criatures.ara.cat\/blogs\/delasocietatdigitalalesaules\/Edat-mobil-control-parental_6_1766283355.html?utm_medium=social&amp;utm_source=twitter&amp;utm_campaign=ara\">l\u2019edat del primer m\u00f2bil<\/a>.<\/div>\n<div>&nbsp;<\/div>\n<div>Segons <a href=\"http:\/\/influence-central.com\/kids-tech-the-evolution-of-todays-digital-natives\/\">Influence Central<\/a>, els nens nord-americans el tenen als 10,3 anys, l\u2019article parla de molts temes que parlen de l\u2019evoluci\u00f3 dels nadius digitals, fixeu-vos en aquesta afirmaci\u00f3 i penseu si no us ha passat a vosaltres:<\/div>\n<div>&nbsp;<\/div>\n<div>\n<p><strong>FAMILIES TEXT EACH OTHER AT HOME<\/strong><\/p>\n<ul>\n<li>Kids use their phones overwhelmingly to text, and 31% of parents surveyed said their kids have texted them even when they\u2019re in the same home together.<\/li>\n<\/ul>\n<\/div>\n<div>&nbsp;<\/div>\n<div>&nbsp;<\/div>\n<div>Segons <a href=\"http:\/\/www.ine.es\/prensa\/np933.pdf\">l\u2019INE<\/a>, dades d\u2019octubre del 2015 en la seva enquesta d\u2019Equipament i \u00das de les TIC a les llars, en el seu apartat d\u2019\u00das del TIC per menors, diu:<\/div>\n<div>&nbsp;<\/div>\n<div><a href=\"https:\/\/i0.wp.com\/pensalla.cat\/wp-content\/uploads\/2017\/03\/0791F1AD-7138-4D1F-9705-9DB34521BDBA.png\"><img data-recalc-dims=\"1\" loading=\"lazy\" decoding=\"async\" class=\"aligncenter size-full wp-image-1971\" src=\"https:\/\/i0.wp.com\/pensalla.cat\/wp-content\/uploads\/2017\/03\/0791F1AD-7138-4D1F-9705-9DB34521BDBA.png?resize=685%2C376\" alt=\"\" width=\"685\" height=\"376\" srcset=\"https:\/\/i0.wp.com\/pensalla.cat\/wp-content\/uploads\/2017\/03\/0791F1AD-7138-4D1F-9705-9DB34521BDBA.png?w=685&amp;ssl=1 685w, https:\/\/i0.wp.com\/pensalla.cat\/wp-content\/uploads\/2017\/03\/0791F1AD-7138-4D1F-9705-9DB34521BDBA.png?resize=300%2C165&amp;ssl=1 300w, https:\/\/i0.wp.com\/pensalla.cat\/wp-content\/uploads\/2017\/03\/0791F1AD-7138-4D1F-9705-9DB34521BDBA.png?resize=100%2C55&amp;ssl=1 100w, https:\/\/i0.wp.com\/pensalla.cat\/wp-content\/uploads\/2017\/03\/0791F1AD-7138-4D1F-9705-9DB34521BDBA.png?resize=150%2C82&amp;ssl=1 150w, https:\/\/i0.wp.com\/pensalla.cat\/wp-content\/uploads\/2017\/03\/0791F1AD-7138-4D1F-9705-9DB34521BDBA.png?resize=200%2C110&amp;ssl=1 200w, https:\/\/i0.wp.com\/pensalla.cat\/wp-content\/uploads\/2017\/03\/0791F1AD-7138-4D1F-9705-9DB34521BDBA.png?resize=450%2C247&amp;ssl=1 450w, https:\/\/i0.wp.com\/pensalla.cat\/wp-content\/uploads\/2017\/03\/0791F1AD-7138-4D1F-9705-9DB34521BDBA.png?resize=600%2C329&amp;ssl=1 600w\" sizes=\"auto, (max-width: 685px) 100vw, 685px\" \/><\/a><\/div>\n<div>&nbsp;<\/div>\n<div>\u00c9s a dir, que amb 10 anys un 30% dels nens tenen m\u00f2bil, i el 90% dels nens amb 14 anys.<\/div>\n<div>&nbsp;<\/div>\n<div>&nbsp;<\/div>\n<div>L\u2019Eduard Vallory, que dirigeix Escola Nova 21, @evallory, ens recorda la gran frase de Saint-Exupery,\u00a0que \u2018Totes les persones grans han comen\u00e7at per ser infants. (Per\u00f2 pocs se\u2019n recorden)\u2019<\/div>\n<div>&nbsp;<\/div>\n<div>Molt important que mireu <a href=\"https:\/\/t.co\/0Jxv5eR9uy\">la compareixen\u00e7a de dimarts<\/a> d\u2019aquesta setmana a la Comissi\u00f3 del Pacte Educatiu al Congr\u00e9s, que va tenir com a teloner en Wert.<\/div>\n<div>&nbsp;<\/div>\n<div><a href=\"http:\/\/www.escolanova21.cat\">Escola Nova 21<\/a> \u00e9s un programa que t\u00e9, de moment, 26 centres adscrits, per estudiar i promoure la\u00a0innovaci\u00f3 del sistema educatiu, amb suport del Centre Unesco de Catalunya, la Fundaci\u00f3 Jaume Bofill, la UOC i eduCaixa.<\/div>\n<div>&nbsp;<\/div>\n<div>&nbsp;<\/div>\n<div>La <a href=\"http:\/\/www.fbofill.cat\">Fundaci\u00f3 Jaume Bofill<\/a> impulsa iniciatives, recerques i debats per transformar l\u2019educaci\u00f3 a Catalunya. Hi trobareu material i documentaci\u00f3 per no acabar, nom\u00e9s us recomanar\u00e9 un v\u00eddeo, el de l\u2019Eul\u00e0lia Canet, que parla de \u2018<a href=\"http:\/\/www.fbofill.cat\/videos\/eulalia-canet-llapis-guixos-i-pantalles-el-dia-dia-una-aula-de-cicle-inicial\">Llapis, guixos i pantalles. El dia a dia a una aula de Cicle Inicial<\/a>&#8216;<\/div>\n<div>&nbsp;<\/div>\n<div>&nbsp;<\/div>\n<div>&nbsp;<\/div>\n<div>&nbsp;<\/div>\n<div>&nbsp;<\/div>\n<div>&nbsp;<\/div>\n<div>I, per acabar, recordeu que la tecnologia NO \u00e9s l\u2019eina, \u00e9s com la fem servir (gr\u00e0cies Conchi)<\/div>\n<div>&nbsp;<\/div>\n<div>&nbsp;<\/div>\n<div>&nbsp;<\/div>\n<div style=\"padding-top:0px;\t\r\npadding-right:0px;\r\npadding-bottom:0px;\r\npadding-left:0px;\r\nmargin-top:0px;\r\nmargin-right:0px;\r\nmargin-bottom:0px;\r\nmargin-left:0px;\"><a href=\"https:\/\/twitter.com\/share\" class=\"twitter-share-button\" \r\n\t\t\t\t        data-url=\"https:\/\/pensalla.cat\/?p=1968\" \r\n\t\t\t\t        data-via=\"jjofra\"\r\n\t\t\t\t\t    data-text=\"Ensenyament\"\r\n\t\t\t\t\t    data-related=\"\"\r\n\t\t\t\t\t    data-count=\"none\"\r\n\t\t\t\t\t    data-hashtags=\"\"\r\n\t\t\t\t\t    data-lang=\"autoLANGauto\"\r\n\t\t\t\t\t    data-counturl=\"pensalla.cat\"\r\n\t\t\t\t\t    data-size=\"medium\"\r\n\t\t\t\t\t    data-dnt=\"false\"\t> Tweet <\/a> <\/div>\r\n\t\t                <script>\r\n\t\t\t\t\t    !function(d,s,id) {\r\n\t\t\t\t\t      var js,fjs=d.getElementsByTagName(s)[0];\r\n\t\t\t\t\t      if(!d.getElementById(id)) {\r\n\t\t\t\t\t       js=d.createElement(s);js.id=id;js.src=\"https:\/\/platform.twitter.com\/widgets.js\";fjs.parentNode.insertBefore(js,fjs);\r\n\t\t\t\t\t      }\r\n\t\t\t\t\t    }\r\n\t\t\t\t\t   (document,\"script\",\"twitter-wjs\");\r\n\t\t\t\t\t    <\/script>","protected":false},"excerpt":{"rendered":"<p>Tweet &nbsp; &nbsp; Aquests dies a Barcelona ha tingut lloc el Sal\u00f3 de l&#8217;Ensenyament, molts pares i avis anem perduts en q\u00fcesti\u00f3 d&#8217;educaci\u00f3 a les aules, en un m\u00f3n tant connectat com el nostre com s&#8217;ensenya i com s&#8217;apr\u00e8n a<span class=\"ellipsis\">&hellip;<\/span><\/p>\n<div class=\"read-more\"><a href=\"https:\/\/pensalla.cat\/?p=1968\">Read more <span class=\"screen-reader-text\">Ensenyament<\/span><span class=\"meta-nav\"> &#8250;<\/span><\/a><\/div>\n<p><!-- end of .read-more --><\/p>\n","protected":false},"author":1,"featured_media":0,"comment_status":"open","ping_status":"open","sticky":false,"template":"","format":"standard","meta":{"_exactmetrics_skip_tracking":false,"_exactmetrics_sitenote_active":false,"_exactmetrics_sitenote_note":"","_exactmetrics_sitenote_category":0,"jetpack_post_was_ever_published":false,"_jetpack_newsletter_access":"","_jetpack_dont_email_post_to_subs":true,"_jetpack_newsletter_tier_id":0,"_jetpack_memberships_contains_paywalled_content":false,"_jetpack_memberships_contains_paid_content":false,"footnotes":"","jetpack_publicize_message":"","jetpack_publicize_feature_enabled":true,"jetpack_social_post_already_shared":true,"jetpack_social_options":{"image_generator_settings":{"template":"highway","default_image_id":0,"font":"","enabled":false},"version":2}},"categories":[2],"tags":[],"class_list":["post-1968","post","type-post","status-publish","format-standard","hentry","category-articles"],"aioseo_notices":[],"jetpack_publicize_connections":[],"jetpack_featured_media_url":"","jetpack_sharing_enabled":true,"_links":{"self":[{"href":"https:\/\/pensalla.cat\/index.php?rest_route=\/wp\/v2\/posts\/1968","targetHints":{"allow":["GET"]}}],"collection":[{"href":"https:\/\/pensalla.cat\/index.php?rest_route=\/wp\/v2\/posts"}],"about":[{"href":"https:\/\/pensalla.cat\/index.php?rest_route=\/wp\/v2\/types\/post"}],"author":[{"embeddable":true,"href":"https:\/\/pensalla.cat\/index.php?rest_route=\/wp\/v2\/users\/1"}],"replies":[{"embeddable":true,"href":"https:\/\/pensalla.cat\/index.php?rest_route=%2Fwp%2Fv2%2Fcomments&post=1968"}],"version-history":[{"count":0,"href":"https:\/\/pensalla.cat\/index.php?rest_route=\/wp\/v2\/posts\/1968\/revisions"}],"wp:attachment":[{"href":"https:\/\/pensalla.cat\/index.php?rest_route=%2Fwp%2Fv2%2Fmedia&parent=1968"}],"wp:term":[{"taxonomy":"category","embeddable":true,"href":"https:\/\/pensalla.cat\/index.php?rest_route=%2Fwp%2Fv2%2Fcategories&post=1968"},{"taxonomy":"post_tag","embeddable":true,"href":"https:\/\/pensalla.cat\/index.php?rest_route=%2Fwp%2Fv2%2Ftags&post=1968"}],"curies":[{"name":"wp","href":"https:\/\/api.w.org\/{rel}","templated":true}]}}