{"id":1976,"date":"2017-04-07T07:10:16","date_gmt":"2017-04-07T06:10:16","guid":{"rendered":"http:\/\/pensalla.cat\/?p=1976"},"modified":"2017-04-13T09:41:06","modified_gmt":"2017-04-13T08:41:06","slug":"el-samsung-s8","status":"publish","type":"post","link":"https:\/\/pensalla.cat\/?p=1976","title":{"rendered":"El Samsung s8"},"content":{"rendered":"<div style=\"padding-top:0px;\t\r\npadding-right:0px;\r\npadding-bottom:0px;\r\npadding-left:0px;\r\nmargin-top:0px;\r\nmargin-right:0px;\r\nmargin-bottom:0px;\r\nmargin-left:0px;\"><a href=\"https:\/\/twitter.com\/share\" class=\"twitter-share-button\" \r\n\t\t\t\t        data-url=\"https:\/\/pensalla.cat\/?p=1976\" \r\n\t\t\t\t        data-via=\"jjofra\"\r\n\t\t\t\t\t    data-text=\"El Samsung s8\"\r\n\t\t\t\t\t    data-related=\"\"\r\n\t\t\t\t\t    data-count=\"none\"\r\n\t\t\t\t\t    data-hashtags=\"\"\r\n\t\t\t\t\t    data-lang=\"autoLANGauto\"\r\n\t\t\t\t\t    data-counturl=\"pensalla.cat\"\r\n\t\t\t\t\t    data-size=\"medium\"\r\n\t\t\t\t\t    data-dnt=\"false\"\t> Tweet <\/a> <\/div>\r\n\t\t                <script>\r\n\t\t\t\t\t    !function(d,s,id) {\r\n\t\t\t\t\t      var js,fjs=d.getElementsByTagName(s)[0];\r\n\t\t\t\t\t      if(!d.getElementById(id)) {\r\n\t\t\t\t\t       js=d.createElement(s);js.id=id;js.src=\"https:\/\/platform.twitter.com\/widgets.js\";fjs.parentNode.insertBefore(js,fjs);\r\n\t\t\t\t\t      }\r\n\t\t\t\t\t    }\r\n\t\t\t\t\t   (document,\"script\",\"twitter-wjs\");\r\n\t\t\t\t\t    <\/script><div>&nbsp;<\/div>\n<div>Aquesta setmana vull aprofitar l\u2019excusa que s\u2019acaba de presentar el nou Samsung S8 que es posar\u00e0 a la venda el pr`xim 28 d\u2019abril,\u00a0per parlar en general del que ens ofereixen els m\u00f2bils i les tend\u00e8ncies que anirem veient, el que ens ofereixen per un preu considerable, perqu\u00e8 si\u00a0volem la darrera novetat, amb 64 gB m\u00ednim,\u00a0haurem de posar damunt la taula\u00a0809 \u20ac pel model normal (5,8 polzades de pantalla)\u00a0i 909 \u20ac pel Plus (6,2 polzades), qualsevol model \u00e9s m\u00e9s gran que el m\u00e9s gran dels iPhone, el 7 Plus que mesura 5,5 polzades (i 4,7 polzades el normal)<\/div>\n<div>&nbsp;<\/div>\n<div>\n<table>\n<tbody>\n<tr>\n<td>\n<div>&nbsp;<\/div>\n<\/td>\n<td>\n<div>normal<\/div>\n<\/td>\n<td>\n<div>plus \/ edge<\/div>\n<\/td>\n<\/tr>\n<tr>\n<td>\n<div>samsung s8<\/div>\n<\/td>\n<td>\n<div style=\"text-align: right;\">5,8&#8243;<\/div>\n<\/td>\n<td>\n<div style=\"text-align: right;\">6,2&#8243;<\/div>\n<\/td>\n<\/tr>\n<tr>\n<td>\n<div>iPhone 7<\/div>\n<\/td>\n<td>\n<div style=\"text-align: right;\">4,7&#8243;<\/div>\n<\/td>\n<td>\n<div style=\"text-align: right;\">5,5&#8243;<\/div>\n<\/td>\n<\/tr>\n<tr>\n<td>\n<div>samsung s7<\/div>\n<\/td>\n<td>\n<div style=\"text-align: right;\">5,1&#8243;<\/div>\n<\/td>\n<td>\n<div style=\"text-align: right;\">5,5&#8243;<\/div>\n<\/td>\n<\/tr>\n<\/tbody>\n<\/table>\n<\/div>\n<div>&nbsp;<\/div>\n<div>&nbsp;<\/div>\n<div><a href=\"https:\/\/i0.wp.com\/pensalla.cat\/wp-content\/uploads\/2017\/04\/20170407-samsung.png\"><img data-recalc-dims=\"1\" loading=\"lazy\" decoding=\"async\" class=\"aligncenter size-medium wp-image-1977\" src=\"https:\/\/i0.wp.com\/pensalla.cat\/wp-content\/uploads\/2017\/04\/20170407-samsung-300x255.png?resize=300%2C255\" alt=\"\" width=\"300\" height=\"255\" srcset=\"https:\/\/i0.wp.com\/pensalla.cat\/wp-content\/uploads\/2017\/04\/20170407-samsung.png?resize=300%2C255&amp;ssl=1 300w, https:\/\/i0.wp.com\/pensalla.cat\/wp-content\/uploads\/2017\/04\/20170407-samsung.png?resize=768%2C653&amp;ssl=1 768w, https:\/\/i0.wp.com\/pensalla.cat\/wp-content\/uploads\/2017\/04\/20170407-samsung.png?resize=100%2C85&amp;ssl=1 100w, https:\/\/i0.wp.com\/pensalla.cat\/wp-content\/uploads\/2017\/04\/20170407-samsung.png?resize=150%2C128&amp;ssl=1 150w, https:\/\/i0.wp.com\/pensalla.cat\/wp-content\/uploads\/2017\/04\/20170407-samsung.png?resize=200%2C170&amp;ssl=1 200w, https:\/\/i0.wp.com\/pensalla.cat\/wp-content\/uploads\/2017\/04\/20170407-samsung.png?resize=450%2C383&amp;ssl=1 450w, https:\/\/i0.wp.com\/pensalla.cat\/wp-content\/uploads\/2017\/04\/20170407-samsung.png?resize=600%2C510&amp;ssl=1 600w, https:\/\/i0.wp.com\/pensalla.cat\/wp-content\/uploads\/2017\/04\/20170407-samsung.png?w=854&amp;ssl=1 854w\" sizes=\"auto, (max-width: 300px) 100vw, 300px\" \/><\/a><\/div>\n<div>&nbsp;<\/div>\n<div><b>Mida<\/b> &#8211; Ja veieu que la primera tend\u00e8ncia \u00e9s a fer-los cada vegada m\u00e9s grans, gaireb\u00e9 el 20% dels nous tel\u00e8fons a Europa s\u00f3n iguals o m\u00e9s grans que l\u2019iPhone 7 Plus i no diguem al mercat asi\u00e0tic que pensen que qualsevol cosa menor a un iPhone 7 Plus \u00e9s una joguina.<\/div>\n<div>&nbsp;<\/div>\n<div>Tot i aix\u00f2, encara que sembli contradictori, els tel\u00e8fons s\u00f3n m\u00e9s petits, un 3% m\u00e9s gran que l\u2019S7 per\u00f2 1 mil\u00b7l\u00edmetre m\u00e9s prim,\u00a0perqu\u00e8 la pantalla ocupa tota la superf\u00edcie, ja no hi ha, pr\u00e0cticament, costats laterals i, per primera vegada, les franges superior i inferior desapareixen, cosa que d\u00f3na 400 p\u00edxels addicionals i\u00a0obliga a buscar una soluci\u00f3 pel bot\u00f3 f\u00edsic\u00a0inferior,una soluci\u00f3 sensible \ud83d\ude42<\/div>\n<div>&nbsp;<\/div>\n<div><b>Assistent<\/b> &#8211;\u00a0Els tel\u00e8fons ja incorporen una mica d&#8217;intel\u00b7lig\u00e8ncia artificial i, per primera vegada, el Samsung incorpora un assistent personal, en\/na Bixby per competir amb el Siri d\u2019Apple, el Cortana de Microsoft, l\u2019Alexa d\u2019Amazon o el Google Assistant de Google. Per\u00f2 de moment nom\u00e9s ent\u00e9n quan li parles en angl\u00e8s o core\u00e0, de fet de tots els que he citat l\u2019\u00fanic que ent\u00e9n el castell\u00e0 (ni parlar-ne del catal\u00e0) \u00e9s el Siri. Per\u00f2 suposo que aviat el tindrem ben potent perqu\u00e8 des de l\u2019octubre passat que van fitxar un dels fundadors de Siri han fet moltes passes endavant.<\/div>\n<div>&nbsp;<\/div>\n<div><b>Multitasca<\/b> &#8211; gr\u00e0cies a la mida, gran mida, dels tel\u00e8fons Samsung ha pogut incorporar la multitasca que Apple va introduir a\u00a0l&#8217;iPad Pro, dividint la pantalla en dues parts i\u00a0aix\u00ed podem escriure un missatge i mirar les dades a un Excel que tenim a l\u2019altra meitat de la pantalla.<\/div>\n<div>&nbsp;<\/div>\n<div><b>Pressi\u00f3<\/b> &#8211; encara que sigui una \u2018habilitat\u2019 que no m\u2019agradi, cada vegada trobem m\u00e9s tel\u00e8fons que tenen la pantalla sensible a la pressi\u00f3 i que poden fer diferents accions segons la for\u00e7a que apliquem a la pantalla, per\u00f2 si ja era complicat fins ara tenir controlats tots els gestos que pod\u00edem fer, ara amb la pressi\u00f3 es complica encara m\u00e9s l\u2019interfase, sort que els assistents aviat ens permetran oblidar-nos dels dits&#8230;<\/div>\n<div>&nbsp;<\/div>\n<div><b>C\u00e0mera<\/b> &#8211; sembla que ja hem arribat al l\u00edmit i la c\u00e0mera de 12 megap\u00edxels de l\u2019S8 \u00e9s la mateixa que la del S7 i la de l\u2019iPhone 7, ara a qualitat es busca en la capacitat de fer fotos amb poca llum, el software de tractament de les imatges capturades, etc. perqu\u00e8 ja no cal tenir una c\u00e0mera amb m\u00e9s p\u00edxels.<\/div>\n<div>&nbsp;<\/div>\n<div><b>Resistents a l\u2019aigua<\/b> &#8211; vist que el 30% dels problemes dels tel\u00e8fons tenen a veure amb la caiguda a l\u2019aigua, i un percentatge alt dins la tassa del v\u00e0ter, els nous tel\u00e8fons ja s\u00f3n resistents a l\u2019aigua i d\u2019altres part\u00edcules, la neteja a fons \u00e9s cosa vostra.<\/div>\n<div>&nbsp;<\/div>\n<div><b>Bateria<\/b> &#8211; aqu\u00ed no hem millorat i crec que ens falta temps encara, les bateries segueixen durant poc, necessitem els carregadors que hem de dur a sobre o els punts de c\u00e0rrega sense fils, opci\u00f3 que funciona en\u00a0el Samsung S8 per\u00f2 encara no a l\u2019iPhone 7.<\/div>\n<div>&nbsp;<\/div>\n<div><b>DeX<\/b> &#8211; he deixat pel final\u00a0aix\u00f2 s\u00ed que \u00e9s una gran novetat de Samsung, el DeX o Desktop Experience, a la foto que encap\u00e7ala aquest article,\u00a0una base ($150 als USA) que ens permet carregar el tel\u00e8fon i connectar-lo a un teclat, un ratol\u00ed i un monitor extern per fer-lo servir com el nostre ordinador de sobretaula, perqu\u00e8 no nom\u00e9s veus la mateixa pantalla sin\u00f3 que, tocant el software d\u2019Android\u00a0com han fet els de Samsung, es converteix en una pantalla amb molts m\u00e9s p\u00edxels i en format PC, no en format dispositiu m\u00f2bil.<\/div>\n<div>&nbsp;<\/div>\n<div>\n<div>&nbsp;<\/div>\n<\/div>\n<div>&nbsp;<\/div>\n<div>&nbsp;<\/div>\n<div>&nbsp;<\/div>\n<div>&nbsp;<\/div>\n<div style=\"padding-top:0px;\t\r\npadding-right:0px;\r\npadding-bottom:0px;\r\npadding-left:0px;\r\nmargin-top:0px;\r\nmargin-right:0px;\r\nmargin-bottom:0px;\r\nmargin-left:0px;\"><a href=\"https:\/\/twitter.com\/share\" class=\"twitter-share-button\" \r\n\t\t\t\t        data-url=\"https:\/\/pensalla.cat\/?p=1976\" \r\n\t\t\t\t        data-via=\"jjofra\"\r\n\t\t\t\t\t    data-text=\"El Samsung s8\"\r\n\t\t\t\t\t    data-related=\"\"\r\n\t\t\t\t\t    data-count=\"none\"\r\n\t\t\t\t\t    data-hashtags=\"\"\r\n\t\t\t\t\t    data-lang=\"autoLANGauto\"\r\n\t\t\t\t\t    data-counturl=\"pensalla.cat\"\r\n\t\t\t\t\t    data-size=\"medium\"\r\n\t\t\t\t\t    data-dnt=\"false\"\t> Tweet <\/a> <\/div>\r\n\t\t                <script>\r\n\t\t\t\t\t    !function(d,s,id) {\r\n\t\t\t\t\t      var js,fjs=d.getElementsByTagName(s)[0];\r\n\t\t\t\t\t      if(!d.getElementById(id)) {\r\n\t\t\t\t\t       js=d.createElement(s);js.id=id;js.src=\"https:\/\/platform.twitter.com\/widgets.js\";fjs.parentNode.insertBefore(js,fjs);\r\n\t\t\t\t\t      }\r\n\t\t\t\t\t    }\r\n\t\t\t\t\t   (document,\"script\",\"twitter-wjs\");\r\n\t\t\t\t\t    <\/script>","protected":false},"excerpt":{"rendered":"<p>Tweet &nbsp; Aquesta setmana vull aprofitar l\u2019excusa que s\u2019acaba de presentar el nou Samsung S8 que es posar\u00e0 a la venda el pr`xim 28 d\u2019abril,\u00a0per parlar en general del que ens ofereixen els m\u00f2bils i les tend\u00e8ncies que anirem veient,<span class=\"ellipsis\">&hellip;<\/span><\/p>\n<div class=\"read-more\"><a href=\"https:\/\/pensalla.cat\/?p=1976\">Read more <span class=\"screen-reader-text\">El Samsung s8<\/span><span class=\"meta-nav\"> &#8250;<\/span><\/a><\/div>\n<p><!-- end of .read-more --><\/p>\n","protected":false},"author":1,"featured_media":0,"comment_status":"open","ping_status":"open","sticky":false,"template":"","format":"standard","meta":{"_exactmetrics_skip_tracking":false,"_exactmetrics_sitenote_active":false,"_exactmetrics_sitenote_note":"","_exactmetrics_sitenote_category":0,"jetpack_post_was_ever_published":false,"_jetpack_newsletter_access":"","_jetpack_dont_email_post_to_subs":false,"_jetpack_newsletter_tier_id":0,"_jetpack_memberships_contains_paywalled_content":false,"_jetpack_memberships_contains_paid_content":false,"footnotes":"","jetpack_publicize_message":"","jetpack_publicize_feature_enabled":true,"jetpack_social_post_already_shared":true,"jetpack_social_options":{"image_generator_settings":{"template":"highway","default_image_id":0,"font":"","enabled":false},"version":2}},"categories":[2],"tags":[],"class_list":["post-1976","post","type-post","status-publish","format-standard","hentry","category-articles"],"aioseo_notices":[],"jetpack_publicize_connections":[],"jetpack_featured_media_url":"","jetpack_sharing_enabled":true,"_links":{"self":[{"href":"https:\/\/pensalla.cat\/index.php?rest_route=\/wp\/v2\/posts\/1976","targetHints":{"allow":["GET"]}}],"collection":[{"href":"https:\/\/pensalla.cat\/index.php?rest_route=\/wp\/v2\/posts"}],"about":[{"href":"https:\/\/pensalla.cat\/index.php?rest_route=\/wp\/v2\/types\/post"}],"author":[{"embeddable":true,"href":"https:\/\/pensalla.cat\/index.php?rest_route=\/wp\/v2\/users\/1"}],"replies":[{"embeddable":true,"href":"https:\/\/pensalla.cat\/index.php?rest_route=%2Fwp%2Fv2%2Fcomments&post=1976"}],"version-history":[{"count":0,"href":"https:\/\/pensalla.cat\/index.php?rest_route=\/wp\/v2\/posts\/1976\/revisions"}],"wp:attachment":[{"href":"https:\/\/pensalla.cat\/index.php?rest_route=%2Fwp%2Fv2%2Fmedia&parent=1976"}],"wp:term":[{"taxonomy":"category","embeddable":true,"href":"https:\/\/pensalla.cat\/index.php?rest_route=%2Fwp%2Fv2%2Fcategories&post=1976"},{"taxonomy":"post_tag","embeddable":true,"href":"https:\/\/pensalla.cat\/index.php?rest_route=%2Fwp%2Fv2%2Ftags&post=1976"}],"curies":[{"name":"wp","href":"https:\/\/api.w.org\/{rel}","templated":true}]}}