{"id":1987,"date":"2017-04-28T07:10:52","date_gmt":"2017-04-28T06:10:52","guid":{"rendered":"http:\/\/pensalla.cat\/?p=1987"},"modified":"2017-04-27T09:42:31","modified_gmt":"2017-04-27T08:42:31","slug":"la-mort-digital","status":"publish","type":"post","link":"https:\/\/pensalla.cat\/?p=1987","title":{"rendered":"La mort digital"},"content":{"rendered":"<div style=\"padding-top:0px;\t\r\npadding-right:0px;\r\npadding-bottom:0px;\r\npadding-left:0px;\r\nmargin-top:0px;\r\nmargin-right:0px;\r\nmargin-bottom:0px;\r\nmargin-left:0px;\"><a href=\"https:\/\/twitter.com\/share\" class=\"twitter-share-button\" \r\n\t\t\t\t        data-url=\"https:\/\/pensalla.cat\/?p=1987\" \r\n\t\t\t\t        data-via=\"jjofra\"\r\n\t\t\t\t\t    data-text=\"La mort digital\"\r\n\t\t\t\t\t    data-related=\"\"\r\n\t\t\t\t\t    data-count=\"none\"\r\n\t\t\t\t\t    data-hashtags=\"\"\r\n\t\t\t\t\t    data-lang=\"autoLANGauto\"\r\n\t\t\t\t\t    data-counturl=\"pensalla.cat\"\r\n\t\t\t\t\t    data-size=\"medium\"\r\n\t\t\t\t\t    data-dnt=\"false\"\t> Tweet <\/a> <\/div>\r\n\t\t                <script>\r\n\t\t\t\t\t    !function(d,s,id) {\r\n\t\t\t\t\t      var js,fjs=d.getElementsByTagName(s)[0];\r\n\t\t\t\t\t      if(!d.getElementById(id)) {\r\n\t\t\t\t\t       js=d.createElement(s);js.id=id;js.src=\"https:\/\/platform.twitter.com\/widgets.js\";fjs.parentNode.insertBefore(js,fjs);\r\n\t\t\t\t\t      }\r\n\t\t\t\t\t    }\r\n\t\t\t\t\t   (document,\"script\",\"twitter-wjs\");\r\n\t\t\t\t\t    <\/script><div>&nbsp;<\/div>\n<p><a href=\"https:\/\/i0.wp.com\/pensalla.cat\/wp-content\/uploads\/2017\/04\/20170428-dep.png\"><img data-recalc-dims=\"1\" loading=\"lazy\" decoding=\"async\" src=\"https:\/\/i0.wp.com\/pensalla.cat\/wp-content\/uploads\/2017\/04\/20170428-dep-300x167.png?resize=300%2C167\" alt=\"\" width=\"300\" height=\"167\" class=\"aligncenter size-medium wp-image-1989\" srcset=\"https:\/\/i0.wp.com\/pensalla.cat\/wp-content\/uploads\/2017\/04\/20170428-dep.png?resize=300%2C167&amp;ssl=1 300w, https:\/\/i0.wp.com\/pensalla.cat\/wp-content\/uploads\/2017\/04\/20170428-dep.png?resize=100%2C56&amp;ssl=1 100w, https:\/\/i0.wp.com\/pensalla.cat\/wp-content\/uploads\/2017\/04\/20170428-dep.png?resize=150%2C83&amp;ssl=1 150w, https:\/\/i0.wp.com\/pensalla.cat\/wp-content\/uploads\/2017\/04\/20170428-dep.png?resize=200%2C111&amp;ssl=1 200w, https:\/\/i0.wp.com\/pensalla.cat\/wp-content\/uploads\/2017\/04\/20170428-dep.png?w=345&amp;ssl=1 345w\" sizes=\"auto, (max-width: 300px) 100vw, 300px\" \/><\/a><\/p>\n<div>&nbsp;<\/div>\n<div>El Parlament de Catalunya est\u00e0 tramitant una llei de voluntats digitals, el <a href=\"http:\/\/premsa.gencat.cat\/pres_fsvp\/AppJava\/notapremsavw\/299124\/ca\/govern-aprova-projecte-llei-voluntats-digitals-regula-llegat-difunts-xarxa.do\">Projecte de llei de Voluntats Digitals<\/a>, que far\u00e0 m\u00e9s f\u00e0cil disposar del nostre patrimoni digital quan morim, creant la figura de l\u2019hereu digital, el responsable d\u2019administrar els comptes de les xarxes socials i els seus continguts, aquesta figura podr\u00e0 constar al testament.<\/div>\n<div>&nbsp;<\/div>\n<div>Aquesta persona tindr\u00e0 drets reconeguts perqu\u00e8 s\u2019adreci a les empreses de prestaci\u00f3 de serveis digitals (Google, Facebook, Twitter, etc.) i quedi reconegut legalment com a nou titular dels comptes i dels continguts a Internet.<\/div>\n<div>&nbsp;<\/div>\n<div>Si no s\u2019ha fet testament, es podr\u00e0 fer un registre de voluntats digitals, similar al de voluntats anticipades, dedicat principalment als joves que encara no han fet testament i al que es podr\u00e0 accedir simplement des de l\u2019ordinador amb signatura digital.<\/div>\n<div>&nbsp;<\/div>\n<div>Tots nosaltres ens hem trobat en situacions prou desagradables quan ens ha arribat un recordatori d\u2019aniversari d\u2019un amic que ja \u00e9s mort<\/div>\n<div>&nbsp;<\/div>\n<div>&nbsp;<\/div>\n<div><strong>Qui t\u00e9 acc\u00e9s als comptes?<\/strong><\/div>\n<div>&nbsp;<\/div>\n<div>Fins ara Facebook demana un paper del jutge per autoritzar a un tercer accedir al compte d\u2019una persona morta i permet convertir la p\u00e0gina de FB en un memorial., mireu el que diu a la seva p\u00e0gina de \u2018trems and conditions\u2019: \u201cYou will not transfer your account (including any Page or application you administer) to anyone without first getting our written permission\u201d.<\/div>\n<div>&nbsp;<\/div>\n<div>Twitter et diu \u201cgives you a personal, worldwide, royalty-free, non-assignable and non-exclusive license to use the software\u201d el que implica que no podeu transferir el compte.<\/div>\n<div>&nbsp;<\/div>\n<div>Yahoo!, propietari de Flickr, diuen que teniu un dret \u201cpersonal, non-transferable and non-exclusive right and licence\u201d i pot esborrar comptes inactius, el que vol dir que pot esborrar totes les fotos que teniu o ten\u00edeu online.<\/div>\n<div>&nbsp;<\/div>\n<div>Hi ha empreses, com <a href=\"https:\/\/tellmebye.com\">Tellmebye<\/a>, que van venir a l\u2019<a href=\"http:\/\/www.vilaweb.cat\/noticies\/tellmebye-com-gestionar-la-nostra-mort-digital\/\">internauta el novembre del 2016<\/a> per explicar el que ells fan per endre\u00e7ar la nostra her\u00e8ncia digital.<\/div>\n<div>&nbsp;<\/div>\n<div>&nbsp;<\/div>\n<div>&nbsp;<\/div>\n<div><strong>Qui es queda amb els continguts digitals?<\/strong><\/div>\n<div>&nbsp;<\/div>\n<div>Si creieu que quan feu clic al bot\u00f3 de \u2018comprar\u2019 a Amazon o iTunes o qualsevol altre venedor de continguts digitals (m\u00fasica, llibres, pel\u00b7l\u00edcules, programes) esteu comprant alguna cosa, esteu molt equivocats. Si llegiu els famosos \u2018terms of service\u2019 us adonareu que nom\u00e9s esteu llicenciant el dret de fer-ho servir, amb petites difer\u00e8ncies segons qui sigui el vostre prove\u00efdor.<\/div>\n<div>&nbsp;<\/div>\n<div>Recordeu el cas de fa uns anys, el 2009, quan Amazon va decidir esborrar les noveles \u20181984\u2019 i \u2018Animal Farm\u2019 de Georges Orwell de tots els dispositius Kindle que l\u2019havien \u2018comprat\u2019 per culpa d\u2019una disputa sobre si Amazon tenia o no drets per vendre-la. Tots els qui la tenien es pensaven que l\u2019havien comprat fins que es van adonar que no, que simplement podien llegir-la per\u00f2 no era seva, els hi va desapar\u00e8ixer del seu lector, ni tan sols podien decidir qu\u00e8 fer amb ella, aix\u00f2 s\u00ed, Amazon els hi va retornar els diners que havien pagat. No m\u2019imagino un editor de llibres de paper anant casa per casa demanant que li torneu el llibre que us ha venut!<\/div>\n<div>&nbsp;<\/div>\n<div>Fixeu-vos el que diu la llic\u00e8ncia que accepteu quan compreu un llibre a la Kindle Store:\u00a0&#8220;unless specifically indicated otherwise, you may not sell, rent, lease, distribute, broadcast, sublicense or otherwise assign any rights to the Kindle content.&#8221;<\/div>\n<div>&nbsp;<\/div>\n<div>Si sou del ram dels advocats o esteu interessats en aquest tema el llibre clau \u00e9s \u2018<a href=\"https:\/\/mitpress.mit.edu\/end\">The End of Owership<\/a>\u2019 d\u2019Aaron Perzanowski i Jason Schultz, i publicat pel MIT a finals del 2016. Si seguiu el link podreu comprar-lo en paper o \u2018comprar-lo&#8217; en versi\u00f3 digital.<\/div>\n<div>&nbsp;<\/div>\n<div>ReDigi era, perqu\u00e8 ja ha tancat, un servei que permetia \u2018vendre\u2019 m\u00fasica que havies comprat legalment a un altre usuari quan ja n\u2019estaves tip de sentir-la. Va comen\u00e7ar amb la m\u00fasica d\u2019iTunes i Amazon, per\u00f2 immediatament es va veure que els termes legals d\u2019Amazon no li permetien fer la \u2018compravenda\u2019 i es va concentrar a la m\u00fasica \u2018comprada\u2019 a l\u2019iTunes.<\/div>\n<div>&nbsp;<\/div>\n<div>El gener del 2012 els de Capitol Records els van acusar d\u2019infringir les lleis del copyright i el mar\u00e7 del 2013 <a href=\"https:\/\/en.wikipedia.org\/wiki\/Capitol_Records,_LLC_v._ReDigi_Inc\">un jutge va dictar en contra de ReDigi i a favor de Capitol Records<\/a>. De forma que encara que ells de ReDigi van demostrar que ells confirmaven que l\u2019usuari que volia vendre havia pagat la llic\u00e8ncia d\u2019\u00fas, van haver de retirar-se del mercat perqu\u00e8, segons el veredicte, estaven fent una c\u00f2pia de la can\u00e7\u00f3 en el moment de fer la venda i aix\u00f2 contravenia la llei del copyright.<\/div>\n<div>&nbsp;<\/div>\n<div>En canvi, la Cort Europea de Just\u00edcia va dictar una norma el 2012 que deia que est\u00e0 perm\u00e8s vendre programes que l\u2019usuari hagi baixat legalment d\u2019Internet.<\/div>\n<div>&nbsp;<\/div>\n<div>El setembre del 2012 un parell de tabloids anglesos van publicar la not\u00edcia de qu\u00e8 Bruce Willis, quan es va adonar que tota la seva llibreria de m\u00fasica digital que havia \u2018comprat\u2019 a l\u2019iTunes Store, uns quants milers de d\u00f2lars, revertiria a Apple quan ell mor\u00eds, mentre que ell volia que la poguessin heretar els seus fills, volia perseguir judicialment a Apple. En un parell de dies es va saber que la not\u00edcia no tenia cap fonament, per\u00f2 la falsa not\u00edcia va ajudar que m\u00e9s gent conegu\u00e9s que els continguts digitals no s\u00f3n nostres.<\/div>\n<div>&nbsp;<\/div>\n<div>\u00c9s clar que podia passar el codi d\u2019usuari i la contrasenya als seus fills, per\u00f2, segurament, es tancaran els comptes d\u2019iCloud o d&#8217;Amazon quan alg\u00fa es mori i fent-ho, desapareixeran totes les can\u00e7ons \u2018comprades\u2019.<\/div>\n<div>&nbsp;<\/div>\n<div>B\u00e9, no podia acabar de cap altra manera que dir DEP.<\/div>\n<div>&nbsp;<\/div>\n<div>&nbsp;<\/div>\n<div style=\"padding-top:0px;\t\r\npadding-right:0px;\r\npadding-bottom:0px;\r\npadding-left:0px;\r\nmargin-top:0px;\r\nmargin-right:0px;\r\nmargin-bottom:0px;\r\nmargin-left:0px;\"><a href=\"https:\/\/twitter.com\/share\" class=\"twitter-share-button\" \r\n\t\t\t\t        data-url=\"https:\/\/pensalla.cat\/?p=1987\" \r\n\t\t\t\t        data-via=\"jjofra\"\r\n\t\t\t\t\t    data-text=\"La mort digital\"\r\n\t\t\t\t\t    data-related=\"\"\r\n\t\t\t\t\t    data-count=\"none\"\r\n\t\t\t\t\t    data-hashtags=\"\"\r\n\t\t\t\t\t    data-lang=\"autoLANGauto\"\r\n\t\t\t\t\t    data-counturl=\"pensalla.cat\"\r\n\t\t\t\t\t    data-size=\"medium\"\r\n\t\t\t\t\t    data-dnt=\"false\"\t> Tweet <\/a> <\/div>\r\n\t\t                <script>\r\n\t\t\t\t\t    !function(d,s,id) {\r\n\t\t\t\t\t      var js,fjs=d.getElementsByTagName(s)[0];\r\n\t\t\t\t\t      if(!d.getElementById(id)) {\r\n\t\t\t\t\t       js=d.createElement(s);js.id=id;js.src=\"https:\/\/platform.twitter.com\/widgets.js\";fjs.parentNode.insertBefore(js,fjs);\r\n\t\t\t\t\t      }\r\n\t\t\t\t\t    }\r\n\t\t\t\t\t   (document,\"script\",\"twitter-wjs\");\r\n\t\t\t\t\t    <\/script>","protected":false},"excerpt":{"rendered":"<p>Tweet &nbsp; &nbsp; El Parlament de Catalunya est\u00e0 tramitant una llei de voluntats digitals, el Projecte de llei de Voluntats Digitals, que far\u00e0 m\u00e9s f\u00e0cil disposar del nostre patrimoni digital quan morim, creant la figura de l\u2019hereu digital, el responsable<span class=\"ellipsis\">&hellip;<\/span><\/p>\n<div class=\"read-more\"><a href=\"https:\/\/pensalla.cat\/?p=1987\">Read more <span class=\"screen-reader-text\">La mort digital<\/span><span class=\"meta-nav\"> &#8250;<\/span><\/a><\/div>\n<p><!-- end of .read-more --><\/p>\n","protected":false},"author":1,"featured_media":0,"comment_status":"open","ping_status":"open","sticky":false,"template":"","format":"standard","meta":{"_exactmetrics_skip_tracking":false,"_exactmetrics_sitenote_active":false,"_exactmetrics_sitenote_note":"","_exactmetrics_sitenote_category":0,"jetpack_post_was_ever_published":false,"_jetpack_newsletter_access":"","_jetpack_dont_email_post_to_subs":false,"_jetpack_newsletter_tier_id":0,"_jetpack_memberships_contains_paywalled_content":false,"_jetpack_memberships_contains_paid_content":false,"footnotes":"","jetpack_publicize_message":"","jetpack_publicize_feature_enabled":true,"jetpack_social_post_already_shared":true,"jetpack_social_options":{"image_generator_settings":{"template":"highway","default_image_id":0,"font":"","enabled":false},"version":2}},"categories":[2],"tags":[],"class_list":["post-1987","post","type-post","status-publish","format-standard","hentry","category-articles"],"aioseo_notices":[],"jetpack_publicize_connections":[],"jetpack_featured_media_url":"","jetpack_sharing_enabled":true,"_links":{"self":[{"href":"https:\/\/pensalla.cat\/index.php?rest_route=\/wp\/v2\/posts\/1987","targetHints":{"allow":["GET"]}}],"collection":[{"href":"https:\/\/pensalla.cat\/index.php?rest_route=\/wp\/v2\/posts"}],"about":[{"href":"https:\/\/pensalla.cat\/index.php?rest_route=\/wp\/v2\/types\/post"}],"author":[{"embeddable":true,"href":"https:\/\/pensalla.cat\/index.php?rest_route=\/wp\/v2\/users\/1"}],"replies":[{"embeddable":true,"href":"https:\/\/pensalla.cat\/index.php?rest_route=%2Fwp%2Fv2%2Fcomments&post=1987"}],"version-history":[{"count":0,"href":"https:\/\/pensalla.cat\/index.php?rest_route=\/wp\/v2\/posts\/1987\/revisions"}],"wp:attachment":[{"href":"https:\/\/pensalla.cat\/index.php?rest_route=%2Fwp%2Fv2%2Fmedia&parent=1987"}],"wp:term":[{"taxonomy":"category","embeddable":true,"href":"https:\/\/pensalla.cat\/index.php?rest_route=%2Fwp%2Fv2%2Fcategories&post=1987"},{"taxonomy":"post_tag","embeddable":true,"href":"https:\/\/pensalla.cat\/index.php?rest_route=%2Fwp%2Fv2%2Ftags&post=1987"}],"curies":[{"name":"wp","href":"https:\/\/api.w.org\/{rel}","templated":true}]}}