{"id":456,"date":"2015-02-20T07:00:12","date_gmt":"2015-02-20T06:00:12","guid":{"rendered":"http:\/\/pensalla.cat\/?p=456"},"modified":"2015-02-18T09:00:42","modified_gmt":"2015-02-18T08:00:42","slug":"edicio-de-video","status":"publish","type":"post","link":"https:\/\/pensalla.cat\/?p=456","title":{"rendered":"Edici\u00f3 de v\u00eddeo"},"content":{"rendered":"<div style=\"padding-top:0px;\t\r\npadding-right:0px;\r\npadding-bottom:0px;\r\npadding-left:0px;\r\nmargin-top:0px;\r\nmargin-right:0px;\r\nmargin-bottom:0px;\r\nmargin-left:0px;\"><a href=\"https:\/\/twitter.com\/share\" class=\"twitter-share-button\" \r\n\t\t\t\t        data-url=\"https:\/\/pensalla.cat\/?p=456\" \r\n\t\t\t\t        data-via=\"jjofra\"\r\n\t\t\t\t\t    data-text=\"Edici\u00f3 de v\u00eddeo\"\r\n\t\t\t\t\t    data-related=\"\"\r\n\t\t\t\t\t    data-count=\"none\"\r\n\t\t\t\t\t    data-hashtags=\"\"\r\n\t\t\t\t\t    data-lang=\"autoLANGauto\"\r\n\t\t\t\t\t    data-counturl=\"pensalla.cat\"\r\n\t\t\t\t\t    data-size=\"medium\"\r\n\t\t\t\t\t    data-dnt=\"false\"\t> Tweet <\/a> <\/div>\r\n\t\t                <script>\r\n\t\t\t\t\t    !function(d,s,id) {\r\n\t\t\t\t\t      var js,fjs=d.getElementsByTagName(s)[0];\r\n\t\t\t\t\t      if(!d.getElementById(id)) {\r\n\t\t\t\t\t       js=d.createElement(s);js.id=id;js.src=\"https:\/\/platform.twitter.com\/widgets.js\";fjs.parentNode.insertBefore(js,fjs);\r\n\t\t\t\t\t      }\r\n\t\t\t\t\t    }\r\n\t\t\t\t\t   (document,\"script\",\"twitter-wjs\");\r\n\t\t\t\t\t    <\/script><h2><\/h2>\n<p>Recordeu quan abans en una reuni\u00f3 d\u2019amics enseny\u00e0veu les fotos de les vacances amb el projector de diapositives?, perqu\u00e8\u00a0lligarem el tema de la setmana anterior quan parl\u00e0vem dels Media Center\u00a0i com reproduir contingut multim\u00e8dia al nostre televisor, amb el d\u2019aquesta setmana,\u00a0i convertirem\u00a0el Media Center\u00a0en una m\u00e0quina de matar perqu\u00e8 us explicar\u00e9 el sistema per editar els fant\u00e0stics v\u00eddeos de les vostres vacances\u00a0o\u00a0del dia que vau anar a fer una paella, etc, etc\u00a0\u00a0i que ben reprodu\u00efts al vostre Media Center, pot acabar amb totes les vostres amistats.<\/p>\n<p><a href=\"https:\/\/i0.wp.com\/pensalla.cat\/wp-content\/uploads\/2015\/02\/20150220-edicio-video-tv.png\"><img data-recalc-dims=\"1\" loading=\"lazy\" decoding=\"async\" class=\"aligncenter size-full wp-image-466\" src=\"https:\/\/i0.wp.com\/pensalla.cat\/wp-content\/uploads\/2015\/02\/20150220-edicio-video-tv.png?resize=750%2C353\" alt=\"20150220 edicio video tv\" width=\"750\" height=\"353\" \/><\/a><\/p>\n<p>Ara,\u00a0tamb\u00e9 ho podeu fer servir per altres coses menys perilloses, per exemple, imagineu que alg\u00fa del vostre entorn est\u00e0 a punt de fer els 50 anys, li esteu preparant una festa sorpresa i voleu fer-li un v\u00eddeo dels millors moments de la seva vida i teniu un grapat de suports, no nom\u00e9s en v\u00eddeo sin\u00f3 tamb\u00e9 en fotos o en m\u00fasica de la seva vida, un bon programa editor de v\u00eddeo us far\u00e0 quedar com a uns senyors o senyores\u00a0&#8230;<\/p>\n<p>&nbsp;<\/p>\n<h2><b>La guerra dels formats<\/b><\/h2>\n<p>&nbsp;<\/p>\n<p>El primer problema que us trobareu quan aneu a treballar amb v\u00eddeos \u00e9s la guerra dels formats, m\u2019hi ha per donar i regalar, aix\u00ed que el primer que haureu de fer \u00e9s convertir-los a un que entengui el vostre programa d\u2019edici\u00f3.<\/p>\n<p>&nbsp;<\/p>\n<p><a href=\"https:\/\/i0.wp.com\/pensalla.cat\/wp-content\/uploads\/2015\/02\/E18E011C-FDEE-451C-A6C6-00CFB0C64DE3.png\"><img data-recalc-dims=\"1\" loading=\"lazy\" decoding=\"async\" class=\"alignleft size-full wp-image-457\" src=\"https:\/\/i0.wp.com\/pensalla.cat\/wp-content\/uploads\/2015\/02\/E18E011C-FDEE-451C-A6C6-00CFB0C64DE3.png?resize=165%2C169\" alt=\"E18E011C-FDEE-451C-A6C6-00CFB0C64DE3\" width=\"165\" height=\"169\" \/><\/a><\/p>\n<p>Si el vostre format no \u00e9s digital, com una cinta de Super8 o un v\u00eddeo Beta o VHS\u00a0i no voleu ni necessiteu comprar el hardware espec\u00edfic, quasi totes les botigues de fotografia us oferiran el trasp\u00e0s d\u2019aquests suports a suports digitals, normalment DVD per un cost for\u00e7a raonable. En una demostraci\u00f3 de les habilitats d\u2019Internet, podeu provar els de <a href=\"http:\/\/www.digitallab1.com\" target=\"_blank\">Digital Lab<\/a>, a la Pobla de Segur, la seva p\u00e0gina web \u00e9s millorable, per\u00f2 la feina \u00e9s excel\u00b7lent. \u00a0Una mica m\u00e9s propers\u00a0s\u00f3n els de <a href=\"http:\/\/www.videolab.es\/ca\" target=\"_blank\">Videolab<\/a> al carrer Santal\u00f3 de Barcelona.<\/p>\n<p>&nbsp;<\/p>\n<p>Si el vostre format \u00e9s digital, aqu\u00ed teniu uns quants programes que us facilitaran la vida:<\/p>\n<p>&nbsp;<\/p>\n<p><a href=\"http:\/\/ffmpegx.com\" target=\"_blank\"><b>ffmpegX<\/b><\/a>, un codificador per MacOSX i un dels millors. De fet no \u00e9s un programa sin\u00f3 \u00a0simplement una interfase gr\u00e0fica per 20 eines o programes d\u2019Unix.<\/p>\n<p><a href=\"https:\/\/i0.wp.com\/pensalla.cat\/wp-content\/uploads\/2015\/02\/7D54A43F-9365-43E6-9AB4-6F8115CDD42A.png\"><img data-recalc-dims=\"1\" loading=\"lazy\" decoding=\"async\" class=\"aligncenter size-full wp-image-458\" src=\"https:\/\/i0.wp.com\/pensalla.cat\/wp-content\/uploads\/2015\/02\/7D54A43F-9365-43E6-9AB4-6F8115CDD42A.png?resize=446%2C211\" alt=\"7D54A43F-9365-43E6-9AB4-6F8115CDD42A\" width=\"446\" height=\"211\" \/><\/a><\/p>\n<div><\/div>\n<ul>\n<li><b>llegeix<\/b><span style=\"color: #333333; font-family: Geneva, Verdana, Arial, Helvetica;\">: MPEG-1, MPEG-2, MPEG-4, DIVX, XviD, VOB no encriptat i VIDEO_TS, Quicktime .MOV, .DV, .WAV, Real Audio, Real Video, H.263, MP4 H.264, PGM, YUV, PPM, AC3, PCM8\/16 bits, mulaw\/Alaw, WMA-1\/2, SUN AU format, MP2, MP3, AAC, 3GP, FPS1, ALAC, i d\u2019altres formats &#8230;<\/span><\/li>\n<\/ul>\n<ul>\n<li><span style=\"font-size: small;\"><b>Converteix<\/b>\u00a0els formats citats a DivX, AVI XviD, H.264 MP4, MOV, DV, 3GP, Sony PSP, MP2, MP3, AAC, AC3, MPEG-1, MPEG-2, VCD, CVD, SVCD, KVCD, KSVCD, DVD, KDVD i MPEG-TS.<\/span><\/li>\n<\/ul>\n<ul>\n<li><b>Suporta subt\u00edtols<\/b>\u00a0en format VobSub, SubRip, MicroDVD, SubViewer, Sami, VPlayer, RT, SSA, AQTitle, JACOsub i\u00a0<span style=\"color: #333333; font-family: Geneva, Verdana, Arial, Helvetica;\">Tempsut<\/span><\/li>\n<\/ul>\n<div><\/div>\n<p>vaja, que si hi ha algun format que no sap com tractar-lo no cal que busqueu alternatives.<\/p>\n<p>&nbsp;<\/p>\n<p><a href=\"https:\/\/i0.wp.com\/pensalla.cat\/wp-content\/uploads\/2015\/02\/B384E8CC-3A07-4204-B53A-128A7DA9662A.png\"><img data-recalc-dims=\"1\" loading=\"lazy\" decoding=\"async\" class=\"alignleft size-full wp-image-459\" src=\"https:\/\/i0.wp.com\/pensalla.cat\/wp-content\/uploads\/2015\/02\/B384E8CC-3A07-4204-B53A-128A7DA9662A.png?resize=150%2C149\" alt=\"B384E8CC-3A07-4204-B53A-128A7DA9662A\" width=\"150\" height=\"149\" \/><\/a><\/p>\n<p><a href=\"https:\/\/handbrake.fr\" target=\"_blank\"><b>HandBrake<\/b><\/a>\u00a0\u00e9s una eina per a Mac OSX, Windows\u00a0i Linux\u00a0Ubuntu que tamb\u00e9 converteix pr\u00e0cticament qualsevol format per\u00f2 el que el fa m\u00e9s senzill \u00e9s que t\u00e9 una s\u00e8rie de formats predefinits de sortida que simplifiquen molt la tasca d\u2019escollir com volem que quedi el nostre v\u00eddeo.<\/p>\n<p><a href=\"https:\/\/i0.wp.com\/pensalla.cat\/wp-content\/uploads\/2015\/02\/5B6E4685-20AF-4C9F-A75E-D3DB9B4B6D70.png\"><img data-recalc-dims=\"1\" loading=\"lazy\" decoding=\"async\" class=\"aligncenter size-full wp-image-460\" src=\"https:\/\/i0.wp.com\/pensalla.cat\/wp-content\/uploads\/2015\/02\/5B6E4685-20AF-4C9F-A75E-D3DB9B4B6D70.png?resize=470%2C328\" alt=\"5B6E4685-20AF-4C9F-A75E-D3DB9B4B6D70\" width=\"470\" height=\"328\" \/><\/a><\/p>\n<p>&nbsp;<\/p>\n<p>Igual que l\u2019anterior \u00e9s lliure i de codi obert.<\/p>\n<div><b>\u00a0<\/b><\/div>\n<div><\/div>\n<div><a href=\"http:\/\/www.any-video-converter.com\/products\/for_video_free\/\" target=\"_blank\"><b>Any Video Converter<\/b><\/a>\u00a0 un programa comercial, que us ofereix la versi\u00f3 senzilla gratu\u00efta amb l\u2019esperan\u00e7a de qu\u00e8 compreu la Pro.<\/div>\n<p>&nbsp;<\/p>\n<p>I, per acabar, deixeu-me parlar del fen\u00f2nem <a href=\"http:\/\/www.techspansion.com\/visualhub\/\" target=\"_blank\"><b>VisualHub<\/b><\/a> de Mac, un programa de conversi\u00f3 de formats tan i tan bo i ben fet, que tot i que Techspansion, els seus creadors, van deixar d\u2019actualitzar-lo l\u2019octubre de 2008 ! Doncs b\u00e9, tot i aix\u00f2 encara avui \u00e9s dels millors i m\u00e9s r\u00e0pids programes de conversi\u00f3 de v\u00eddeo, nom\u00e9s el 2011 van haver de treure una modificaci\u00f3 per evitar que el programa deman\u00e9s el registre que era totalment innecessari, ja que feia tres anys que estava discontinuat. Encara el podeu baixar de la seva web.<\/p>\n<p>&nbsp;<\/p>\n<h2><b>Editors de V\u00eddeo<\/b><\/h2>\n<p>&nbsp;<\/p>\n<p>Ja tenim el\u00a0que volem editar en el format que necessitem, ara anem a fer la feina.<\/p>\n<p>&nbsp;<\/p>\n<p><a href=\"http:\/\/avidemux.sourceforge.net\/index.html\" target=\"_blank\"><b>Avidemux <\/b><\/a>\u00e9s un editor de v\u00eddeo, lliure per tallar, filtrar i codificar\u00a0v\u00eddeos, suporta AVI, DVD, MP4 i ASF i t\u00e9 versions per Linux, BSD, Mac OSX i windows sota llic\u00e8ncia GNU GPL.<\/p>\n<p>&nbsp;<\/p>\n<p><a href=\"https:\/\/i0.wp.com\/pensalla.cat\/wp-content\/uploads\/2015\/02\/56EFB131-CF24-4B94-98E6-BA3EF1868813.png\"><img data-recalc-dims=\"1\" loading=\"lazy\" decoding=\"async\" class=\"alignleft size-full wp-image-461\" src=\"https:\/\/i0.wp.com\/pensalla.cat\/wp-content\/uploads\/2015\/02\/56EFB131-CF24-4B94-98E6-BA3EF1868813.png?resize=290%2C258\" alt=\"56EFB131-CF24-4B94-98E6-BA3EF1868813\" width=\"290\" height=\"258\" \/><\/a><\/p>\n<p>Avidemux \u00e9s l\u2019Instagram del programari d\u2019edici\u00f3 de v\u00eddeo: r\u00e0pid, senzill i amb grans capacitats. Les feines es poden automatitzar a base de projectes, cues de feina\u00a0i capacitats d&#8217;scripting.<\/p>\n<p>&nbsp;<\/p>\n<p>\u00c9s el programa perfecte per feines d\u2019edici\u00f3, fins i tot algunes de ben professionals.<\/p>\n<p>&nbsp;<\/p>\n<div><span style=\"font-family: Helvetica, Arial, 'Lucida Grande', sans-serif;\">Si teniu un Mac amb Mavericks (10.10) tindreu problemes per fer-lo funcionar, proveu aquest build especial d\u2019<a href=\"http:\/\/fixounet.free.fr\/2.6\/Avidemux_2.6.8_maverick.dmg\" target=\"_blank\">Avidemux per Mavericks<\/a><\/span>, hi ha gent que li ha funcionat, i gent que no \ud83d\ude09 o b\u00e9 llegiu com fer-ho amb <a href=\"http:\/\/www.allsupported.com\/installing-avidemux-cli-on-osx-maverick\/\" target=\"_blank\">Homebrew<\/a>, no \u00e9s una soluci\u00f3 per a no iniciats amb el terminal \ud83d\ude42<\/div>\n<div><\/div>\n<p>&nbsp;<\/p>\n<p>&nbsp;<\/p>\n<p><a href=\"http:\/\/www.lwks.com\" target=\"_blank\"><b>Lighworks,<\/b><\/a>\u00a0si voleu un programa professional gratu\u00eft, a canvi d\u2019una corba d\u2019aprenentatge alta, vaja, que necessitareu dies i dies per llegir la documentaci\u00f3 i veure els tutorials en v\u00eddeo, Lightworks \u00e9s el vostre programa, quan el domineu podreu presumir de treballar amb el mateix programa que es va fer servir per algunes parts de Missi\u00f3 Impossible o Batman.<\/p>\n<p>&nbsp;<\/p>\n<p><a href=\"https:\/\/i0.wp.com\/pensalla.cat\/wp-content\/uploads\/2015\/02\/5746464D-E813-4669-B64F-12E3833CF1E3.png\"><img data-recalc-dims=\"1\" loading=\"lazy\" decoding=\"async\" class=\"aligncenter size-full wp-image-462\" src=\"https:\/\/i0.wp.com\/pensalla.cat\/wp-content\/uploads\/2015\/02\/5746464D-E813-4669-B64F-12E3833CF1E3.png?resize=750%2C494\" alt=\"5746464D-E813-4669-B64F-12E3833CF1E3\" width=\"750\" height=\"494\" \/><\/a><\/p>\n<p>La versi\u00f3 free importa qualsevol format per\u00f2 nom\u00e9s exporta a format web de YouTube fins a 720p (H.264 \/ MPEG-4), per altres formats haureu de comprar la versi\u00f3 Pro, per\u00f2 per fer els vostres v\u00eddeos, no us l\u2019acabareu.\u00a0La seva propaganda diu que en els darrers 25 anys Lightworks s\u2019ha fet servir per editar algunes de les millors pel\u00b7l\u00edcules de la hist\u00f2ria del cinema: LA Confidential, Pulp Fiction, Heat, Road to Perdition, Hugo, The King\u2019s Speech i moltes altres.<\/p>\n<p>&nbsp;<\/p>\n<p>&nbsp;<\/p>\n<p>I no ens oblidem de <b>iMovie<\/b>\u00a0o <b>Final Cut ProX<\/b> i de <b>Windows Movie Maker<\/b><\/p>\n<p>&nbsp;<\/p>\n<p><span style=\"color: #333333; font-family: Geneva, Verdana, Arial, Helvetica;\">Si no sou un professional\u00a0i teniu un Mac, no li doneu moltes voltes, aneu directament a <b><a href=\"https:\/\/www.apple.com\/es\/mac\/imovie\/\" target=\"_blank\">iMovie<\/a>\u00a0<\/b><\/span><span style=\"color: #333333; font-family: Geneva, Verdana, Arial, Helvetica;\">que ve amb tots els Macs, que des de fa molts anys t\u00e9 la fama, ben merescuda, de ser un dels productes m\u00e9s pensat en l\u2019usuari. Et permet importar i editar v\u00eddeo en molt formats, com per exemple tel\u00e8fons, c\u00e0meres de v\u00eddeo, etc i t\u00e9 una interfase de treball molt neta i f\u00e0cil.<\/span><\/p>\n<p>&nbsp;<\/p>\n<p><a href=\"https:\/\/i0.wp.com\/pensalla.cat\/wp-content\/uploads\/2015\/02\/AE128D3C-ED03-40D4-93F6-698F5668B962.png\"><img data-recalc-dims=\"1\" loading=\"lazy\" decoding=\"async\" class=\"aligncenter size-full wp-image-463\" src=\"https:\/\/i0.wp.com\/pensalla.cat\/wp-content\/uploads\/2015\/02\/AE128D3C-ED03-40D4-93F6-698F5668B962.png?resize=750%2C444\" alt=\"AE128D3C-ED03-40D4-93F6-698F5668B962\" width=\"750\" height=\"444\" \/><\/a><\/p>\n<p><span style=\"color: #333333; font-family: Geneva, Verdana, Arial, Helvetica;\">Les imatges i l\u2019\u00e0udio s\u00f3n arrossegades i ordenades en una l\u00ednia de temps, fer una previsualitzaci\u00f3, afegir efectes, entre d\u2019altres fer uns cr\u00e8dits magn\u00edfics perqu\u00e8 quedi clar qui n\u2019\u00e9s l&#8217;autor i, finalment, exportar el resultat final a YouTube o DVD o a qualsevol format que vulguem pel nostre Media Center.<\/span><\/p>\n<p>&nbsp;<\/p>\n<p>&nbsp;<\/p>\n<p><a href=\"https:\/\/www.apple.com\/es\/final-cut-pro\/\" target=\"_blank\"><b>Final Cut ProX<\/b><\/a>\u00a0(300\u20ac a la botiga d\u2019Apple), \u00e9s el pas professional\u00a0pels usuaris de Mac, \u00e9s, per exemple, el que fem servir per editar i crear l\u2019Internauta, b\u00e9 per ser exactes, el que fa servir en Jordi Carre\u00f1o, el nostre gran t\u00e8cnic,\u00a0aix\u00ed que si ens voleu fer la compet\u00e8ncia, penseu primer en totes les hores que passareu per aprendre com funciona i ja sabeu, dels covards mai s\u2019ha escrit res.<\/p>\n<p>&nbsp;<\/p>\n<p><span style=\"font-family: Geneva, Verdana, Arial, Helvetica;\"><a href=\"http:\/\/windows.microsoft.com\/es-es\/windows-live\/movie-maker\" target=\"_blank\"><b>Windows Movie Maker<\/b><\/a><\/span><span style=\"font-family: Geneva, Verdana, Arial, Helvetica;\">\u00a0\u00e9s un altre editor de v\u00eddeo senzill que, com podeu deduir pel nom, \u00e9s per equips windows i ve en tots els pc\u2019s. T\u00e9 un sistema similar al d\u2019iMovie, per no dir copiat, i tamb\u00e9 us pot resoldre el problema senzill del v\u00eddeo de la paella \ud83d\ude42<\/span><\/p>\n<p>&nbsp;<\/p>\n<p>Escolliu el sistema que escolliu, l\u2019edici\u00f3 de v\u00eddeo us representar\u00e0 moltes hores de feina, per\u00f2 tamb\u00e9 moltes satisfaccions, aix\u00f2 si, tingueu pietat dels vostres\u00a0amics.\u00a0Us animo a que ho intenteu, qui sap si descobriu una vocaci\u00f3 oculta i tal com estan les coses fins i tot\u00a0potser una bona font d&#8217;ingressos. En tot cas \u00e9s una activitat gratificant per qui la fa, remenar entre els records ens fa veure-ho tot des d&#8217;una altra perspectiva .<\/p>\n<p>&nbsp;<\/p>\n<div><\/div>\n<div><\/div>\n<div style=\"padding-top:0px;\t\r\npadding-right:0px;\r\npadding-bottom:0px;\r\npadding-left:0px;\r\nmargin-top:0px;\r\nmargin-right:0px;\r\nmargin-bottom:0px;\r\nmargin-left:0px;\"><a href=\"https:\/\/twitter.com\/share\" class=\"twitter-share-button\" \r\n\t\t\t\t        data-url=\"https:\/\/pensalla.cat\/?p=456\" \r\n\t\t\t\t        data-via=\"jjofra\"\r\n\t\t\t\t\t    data-text=\"Edici\u00f3 de v\u00eddeo\"\r\n\t\t\t\t\t    data-related=\"\"\r\n\t\t\t\t\t    data-count=\"none\"\r\n\t\t\t\t\t    data-hashtags=\"\"\r\n\t\t\t\t\t    data-lang=\"autoLANGauto\"\r\n\t\t\t\t\t    data-counturl=\"pensalla.cat\"\r\n\t\t\t\t\t    data-size=\"medium\"\r\n\t\t\t\t\t    data-dnt=\"false\"\t> Tweet <\/a> <\/div>\r\n\t\t                <script>\r\n\t\t\t\t\t    !function(d,s,id) {\r\n\t\t\t\t\t      var js,fjs=d.getElementsByTagName(s)[0];\r\n\t\t\t\t\t      if(!d.getElementById(id)) {\r\n\t\t\t\t\t       js=d.createElement(s);js.id=id;js.src=\"https:\/\/platform.twitter.com\/widgets.js\";fjs.parentNode.insertBefore(js,fjs);\r\n\t\t\t\t\t      }\r\n\t\t\t\t\t    }\r\n\t\t\t\t\t   (document,\"script\",\"twitter-wjs\");\r\n\t\t\t\t\t    <\/script>","protected":false},"excerpt":{"rendered":"<p>Tweet Recordeu quan abans en una reuni\u00f3 d\u2019amics enseny\u00e0veu les fotos de les vacances amb el projector de diapositives?, perqu\u00e8\u00a0lligarem el tema de la setmana anterior quan parl\u00e0vem dels Media Center\u00a0i com reproduir contingut multim\u00e8dia al nostre televisor, amb el<span class=\"ellipsis\">&hellip;<\/span><\/p>\n<div class=\"read-more\"><a href=\"https:\/\/pensalla.cat\/?p=456\">Read more <span class=\"screen-reader-text\">Edici\u00f3 de v\u00eddeo<\/span><span class=\"meta-nav\"> &#8250;<\/span><\/a><\/div>\n<p><!-- end of .read-more --><\/p>\n","protected":false},"author":1,"featured_media":0,"comment_status":"open","ping_status":"open","sticky":false,"template":"","format":"standard","meta":{"_exactmetrics_skip_tracking":false,"_exactmetrics_sitenote_active":false,"_exactmetrics_sitenote_note":"","_exactmetrics_sitenote_category":0,"jetpack_post_was_ever_published":false,"_jetpack_newsletter_access":"","_jetpack_dont_email_post_to_subs":false,"_jetpack_newsletter_tier_id":0,"_jetpack_memberships_contains_paywalled_content":false,"_jetpack_memberships_contains_paid_content":false,"footnotes":"","jetpack_publicize_message":"","jetpack_publicize_feature_enabled":true,"jetpack_social_post_already_shared":true,"jetpack_social_options":{"image_generator_settings":{"template":"highway","default_image_id":0,"font":"","enabled":false},"version":2}},"categories":[2],"tags":[],"class_list":["post-456","post","type-post","status-publish","format-standard","hentry","category-articles"],"aioseo_notices":[],"jetpack_publicize_connections":[],"jetpack_featured_media_url":"","jetpack_sharing_enabled":true,"_links":{"self":[{"href":"https:\/\/pensalla.cat\/index.php?rest_route=\/wp\/v2\/posts\/456","targetHints":{"allow":["GET"]}}],"collection":[{"href":"https:\/\/pensalla.cat\/index.php?rest_route=\/wp\/v2\/posts"}],"about":[{"href":"https:\/\/pensalla.cat\/index.php?rest_route=\/wp\/v2\/types\/post"}],"author":[{"embeddable":true,"href":"https:\/\/pensalla.cat\/index.php?rest_route=\/wp\/v2\/users\/1"}],"replies":[{"embeddable":true,"href":"https:\/\/pensalla.cat\/index.php?rest_route=%2Fwp%2Fv2%2Fcomments&post=456"}],"version-history":[{"count":0,"href":"https:\/\/pensalla.cat\/index.php?rest_route=\/wp\/v2\/posts\/456\/revisions"}],"wp:attachment":[{"href":"https:\/\/pensalla.cat\/index.php?rest_route=%2Fwp%2Fv2%2Fmedia&parent=456"}],"wp:term":[{"taxonomy":"category","embeddable":true,"href":"https:\/\/pensalla.cat\/index.php?rest_route=%2Fwp%2Fv2%2Fcategories&post=456"},{"taxonomy":"post_tag","embeddable":true,"href":"https:\/\/pensalla.cat\/index.php?rest_route=%2Fwp%2Fv2%2Ftags&post=456"}],"curies":[{"name":"wp","href":"https:\/\/api.w.org\/{rel}","templated":true}]}}