{"id":477,"date":"2015-02-13T05:41:57","date_gmt":"2015-02-13T04:41:57","guid":{"rendered":"http:\/\/pensalla.cat\/?p=477"},"modified":"2015-03-02T10:59:13","modified_gmt":"2015-03-02T09:59:13","slug":"poemes-a-ritme-de-twitter","status":"publish","type":"post","link":"https:\/\/pensalla.cat\/?p=477","title":{"rendered":"Poemes a ritme de Twitter"},"content":{"rendered":"<div style=\"padding-top:0px;\t\r\npadding-right:0px;\r\npadding-bottom:0px;\r\npadding-left:0px;\r\nmargin-top:0px;\r\nmargin-right:0px;\r\nmargin-bottom:0px;\r\nmargin-left:0px;\"><a href=\"https:\/\/twitter.com\/share\" class=\"twitter-share-button\" \r\n\t\t\t\t        data-url=\"https:\/\/pensalla.cat\/?p=477\" \r\n\t\t\t\t        data-via=\"jjofra\"\r\n\t\t\t\t\t    data-text=\"Poemes a ritme de Twitter\"\r\n\t\t\t\t\t    data-related=\"\"\r\n\t\t\t\t\t    data-count=\"none\"\r\n\t\t\t\t\t    data-hashtags=\"\"\r\n\t\t\t\t\t    data-lang=\"autoLANGauto\"\r\n\t\t\t\t\t    data-counturl=\"pensalla.cat\"\r\n\t\t\t\t\t    data-size=\"medium\"\r\n\t\t\t\t\t    data-dnt=\"false\"\t> Tweet <\/a> <\/div>\r\n\t\t                <script>\r\n\t\t\t\t\t    !function(d,s,id) {\r\n\t\t\t\t\t      var js,fjs=d.getElementsByTagName(s)[0];\r\n\t\t\t\t\t      if(!d.getElementById(id)) {\r\n\t\t\t\t\t       js=d.createElement(s);js.id=id;js.src=\"https:\/\/platform.twitter.com\/widgets.js\";fjs.parentNode.insertBefore(js,fjs);\r\n\t\t\t\t\t      }\r\n\t\t\t\t\t    }\r\n\t\t\t\t\t   (document,\"script\",\"twitter-wjs\");\r\n\t\t\t\t\t    <\/script><table border=\"0\" width=\"100%\" cellspacing=\"0\" cellpadding=\"0\">\n<tbody>\n<tr>\n<td align=\"center\" valign=\"top\">\n<table id=\"templateHeader\" border=\"0\" width=\"100%\" cellspacing=\"0\" cellpadding=\"0\">\n<tbody>\n<tr>\n<td align=\"center\" valign=\"top\">\n<table class=\"templateContainer\" border=\"0\" width=\"600\" cellspacing=\"0\" cellpadding=\"0\">\n<tbody>\n<tr>\n<td class=\"headerContainer\" valign=\"top\">\n<table class=\"mcnImageBlock\" border=\"0\" width=\"100%\" cellspacing=\"0\" cellpadding=\"0\">\n<tbody class=\"mcnImageBlockOuter\">\n<tr>\n<td class=\"mcnImageBlockInner\" valign=\"top\">\n<table class=\"mcnImageContentContainer\" border=\"0\" width=\"100%\" cellspacing=\"0\" cellpadding=\"0\" align=\"left\">\n<tbody>\n<tr>\n<td class=\"mcnImageContent\" valign=\"top\"><a class=\"\" title=\"\" href=\"http:\/\/linternauta.us8.list-manage1.com\/track\/click?u=8ebfe63be3603515c0fc41244&amp;id=c7aa31c0b3&amp;e=d1a46bff16\" target=\"_blank\"><img data-recalc-dims=\"1\" decoding=\"async\" class=\"mcnImage\" src=\"https:\/\/i0.wp.com\/gallery.mailchimp.com\/8ebfe63be3603515c0fc41244\/images\/2dd48798-1557-4bb2-96aa-a5dec8002e79.png?w=564&#038;ssl=1\" alt=\"\"  align=\"center\" \/><\/a><\/td>\n<\/tr>\n<\/tbody>\n<\/table>\n<\/td>\n<\/tr>\n<\/tbody>\n<\/table>\n<\/td>\n<\/tr>\n<\/tbody>\n<\/table>\n<\/td>\n<\/tr>\n<\/tbody>\n<\/table>\n<\/td>\n<\/tr>\n<tr>\n<td align=\"center\" valign=\"top\">\n<table id=\"templateBody\" border=\"0\" width=\"100%\" cellspacing=\"0\" cellpadding=\"0\">\n<tbody>\n<tr>\n<td align=\"center\" valign=\"top\">\n<table class=\"templateContainer\" border=\"0\" width=\"600\" cellspacing=\"0\" cellpadding=\"0\">\n<tbody>\n<tr>\n<td class=\"bodyContainer\" valign=\"top\">\n<table class=\"mcnTextBlock\" border=\"0\" width=\"100%\" cellspacing=\"0\" cellpadding=\"0\">\n<tbody class=\"mcnTextBlockOuter\">\n<tr>\n<td class=\"mcnTextBlockInner\" valign=\"top\">\n<table class=\"mcnTextContentContainer\" border=\"0\" width=\"600\" cellspacing=\"0\" cellpadding=\"0\" align=\"left\">\n<tbody>\n<tr>\n<td class=\"mcnTextContent\" valign=\"top\">\n<h1><span class=\"s1\">El nostre Media Center<\/span><\/h1>\n<p>Aquesta setmana, a\u00a0<a href=\"http:\/\/linternauta.us8.list-manage.com\/track\/click?u=8ebfe63be3603515c0fc41244&amp;id=cca26a630b&amp;e=d1a46bff16\" target=\"_blank\">l\u2019Internauta<\/a>\u00a0de\u00a0<a href=\"http:\/\/linternauta.us8.list-manage.com\/track\/click?u=8ebfe63be3603515c0fc41244&amp;id=ccacc837fb&amp;e=d1a46bff16\" target=\"_blank\">Vilaweb<\/a>\u00a0i\u00a0<a href=\"http:\/\/linternauta.us8.list-manage.com\/track\/click?u=8ebfe63be3603515c0fc41244&amp;id=5766fe1901&amp;e=d1a46bff16\" target=\"_blank\">ElPuntAvuiTV<\/a>:\u00a0<strong>el nostre Media Center<\/strong>, en versi\u00f3\u00a0<a href=\"http:\/\/linternauta.us8.list-manage.com\/track\/click?u=8ebfe63be3603515c0fc41244&amp;id=73c69ae363&amp;e=d1a46bff16\" target=\"_blank\">v\u00eddeo<\/a>,\u00a0<a href=\"http:\/\/linternauta.us8.list-manage1.com\/track\/click?u=8ebfe63be3603515c0fc41244&amp;id=ee943487e2&amp;e=d1a46bff16\" target=\"_blank\">\u00e0udio<\/a>\u00a0i\/o\u00a0<a href=\"http:\/\/linternauta.us8.list-manage.com\/track\/click?u=8ebfe63be3603515c0fc41244&amp;id=72e84ed50d&amp;e=d1a46bff16\" target=\"_blank\">text<\/a><\/p>\n<p>I ara, un recull de tots els articles a\u00a0<a href=\"http:\/\/linternauta.us8.list-manage.com\/track\/click?u=8ebfe63be3603515c0fc41244&amp;id=1b25f1042e&amp;e=d1a46bff16\" target=\"_blank\">pensalla.cat<\/a><\/p>\n<p>Joan Jofra<br \/>\nAra els diumenges a les 15h a\u00a0<a href=\"http:\/\/linternauta.us8.list-manage.com\/track\/click?u=8ebfe63be3603515c0fc41244&amp;id=de8146f88a&amp;e=d1a46bff16\" target=\"_blank\">ElPuntAvuiTV<\/a><\/td>\n<\/tr>\n<\/tbody>\n<\/table>\n<\/td>\n<\/tr>\n<\/tbody>\n<\/table>\n<table class=\"mcnShareBlock\" border=\"0\" width=\"100%\" cellspacing=\"0\" cellpadding=\"0\">\n<tbody class=\"mcnShareBlockOuter\">\n<tr>\n<td class=\"mcnShareBlockInner\" valign=\"top\">\n<table class=\"mcnShareContentContainer\" border=\"0\" width=\"100%\" cellspacing=\"0\" cellpadding=\"0\">\n<tbody>\n<tr>\n<td align=\"left\"><\/td>\n<\/tr>\n<\/tbody>\n<\/table>\n<\/td>\n<\/tr>\n<\/tbody>\n<\/table>\n<\/td>\n<\/tr>\n<\/tbody>\n<\/table>\n<\/td>\n<\/tr>\n<\/tbody>\n<\/table>\n<\/td>\n<\/tr>\n<tr>\n<td align=\"center\" valign=\"top\">\n<table id=\"templateColumns\" border=\"0\" width=\"100%\" cellspacing=\"0\" cellpadding=\"0\">\n<tbody>\n<tr>\n<td align=\"center\" valign=\"top\">\n<table class=\"templateContainer\" border=\"0\" width=\"600\" cellspacing=\"0\" cellpadding=\"0\">\n<tbody>\n<tr>\n<td class=\"columnsContainer\" align=\"left\" valign=\"top\" width=\"50%\">\n<table class=\"templateColumn\" border=\"0\" width=\"100%\" cellspacing=\"0\" cellpadding=\"0\" align=\"left\">\n<tbody>\n<tr>\n<td class=\"leftColumnContainer\" valign=\"top\">\n<table class=\"mcnCaptionBlock\" border=\"0\" width=\"100%\" cellspacing=\"0\" cellpadding=\"0\">\n<tbody class=\"mcnCaptionBlockOuter\">\n<tr>\n<td class=\"mcnCaptionBlockInner\" valign=\"top\">\n<table class=\"mcnCaptionBottomContent\" border=\"0\" width=\"false\" cellspacing=\"0\" cellpadding=\"0\" align=\"left\">\n<tbody>\n<tr>\n<td class=\"mcnCaptionBottomImageContent\" align=\"center\" valign=\"top\"><a class=\"\" title=\"\" href=\"http:\/\/linternauta.us8.list-manage.com\/track\/click?u=8ebfe63be3603515c0fc41244&amp;id=afc7bc10a9&amp;e=d1a46bff16\" target=\"_blank\"><img data-recalc-dims=\"1\" decoding=\"async\" class=\"mcnImage\" src=\"https:\/\/i0.wp.com\/gallery.mailchimp.com\/8ebfe63be3603515c0fc41244\/images\/dcfb4edc-35cf-4787-91a3-b14743d39dab.png?w=264&#038;ssl=1\" alt=\"\"  \/><\/a><\/td>\n<\/tr>\n<tr>\n<td class=\"mcnTextContent\" valign=\"top\" width=\"264\">\n<p class=\"p1\"><span class=\"s1\"><strong><a href=\"http:\/\/linternauta.us8.list-manage.com\/track\/click?u=8ebfe63be3603515c0fc41244&amp;id=4dbe50e55e&amp;e=d1a46bff16\" target=\"_blank\">E<\/a><\/strong><\/span><a href=\"http:\/\/linternauta.us8.list-manage1.com\/track\/click?u=8ebfe63be3603515c0fc41244&amp;id=aab909340f&amp;e=d1a46bff16\"><span class=\"s1\"><strong>l nostre Media Center<\/strong><\/span><\/a><\/p>\n<p class=\"p1\">Avui us ensenyar\u00e9 a veure la tele. Si, a veure la tele al segle XXI fent servir la tecnologia i uns coneixements inform\u00e0tics de nivell mitj\u00e0 (per aix\u00f2 estic, minimitzant les dificultats tant com pugui ) podem crear-nos un media center i veure all\u00f2 que ens interessa i\u00a0quan ens interessa, ni publicitat ni programes avorrits,\u00a0pel\u00b7l\u00edcules, series , m\u00fasica \u2026 Una quantitat il\u00b7limitada d\u2019oci des del sof\u00e0 de casa. I, si sou una mica h\u00e0bils, podreu veure algun canal extra, per\u00f2\u2026<\/p>\n<div><strong>Qu\u00e8\u00a0\u00e9s un Media Center?<\/strong><\/div>\n<div><\/div>\n<div>\u00c9s un servidor multim\u00e8dia que organitza els nostres arxius d\u2019\u00e0udio i v\u00eddeo i els reprodueix. No es limita a tenir-los tots en un mateix lloc sin\u00f3 que et permet indexar-los, trobar-los i reproduir-los encara que siguin de molt diferents formats.<\/div>\n<div><\/div>\n<div>Un dels principals problemes dels sistemes de reproducci\u00f3 de multim\u00e8dia\u00a0\u00e9s a gran quantitat de formats que existeixen al mercat: AVI, MPEG per DVD (versions 1,2 i 4), MP4, WMV, MOV, MKV, Flash i molts m\u00e9s, els Media Center han de tenir descodificadors per poder\u00a0reproduir\u00a0el m\u00e0xim de formats possibles.<\/div>\n<div><\/div>\n<div>Per organitzar els nostres continguts i poder decidir qu\u00e8 volem veure\u00a0en lloc d\u2019estar pendents de la programaci\u00f3 de la tele\u00a0heu de tenir un Media Center, per\u00f2 no us preocupeu, no estem parlant de molts diners.<\/div>\n<\/td>\n<\/tr>\n<\/tbody>\n<\/table>\n<\/td>\n<\/tr>\n<\/tbody>\n<\/table>\n<table class=\"mcnFollowBlock\" border=\"0\" width=\"100%\" cellspacing=\"0\" cellpadding=\"0\">\n<tbody class=\"mcnFollowBlockOuter\">\n<tr>\n<td class=\"mcnFollowBlockInner\" align=\"center\" valign=\"top\">\n<table class=\"mcnFollowContentContainer\" border=\"0\" width=\"100%\" cellspacing=\"0\" cellpadding=\"0\">\n<tbody>\n<tr>\n<td align=\"center\"><\/td>\n<\/tr>\n<\/tbody>\n<\/table>\n<\/td>\n<\/tr>\n<\/tbody>\n<\/table>\n<\/td>\n<\/tr>\n<\/tbody>\n<\/table>\n<\/td>\n<td class=\"columnsContainer\" align=\"left\" valign=\"top\" width=\"50%\">\n<table class=\"templateColumn\" border=\"0\" width=\"100%\" cellspacing=\"0\" cellpadding=\"0\" align=\"right\">\n<tbody>\n<tr>\n<td class=\"rightColumnContainer\" valign=\"top\">\n<table class=\"mcnCaptionBlock\" border=\"0\" width=\"100%\" cellspacing=\"0\" cellpadding=\"0\">\n<tbody class=\"mcnCaptionBlockOuter\">\n<tr>\n<td class=\"mcnCaptionBlockInner\" valign=\"top\">\n<table class=\"mcnCaptionBottomContent\" border=\"0\" width=\"false\" cellspacing=\"0\" cellpadding=\"0\" align=\"left\">\n<tbody>\n<tr>\n<td class=\"mcnCaptionBottomImageContent\" align=\"left\" valign=\"top\"><a class=\"\" title=\"\" href=\"http:\/\/linternauta.us8.list-manage.com\/track\/click?u=8ebfe63be3603515c0fc41244&amp;id=4a204bc17b&amp;e=d1a46bff16\" target=\"_blank\"><img data-recalc-dims=\"1\" decoding=\"async\" class=\"mcnImage\" src=\"https:\/\/i0.wp.com\/gallery.mailchimp.com\/8ebfe63be3603515c0fc41244\/images\/942ead41-bc40-42de-a28c-e054d9101655.jpg?w=264&#038;ssl=1\" alt=\"\"  \/><\/a><\/td>\n<\/tr>\n<tr>\n<td class=\"mcnTextContent\" valign=\"top\" width=\"264\">\n<p class=\"p1\"><span class=\"s1\"><strong><a href=\"http:\/\/linternauta.us8.list-manage.com\/track\/click?u=8ebfe63be3603515c0fc41244&amp;id=037fcdcc90&amp;e=d1a46bff16\" target=\"_blank\">Poemes a ritme de Twitter.<\/a><\/strong><\/span><\/p>\n<p><a href=\"http:\/\/linternauta.us8.list-manage1.com\/track\/click?u=8ebfe63be3603515c0fc41244&amp;id=82746094d0&amp;e=d1a46bff16\">Cristina Company<\/a>\u00a0i\u00a0<a href=\"http:\/\/linternauta.us8.list-manage.com\/track\/click?u=8ebfe63be3603515c0fc41244&amp;id=3d1f134011&amp;e=d1a46bff16\">Pere P\u00e8ries<\/a>\u00a0tenien una afecci\u00f3 compartida: escriure petits poemes i piular-los a Twitter. Gr\u00e0cies a aquesta xarxa social es van con\u00e8ixer i, des de la diada de Sant Jordi passada, han publicat coordinadament, cadasc\u00fa des del seu compte particular, poemes curts, haikus i acr\u00f2stics de menys de cent quaranta car\u00e0cters i, \u00e9s clar, amb la gram\u00e0tica del mitj\u00e0. Al voltant seu s&#8217;ha format a la velocitat de Twitter una activa comunitat de seguidors (integrada per lectors i tamb\u00e9 escriptors) interessada per un veritable original microg\u00e8nere literari que vol donar una mica d&#8217;aire fresc a un altre g\u00e8nere que sol quedar fora dels grans focus: la poesia. El binomi poesia i Twitter, amb tot, no \u00e9s nou: en catal\u00e0 fa temps que funcionen etiquetes consolidades com #llegimipiulem i #piulempoesia, i els #alsigrames de Salvador Alsius i els humor\u00edstics #garrotuits s\u00f3n ben comentats i repiulats. Per\u00f2 mai no s&#8217;havien editat en paper, ni en catal\u00e0 ni en cap llengua m\u00e9s del m\u00f3n.<\/td>\n<\/tr>\n<\/tbody>\n<\/table>\n<\/td>\n<\/tr>\n<\/tbody>\n<\/table>\n<\/td>\n<\/tr>\n<\/tbody>\n<\/table>\n<\/td>\n<\/tr>\n<\/tbody>\n<\/table>\n<\/td>\n<\/tr>\n<\/tbody>\n<\/table>\n<\/td>\n<\/tr>\n<tr>\n<td align=\"center\" valign=\"top\">\n<table id=\"templateFooter\" border=\"0\" width=\"100%\" cellspacing=\"0\" cellpadding=\"0\">\n<tbody>\n<tr>\n<td align=\"center\" valign=\"top\"><\/td>\n<\/tr>\n<\/tbody>\n<\/table>\n<\/td>\n<\/tr>\n<\/tbody>\n<\/table>\n<div style=\"padding-top:0px;\t\r\npadding-right:0px;\r\npadding-bottom:0px;\r\npadding-left:0px;\r\nmargin-top:0px;\r\nmargin-right:0px;\r\nmargin-bottom:0px;\r\nmargin-left:0px;\"><a href=\"https:\/\/twitter.com\/share\" class=\"twitter-share-button\" \r\n\t\t\t\t        data-url=\"https:\/\/pensalla.cat\/?p=477\" \r\n\t\t\t\t        data-via=\"jjofra\"\r\n\t\t\t\t\t    data-text=\"Poemes a ritme de Twitter\"\r\n\t\t\t\t\t    data-related=\"\"\r\n\t\t\t\t\t    data-count=\"none\"\r\n\t\t\t\t\t    data-hashtags=\"\"\r\n\t\t\t\t\t    data-lang=\"autoLANGauto\"\r\n\t\t\t\t\t    data-counturl=\"pensalla.cat\"\r\n\t\t\t\t\t    data-size=\"medium\"\r\n\t\t\t\t\t    data-dnt=\"false\"\t> Tweet <\/a> <\/div>\r\n\t\t                <script>\r\n\t\t\t\t\t    !function(d,s,id) {\r\n\t\t\t\t\t      var js,fjs=d.getElementsByTagName(s)[0];\r\n\t\t\t\t\t      if(!d.getElementById(id)) {\r\n\t\t\t\t\t       js=d.createElement(s);js.id=id;js.src=\"https:\/\/platform.twitter.com\/widgets.js\";fjs.parentNode.insertBefore(js,fjs);\r\n\t\t\t\t\t      }\r\n\t\t\t\t\t    }\r\n\t\t\t\t\t   (document,\"script\",\"twitter-wjs\");\r\n\t\t\t\t\t    <\/script>","protected":false},"excerpt":{"rendered":"<p>Tweet El nostre Media Center Aquesta setmana, a\u00a0l\u2019Internauta\u00a0de\u00a0Vilaweb\u00a0i\u00a0ElPuntAvuiTV:\u00a0el nostre Media Center, en versi\u00f3\u00a0v\u00eddeo,\u00a0\u00e0udio\u00a0i\/o\u00a0text I ara, un recull de tots els articles a\u00a0pensalla.cat Joan Jofra Ara els diumenges a les 15h a\u00a0ElPuntAvuiTV El nostre Media Center Avui us ensenyar\u00e9 a veure<span class=\"ellipsis\">&hellip;<\/span><\/p>\n<div class=\"read-more\"><a href=\"https:\/\/pensalla.cat\/?p=477\">Read more <span class=\"screen-reader-text\">Poemes a ritme de Twitter<\/span><span class=\"meta-nav\"> &#8250;<\/span><\/a><\/div>\n<p><!-- end of .read-more --><\/p>\n","protected":false},"author":1,"featured_media":0,"comment_status":"open","ping_status":"open","sticky":false,"template":"","format":"standard","meta":{"_exactmetrics_skip_tracking":false,"_exactmetrics_sitenote_active":false,"_exactmetrics_sitenote_note":"","_exactmetrics_sitenote_category":0,"jetpack_post_was_ever_published":false,"_jetpack_newsletter_access":"","_jetpack_dont_email_post_to_subs":false,"_jetpack_newsletter_tier_id":0,"_jetpack_memberships_contains_paywalled_content":false,"_jetpack_memberships_contains_paid_content":false,"footnotes":"","jetpack_publicize_message":"","jetpack_publicize_feature_enabled":true,"jetpack_social_post_already_shared":true,"jetpack_social_options":{"image_generator_settings":{"template":"highway","default_image_id":0,"font":"","enabled":false},"version":2}},"categories":[3],"tags":[],"class_list":["post-477","post","type-post","status-publish","format-standard","hentry","category-mails"],"aioseo_notices":[],"jetpack_publicize_connections":[],"jetpack_featured_media_url":"","jetpack_sharing_enabled":true,"_links":{"self":[{"href":"https:\/\/pensalla.cat\/index.php?rest_route=\/wp\/v2\/posts\/477","targetHints":{"allow":["GET"]}}],"collection":[{"href":"https:\/\/pensalla.cat\/index.php?rest_route=\/wp\/v2\/posts"}],"about":[{"href":"https:\/\/pensalla.cat\/index.php?rest_route=\/wp\/v2\/types\/post"}],"author":[{"embeddable":true,"href":"https:\/\/pensalla.cat\/index.php?rest_route=\/wp\/v2\/users\/1"}],"replies":[{"embeddable":true,"href":"https:\/\/pensalla.cat\/index.php?rest_route=%2Fwp%2Fv2%2Fcomments&post=477"}],"version-history":[{"count":0,"href":"https:\/\/pensalla.cat\/index.php?rest_route=\/wp\/v2\/posts\/477\/revisions"}],"wp:attachment":[{"href":"https:\/\/pensalla.cat\/index.php?rest_route=%2Fwp%2Fv2%2Fmedia&parent=477"}],"wp:term":[{"taxonomy":"category","embeddable":true,"href":"https:\/\/pensalla.cat\/index.php?rest_route=%2Fwp%2Fv2%2Fcategories&post=477"},{"taxonomy":"post_tag","embeddable":true,"href":"https:\/\/pensalla.cat\/index.php?rest_route=%2Fwp%2Fv2%2Ftags&post=477"}],"curies":[{"name":"wp","href":"https:\/\/api.w.org\/{rel}","templated":true}]}}