{"id":482,"date":"2015-02-20T06:14:27","date_gmt":"2015-02-20T05:14:27","guid":{"rendered":"http:\/\/pensalla.cat\/?p=482"},"modified":"2015-02-23T12:17:21","modified_gmt":"2015-02-23T11:17:21","slug":"el-poder-dinstagram","status":"publish","type":"post","link":"https:\/\/pensalla.cat\/?p=482","title":{"rendered":"El poder d&#8217;Instagram"},"content":{"rendered":"<div style=\"padding-top:0px;\t\r\npadding-right:0px;\r\npadding-bottom:0px;\r\npadding-left:0px;\r\nmargin-top:0px;\r\nmargin-right:0px;\r\nmargin-bottom:0px;\r\nmargin-left:0px;\"><a href=\"https:\/\/twitter.com\/share\" class=\"twitter-share-button\" \r\n\t\t\t\t        data-url=\"https:\/\/pensalla.cat\/?p=482\" \r\n\t\t\t\t        data-via=\"jjofra\"\r\n\t\t\t\t\t    data-text=\"El poder d'Instagram\"\r\n\t\t\t\t\t    data-related=\"\"\r\n\t\t\t\t\t    data-count=\"none\"\r\n\t\t\t\t\t    data-hashtags=\"\"\r\n\t\t\t\t\t    data-lang=\"autoLANGauto\"\r\n\t\t\t\t\t    data-counturl=\"pensalla.cat\"\r\n\t\t\t\t\t    data-size=\"medium\"\r\n\t\t\t\t\t    data-dnt=\"false\"\t> Tweet <\/a> <\/div>\r\n\t\t                <script>\r\n\t\t\t\t\t    !function(d,s,id) {\r\n\t\t\t\t\t      var js,fjs=d.getElementsByTagName(s)[0];\r\n\t\t\t\t\t      if(!d.getElementById(id)) {\r\n\t\t\t\t\t       js=d.createElement(s);js.id=id;js.src=\"https:\/\/platform.twitter.com\/widgets.js\";fjs.parentNode.insertBefore(js,fjs);\r\n\t\t\t\t\t      }\r\n\t\t\t\t\t    }\r\n\t\t\t\t\t   (document,\"script\",\"twitter-wjs\");\r\n\t\t\t\t\t    <\/script><table border=\"0\" width=\"100%\" cellspacing=\"0\" cellpadding=\"0\">\n<tbody>\n<tr>\n<td align=\"center\" valign=\"top\">\n<table id=\"templateHeader\" border=\"0\" width=\"100%\" cellspacing=\"0\" cellpadding=\"0\">\n<tbody>\n<tr>\n<td align=\"center\" valign=\"top\">\n<table class=\"templateContainer\" border=\"0\" width=\"600\" cellspacing=\"0\" cellpadding=\"0\">\n<tbody>\n<tr>\n<td class=\"headerContainer\" valign=\"top\">\n<table class=\"mcnImageBlock\" border=\"0\" width=\"100%\" cellspacing=\"0\" cellpadding=\"0\">\n<tbody class=\"mcnImageBlockOuter\">\n<tr>\n<td class=\"mcnImageBlockInner\" valign=\"top\">\n<table class=\"mcnImageContentContainer\" border=\"0\" width=\"100%\" cellspacing=\"0\" cellpadding=\"0\" align=\"left\">\n<tbody>\n<tr>\n<td class=\"mcnImageContent\" valign=\"top\"><a class=\"\" title=\"\" href=\"http:\/\/linternauta.us8.list-manage2.com\/track\/click?u=8ebfe63be3603515c0fc41244&amp;id=e9e2d4c47b&amp;e=d1a46bff16\" target=\"_blank\"><img data-recalc-dims=\"1\" decoding=\"async\" class=\"mcnImage\" src=\"https:\/\/i0.wp.com\/gallery.mailchimp.com\/8ebfe63be3603515c0fc41244\/images\/d70351c9-fbd9-4543-8828-e0628d238c44.png?w=564&#038;ssl=1\" alt=\"\"  align=\"center\" \/><\/a><\/td>\n<\/tr>\n<\/tbody>\n<\/table>\n<\/td>\n<\/tr>\n<\/tbody>\n<\/table>\n<\/td>\n<\/tr>\n<\/tbody>\n<\/table>\n<\/td>\n<\/tr>\n<\/tbody>\n<\/table>\n<\/td>\n<\/tr>\n<tr>\n<td align=\"center\" valign=\"top\">\n<table id=\"templateBody\" border=\"0\" width=\"100%\" cellspacing=\"0\" cellpadding=\"0\">\n<tbody>\n<tr>\n<td align=\"center\" valign=\"top\">\n<table class=\"templateContainer\" border=\"0\" width=\"600\" cellspacing=\"0\" cellpadding=\"0\">\n<tbody>\n<tr>\n<td class=\"bodyContainer\" valign=\"top\">\n<table class=\"mcnTextBlock\" border=\"0\" width=\"100%\" cellspacing=\"0\" cellpadding=\"0\">\n<tbody class=\"mcnTextBlockOuter\">\n<tr>\n<td class=\"mcnTextBlockInner\" valign=\"top\">\n<table class=\"mcnTextContentContainer\" border=\"0\" width=\"600\" cellspacing=\"0\" cellpadding=\"0\" align=\"left\">\n<tbody>\n<tr>\n<td class=\"mcnTextContent\" valign=\"top\">\n<h1><span class=\"s1\">Edici\u00f3 de v\u00eddeo<\/span><\/h1>\n<p>Aquesta setmana, a\u00a0<a href=\"http:\/\/linternauta.us8.list-manage.com\/track\/click?u=8ebfe63be3603515c0fc41244&amp;id=3255754e8a&amp;e=d1a46bff16\" target=\"_blank\">l\u2019Internauta<\/a>\u00a0de\u00a0<a href=\"http:\/\/linternauta.us8.list-manage2.com\/track\/click?u=8ebfe63be3603515c0fc41244&amp;id=3b59776c24&amp;e=d1a46bff16\" target=\"_blank\">Vilaweb<\/a>\u00a0i\u00a0<a href=\"http:\/\/linternauta.us8.list-manage.com\/track\/click?u=8ebfe63be3603515c0fc41244&amp;id=968ab01e86&amp;e=d1a46bff16\" target=\"_blank\">ElPuntAvuiTV<\/a>:\u00a0<strong>com fer el nostre v\u00eddeo\u00a0<\/strong><strong>casol\u00e0<\/strong>, en versi\u00f3\u00a0<a href=\"http:\/\/linternauta.us8.list-manage.com\/track\/click?u=8ebfe63be3603515c0fc41244&amp;id=2afab94f9b&amp;e=d1a46bff16\" target=\"_blank\">v\u00eddeo<\/a>,\u00a0<a href=\"http:\/\/linternauta.us8.list-manage2.com\/track\/click?u=8ebfe63be3603515c0fc41244&amp;id=959680ffdd&amp;e=d1a46bff16\" target=\"_blank\">\u00e0udio<\/a>\u00a0i\/o\u00a0<a href=\"http:\/\/linternauta.us8.list-manage1.com\/track\/click?u=8ebfe63be3603515c0fc41244&amp;id=5d4057c611&amp;e=d1a46bff16\" target=\"_blank\">text<\/a><\/p>\n<p>I ara, un recull de tots els articles a\u00a0<a href=\"http:\/\/linternauta.us8.list-manage2.com\/track\/click?u=8ebfe63be3603515c0fc41244&amp;id=c86d46b9aa&amp;e=d1a46bff16\" target=\"_blank\">pensalla.cat<\/a><\/p>\n<p>Joan Jofra<br \/>\nTots els diumenges a les 15h a\u00a0<a href=\"http:\/\/linternauta.us8.list-manage.com\/track\/click?u=8ebfe63be3603515c0fc41244&amp;id=7bd91e4913&amp;e=d1a46bff16\" target=\"_blank\">ElPuntAvuiTV<\/a><\/td>\n<\/tr>\n<\/tbody>\n<\/table>\n<\/td>\n<\/tr>\n<\/tbody>\n<\/table>\n<table class=\"mcnShareBlock\" border=\"0\" width=\"100%\" cellspacing=\"0\" cellpadding=\"0\">\n<tbody class=\"mcnShareBlockOuter\">\n<tr>\n<td class=\"mcnShareBlockInner\" valign=\"top\">\n<table class=\"mcnShareContentContainer\" border=\"0\" width=\"100%\" cellspacing=\"0\" cellpadding=\"0\">\n<tbody>\n<tr>\n<td align=\"left\"><\/td>\n<\/tr>\n<\/tbody>\n<\/table>\n<\/td>\n<\/tr>\n<\/tbody>\n<\/table>\n<\/td>\n<\/tr>\n<\/tbody>\n<\/table>\n<\/td>\n<\/tr>\n<\/tbody>\n<\/table>\n<\/td>\n<\/tr>\n<tr>\n<td align=\"center\" valign=\"top\">\n<table id=\"templateColumns\" border=\"0\" width=\"100%\" cellspacing=\"0\" cellpadding=\"0\">\n<tbody>\n<tr>\n<td align=\"center\" valign=\"top\">\n<table class=\"templateContainer\" border=\"0\" width=\"600\" cellspacing=\"0\" cellpadding=\"0\">\n<tbody>\n<tr>\n<td class=\"columnsContainer\" align=\"left\" valign=\"top\" width=\"50%\">\n<table class=\"templateColumn\" border=\"0\" width=\"100%\" cellspacing=\"0\" cellpadding=\"0\" align=\"left\">\n<tbody>\n<tr>\n<td class=\"leftColumnContainer\" valign=\"top\">\n<table class=\"mcnCaptionBlock\" border=\"0\" width=\"100%\" cellspacing=\"0\" cellpadding=\"0\">\n<tbody class=\"mcnCaptionBlockOuter\">\n<tr>\n<td class=\"mcnCaptionBlockInner\" valign=\"top\">\n<table class=\"mcnCaptionBottomContent\" border=\"0\" width=\"false\" cellspacing=\"0\" cellpadding=\"0\" align=\"left\">\n<tbody>\n<tr>\n<td class=\"mcnCaptionBottomImageContent\" align=\"center\" valign=\"top\"><a class=\"\" title=\"\" href=\"http:\/\/linternauta.us8.list-manage.com\/track\/click?u=8ebfe63be3603515c0fc41244&amp;id=d36fbaf65e&amp;e=d1a46bff16\" target=\"_blank\"><img data-recalc-dims=\"1\" decoding=\"async\" class=\"mcnImage\" src=\"https:\/\/i0.wp.com\/gallery.mailchimp.com\/8ebfe63be3603515c0fc41244\/images\/a27148a3-dc8f-4cd6-a314-e20ed36381a0.png?w=264&#038;ssl=1\" alt=\"\"  \/><\/a><\/td>\n<\/tr>\n<tr>\n<td class=\"mcnTextContent\" valign=\"top\" width=\"264\">\n<p class=\"p1\"><a href=\"http:\/\/linternauta.us8.list-manage1.com\/track\/click?u=8ebfe63be3603515c0fc41244&amp;id=b812649330&amp;e=d1a46bff16\" target=\"_blank\"><span class=\"s1\"><strong>Edici\u00f3 de v\u00eddeo.<\/strong><\/span><\/a>\n<\/p>\n<p class=\"p1\">Recordeu quan abans en una reuni\u00f3 d\u2019amics enseny\u00e0veu les fotos de les vacances amb el projector de diapositives?, perqu\u00e8\u00a0lligarem el tema de la setmana anterior quan parl\u00e0vem dels Media Center\u00a0i com reproduir contingut multim\u00e8dia al nostre televisor, amb el d\u2019aquesta setmana,\u00a0i convertirem\u00a0el Media Center\u00a0en una m\u00e0quina de matar perqu\u00e8 us explicar\u00e9 el sistema per editar els fant\u00e0stics v\u00eddeos de les vostres vacances\u00a0o\u00a0del dia que vau anar a fer una paella, etc, etc\u00a0\u00a0i que ben reprodu\u00efts al vostre Media Center, pot acabar amb totes les vostres amistats.<\/p>\n<p>Ara,\u00a0tamb\u00e9 ho podeu fer servir per altres coses menys perilloses, per exemple, imagineu que alg\u00fa del vostre entorn est\u00e0 a punt de fer els 50 anys, li esteu preparant una festa sorpresa i voleu fer-li un v\u00eddeo dels millors moments de la seva vida i teniu un grapat de suports, no nom\u00e9s en v\u00eddeo sin\u00f3 tamb\u00e9 en fotos o en m\u00fasica de la seva vida, un bon programa editor de v\u00eddeo us far\u00e0 quedar com a uns senyors o senyores\u00a0\u2026<\/p>\n<\/td>\n<\/tr>\n<\/tbody>\n<\/table>\n<\/td>\n<\/tr>\n<\/tbody>\n<\/table>\n<table class=\"mcnFollowBlock\" border=\"0\" width=\"100%\" cellspacing=\"0\" cellpadding=\"0\">\n<tbody class=\"mcnFollowBlockOuter\">\n<tr>\n<td class=\"mcnFollowBlockInner\" align=\"center\" valign=\"top\">\n<table class=\"mcnFollowContentContainer\" border=\"0\" width=\"100%\" cellspacing=\"0\" cellpadding=\"0\">\n<tbody>\n<tr>\n<td align=\"center\"><\/td>\n<\/tr>\n<\/tbody>\n<\/table>\n<\/td>\n<\/tr>\n<\/tbody>\n<\/table>\n<\/td>\n<\/tr>\n<\/tbody>\n<\/table>\n<\/td>\n<td class=\"columnsContainer\" align=\"left\" valign=\"top\" width=\"50%\">\n<table class=\"templateColumn\" border=\"0\" width=\"100%\" cellspacing=\"0\" cellpadding=\"0\" align=\"right\">\n<tbody>\n<tr>\n<td class=\"rightColumnContainer\" valign=\"top\">\n<table class=\"mcnCaptionBlock\" border=\"0\" width=\"100%\" cellspacing=\"0\" cellpadding=\"0\">\n<tbody class=\"mcnCaptionBlockOuter\">\n<tr>\n<td class=\"mcnCaptionBlockInner\" valign=\"top\">\n<table class=\"mcnCaptionBottomContent\" border=\"0\" width=\"false\" cellspacing=\"0\" cellpadding=\"0\" align=\"left\">\n<tbody>\n<tr>\n<td class=\"mcnCaptionBottomImageContent\" align=\"left\" valign=\"top\"><a class=\"\" title=\"\" href=\"http:\/\/linternauta.us8.list-manage1.com\/track\/click?u=8ebfe63be3603515c0fc41244&amp;id=9769eaae70&amp;e=d1a46bff16\" target=\"_blank\"><img data-recalc-dims=\"1\" decoding=\"async\" class=\"mcnImage\" src=\"https:\/\/i0.wp.com\/gallery.mailchimp.com\/8ebfe63be3603515c0fc41244\/images\/f503a56e-1a6a-4016-ae8d-372bc3e8d8f9.jpg?w=264&#038;ssl=1\" alt=\"\"  \/><\/a><\/td>\n<\/tr>\n<tr>\n<td class=\"mcnTextContent\" valign=\"top\" width=\"264\">\n<p class=\"p1\"><span class=\"s1\"><strong><a href=\"http:\/\/linternauta.us8.list-manage.com\/track\/click?u=8ebfe63be3603515c0fc41244&amp;id=caef418a87&amp;e=d1a46bff16\" target=\"_blank\">El poder d&#8217;Instagram.<\/a><\/strong><\/span><\/p>\n<p>Al final del 2014 va saltar la not\u00edcia: amb m\u00e9s de tres-cents milions d&#8217;usuaris actius, l&#8217;aplicaci\u00f3 de compartici\u00f3 de fotografies\u00a0<a href=\"http:\/\/linternauta.us8.list-manage.com\/track\/click?u=8ebfe63be3603515c0fc41244&amp;id=cc5d2f47d6&amp;e=d1a46bff16\" target=\"_blank\">Instagram<\/a>\u00a0havia superat Twitter com a segona xarxa social, per darrere de Facebook. Hi pot tenir a veure el fet que aporta m\u00e9s interactivitat, mobilitat i ordre; que aposta un\u00edvocament per la imatge en un context de creixent protagonisme de la cultura visual sobre la verbal; o que fer fotos s&#8217;ha convertit gaireb\u00e9 en un acte reflex. Aquest salt quantitatiu d&#8217;Instagram en poc m\u00e9s de quatre anys de vida tamb\u00e9 ha estat qualitatiu: des que es va activar ha passat d&#8217;\u00e9sser una simple xarxa de fotografia social, com ens\u00a0<a href=\"http:\/\/linternauta.us8.list-manage1.com\/track\/click?u=8ebfe63be3603515c0fc41244&amp;id=eedeb8b465&amp;e=d1a46bff16\" target=\"_blank\">va explicar<\/a>\u00a0el 2012 a l&#8217;Internauta Marta Alonso d&#8217;<a href=\"http:\/\/linternauta.us8.list-manage.com\/track\/click?u=8ebfe63be3603515c0fc41244&amp;id=dd0c041862&amp;e=d1a46bff16\" target=\"_blank\">Instagramers BCN<\/a>, a un\u00a0<a href=\"http:\/\/linternauta.us8.list-manage.com\/track\/click?u=8ebfe63be3603515c0fc41244&amp;id=f5d334f945&amp;e=d1a46bff16\" target=\"_blank\">canal d&#8217;actualitat<\/a>\u00a0i fins i tot de\u00a0<a href=\"http:\/\/linternauta.us8.list-manage.com\/track\/click?u=8ebfe63be3603515c0fc41244&amp;id=2b122e74e9&amp;e=d1a46bff16\" target=\"_blank\">difusi\u00f3 pol\u00edtica<\/a>.\u00a0<a href=\"http:\/\/linternauta.us8.list-manage2.com\/track\/click?u=8ebfe63be3603515c0fc41244&amp;id=53b1d568e5&amp;e=d1a46bff16\" target=\"_blank\">Ferran Lalueza<\/a>, director dels<a href=\"http:\/\/linternauta.us8.list-manage.com\/track\/click?u=8ebfe63be3603515c0fc41244&amp;id=1b5f9fe8a9&amp;e=d1a46bff16\" target=\"_blank\">Estudis de Ci\u00e8ncies de la Informaci\u00f3 i la Comunicaci\u00f3<\/a>\u00a0de la UOC, va encara una mica m\u00e9s enll\u00e0 i creu que Instagram tamb\u00e9 ha demostrat que pot \u00e9sser una potent arma de protesta. Tot i no haver nascut amb aquesta finalitat, ja comparteix amb la resta de grans xarxes socials el poder potencial de promoure la transpar\u00e8ncia, la circulaci\u00f3 d&#8217;informaci\u00f3 i la llibertat d&#8217;expressi\u00f3 en institucions, governs i r\u00e8gims on es coarten o se censuren. Tot i no haver nascut amb aquesta finalitat, ja comparteix amb la resta de grans xarxes socials el poder potencial de promoure la transpar\u00e8ncia, la circulaci\u00f3 d&#8217;informaci\u00f3 i la llibertat d&#8217;expressi\u00f3 en institucions, governs i r\u00e8gims on es coarten o se censuren.<\/p>\n<\/td>\n<\/tr>\n<\/tbody>\n<\/table>\n<\/td>\n<\/tr>\n<\/tbody>\n<\/table>\n<\/td>\n<\/tr>\n<\/tbody>\n<\/table>\n<\/td>\n<\/tr>\n<\/tbody>\n<\/table>\n<\/td>\n<\/tr>\n<\/tbody>\n<\/table>\n<\/td>\n<\/tr>\n<\/tbody>\n<\/table>\n<div style=\"padding-top:0px;\t\r\npadding-right:0px;\r\npadding-bottom:0px;\r\npadding-left:0px;\r\nmargin-top:0px;\r\nmargin-right:0px;\r\nmargin-bottom:0px;\r\nmargin-left:0px;\"><a href=\"https:\/\/twitter.com\/share\" class=\"twitter-share-button\" \r\n\t\t\t\t        data-url=\"https:\/\/pensalla.cat\/?p=482\" \r\n\t\t\t\t        data-via=\"jjofra\"\r\n\t\t\t\t\t    data-text=\"El poder d'Instagram\"\r\n\t\t\t\t\t    data-related=\"\"\r\n\t\t\t\t\t    data-count=\"none\"\r\n\t\t\t\t\t    data-hashtags=\"\"\r\n\t\t\t\t\t    data-lang=\"autoLANGauto\"\r\n\t\t\t\t\t    data-counturl=\"pensalla.cat\"\r\n\t\t\t\t\t    data-size=\"medium\"\r\n\t\t\t\t\t    data-dnt=\"false\"\t> Tweet <\/a> <\/div>\r\n\t\t                <script>\r\n\t\t\t\t\t    !function(d,s,id) {\r\n\t\t\t\t\t      var js,fjs=d.getElementsByTagName(s)[0];\r\n\t\t\t\t\t      if(!d.getElementById(id)) {\r\n\t\t\t\t\t       js=d.createElement(s);js.id=id;js.src=\"https:\/\/platform.twitter.com\/widgets.js\";fjs.parentNode.insertBefore(js,fjs);\r\n\t\t\t\t\t      }\r\n\t\t\t\t\t    }\r\n\t\t\t\t\t   (document,\"script\",\"twitter-wjs\");\r\n\t\t\t\t\t    <\/script>","protected":false},"excerpt":{"rendered":"<p>Tweet Edici\u00f3 de v\u00eddeo Aquesta setmana, a\u00a0l\u2019Internauta\u00a0de\u00a0Vilaweb\u00a0i\u00a0ElPuntAvuiTV:\u00a0com fer el nostre v\u00eddeo\u00a0casol\u00e0, en versi\u00f3\u00a0v\u00eddeo,\u00a0\u00e0udio\u00a0i\/o\u00a0text I ara, un recull de tots els articles a\u00a0pensalla.cat Joan Jofra Tots els diumenges a les 15h a\u00a0ElPuntAvuiTV Edici\u00f3 de v\u00eddeo. Recordeu quan abans en una reuni\u00f3<span class=\"ellipsis\">&hellip;<\/span><\/p>\n<div class=\"read-more\"><a href=\"https:\/\/pensalla.cat\/?p=482\">Read more <span class=\"screen-reader-text\">El poder d&#8217;Instagram<\/span><span class=\"meta-nav\"> &#8250;<\/span><\/a><\/div>\n<p><!-- end of .read-more --><\/p>\n","protected":false},"author":1,"featured_media":0,"comment_status":"open","ping_status":"open","sticky":false,"template":"","format":"standard","meta":{"_exactmetrics_skip_tracking":false,"_exactmetrics_sitenote_active":false,"_exactmetrics_sitenote_note":"","_exactmetrics_sitenote_category":0,"jetpack_post_was_ever_published":false,"_jetpack_newsletter_access":"","_jetpack_dont_email_post_to_subs":false,"_jetpack_newsletter_tier_id":0,"_jetpack_memberships_contains_paywalled_content":false,"_jetpack_memberships_contains_paid_content":false,"footnotes":"","jetpack_publicize_message":"","jetpack_publicize_feature_enabled":true,"jetpack_social_post_already_shared":true,"jetpack_social_options":{"image_generator_settings":{"template":"highway","default_image_id":0,"font":"","enabled":false},"version":2}},"categories":[3],"tags":[],"class_list":["post-482","post","type-post","status-publish","format-standard","hentry","category-mails"],"aioseo_notices":[],"jetpack_publicize_connections":[],"jetpack_featured_media_url":"","jetpack_sharing_enabled":true,"_links":{"self":[{"href":"https:\/\/pensalla.cat\/index.php?rest_route=\/wp\/v2\/posts\/482","targetHints":{"allow":["GET"]}}],"collection":[{"href":"https:\/\/pensalla.cat\/index.php?rest_route=\/wp\/v2\/posts"}],"about":[{"href":"https:\/\/pensalla.cat\/index.php?rest_route=\/wp\/v2\/types\/post"}],"author":[{"embeddable":true,"href":"https:\/\/pensalla.cat\/index.php?rest_route=\/wp\/v2\/users\/1"}],"replies":[{"embeddable":true,"href":"https:\/\/pensalla.cat\/index.php?rest_route=%2Fwp%2Fv2%2Fcomments&post=482"}],"version-history":[{"count":0,"href":"https:\/\/pensalla.cat\/index.php?rest_route=\/wp\/v2\/posts\/482\/revisions"}],"wp:attachment":[{"href":"https:\/\/pensalla.cat\/index.php?rest_route=%2Fwp%2Fv2%2Fmedia&parent=482"}],"wp:term":[{"taxonomy":"category","embeddable":true,"href":"https:\/\/pensalla.cat\/index.php?rest_route=%2Fwp%2Fv2%2Fcategories&post=482"},{"taxonomy":"post_tag","embeddable":true,"href":"https:\/\/pensalla.cat\/index.php?rest_route=%2Fwp%2Fv2%2Ftags&post=482"}],"curies":[{"name":"wp","href":"https:\/\/api.w.org\/{rel}","templated":true}]}}