{"id":536,"date":"2015-03-06T06:45:08","date_gmt":"2015-03-06T05:45:08","guid":{"rendered":"http:\/\/pensalla.cat\/?p=536"},"modified":"2015-03-11T11:46:10","modified_gmt":"2015-03-11T10:46:10","slug":"un-tomb-pel-mwc","status":"publish","type":"post","link":"https:\/\/pensalla.cat\/?p=536","title":{"rendered":"Un tomb pel MWC"},"content":{"rendered":"<div style=\"padding-top:0px;\t\r\npadding-right:0px;\r\npadding-bottom:0px;\r\npadding-left:0px;\r\nmargin-top:0px;\r\nmargin-right:0px;\r\nmargin-bottom:0px;\r\nmargin-left:0px;\"><a href=\"https:\/\/twitter.com\/share\" class=\"twitter-share-button\" \r\n\t\t\t\t        data-url=\"https:\/\/pensalla.cat\/?p=536\" \r\n\t\t\t\t        data-via=\"jjofra\"\r\n\t\t\t\t\t    data-text=\"Un tomb pel MWC\"\r\n\t\t\t\t\t    data-related=\"\"\r\n\t\t\t\t\t    data-count=\"none\"\r\n\t\t\t\t\t    data-hashtags=\"\"\r\n\t\t\t\t\t    data-lang=\"autoLANGauto\"\r\n\t\t\t\t\t    data-counturl=\"pensalla.cat\"\r\n\t\t\t\t\t    data-size=\"medium\"\r\n\t\t\t\t\t    data-dnt=\"false\"\t> Tweet <\/a> <\/div>\r\n\t\t                <script>\r\n\t\t\t\t\t    !function(d,s,id) {\r\n\t\t\t\t\t      var js,fjs=d.getElementsByTagName(s)[0];\r\n\t\t\t\t\t      if(!d.getElementById(id)) {\r\n\t\t\t\t\t       js=d.createElement(s);js.id=id;js.src=\"https:\/\/platform.twitter.com\/widgets.js\";fjs.parentNode.insertBefore(js,fjs);\r\n\t\t\t\t\t      }\r\n\t\t\t\t\t    }\r\n\t\t\t\t\t   (document,\"script\",\"twitter-wjs\");\r\n\t\t\t\t\t    <\/script><table border=\"0\" width=\"100%\" cellspacing=\"0\" cellpadding=\"0\">\n<tbody>\n<tr>\n<td align=\"center\" valign=\"top\">\n<table id=\"templateHeader\" border=\"0\" width=\"100%\" cellspacing=\"0\" cellpadding=\"0\">\n<tbody>\n<tr>\n<td align=\"center\" valign=\"top\">\n<table class=\"templateContainer\" border=\"0\" width=\"600\" cellspacing=\"0\" cellpadding=\"0\">\n<tbody>\n<tr>\n<td class=\"headerContainer\" valign=\"top\">\n<table class=\"mcnImageBlock\" border=\"0\" width=\"100%\" cellspacing=\"0\" cellpadding=\"0\">\n<tbody class=\"mcnImageBlockOuter\">\n<tr>\n<td class=\"mcnImageBlockInner\" valign=\"top\">\n<table class=\"mcnImageContentContainer\" border=\"0\" width=\"100%\" cellspacing=\"0\" cellpadding=\"0\" align=\"left\">\n<tbody>\n<tr>\n<td class=\"mcnImageContent\" valign=\"top\"><a class=\"\" title=\"\" href=\"http:\/\/linternauta.us8.list-manage.com\/track\/click?u=8ebfe63be3603515c0fc41244&amp;id=7b44682fae&amp;e=d1a46bff16\" target=\"_blank\"><img data-recalc-dims=\"1\" decoding=\"async\" class=\"mcnImage\" src=\"https:\/\/i0.wp.com\/gallery.mailchimp.com\/8ebfe63be3603515c0fc41244\/images\/64385bbc-e852-48a8-844c-1ba2e8aa4623.png?w=564&#038;ssl=1\" alt=\"\"  align=\"center\" \/><\/a><\/td>\n<\/tr>\n<\/tbody>\n<\/table>\n<\/td>\n<\/tr>\n<\/tbody>\n<\/table>\n<\/td>\n<\/tr>\n<\/tbody>\n<\/table>\n<\/td>\n<\/tr>\n<\/tbody>\n<\/table>\n<\/td>\n<\/tr>\n<tr>\n<td align=\"center\" valign=\"top\">\n<table id=\"templateBody\" border=\"0\" width=\"100%\" cellspacing=\"0\" cellpadding=\"0\">\n<tbody>\n<tr>\n<td align=\"center\" valign=\"top\">\n<table class=\"templateContainer\" border=\"0\" width=\"600\" cellspacing=\"0\" cellpadding=\"0\">\n<tbody>\n<tr>\n<td class=\"bodyContainer\" valign=\"top\">\n<table class=\"mcnTextBlock\" border=\"0\" width=\"100%\" cellspacing=\"0\" cellpadding=\"0\">\n<tbody class=\"mcnTextBlockOuter\">\n<tr>\n<td class=\"mcnTextBlockInner\" valign=\"top\">\n<table class=\"mcnTextContentContainer\" border=\"0\" width=\"600\" cellspacing=\"0\" cellpadding=\"0\" align=\"left\">\n<tbody>\n<tr>\n<td class=\"mcnTextContent\" valign=\"top\">\n<h1><span class=\"s1\">MWC15<\/span><\/h1>\n<p>Aquesta setmana, a\u00a0<a href=\"http:\/\/linternauta.us8.list-manage1.com\/track\/click?u=8ebfe63be3603515c0fc41244&amp;id=fff62d1001&amp;e=d1a46bff16\" target=\"_blank\">l\u2019Internauta<\/a>\u00a0de\u00a0<a href=\"http:\/\/linternauta.us8.list-manage.com\/track\/click?u=8ebfe63be3603515c0fc41244&amp;id=5adcdbdb03&amp;e=d1a46bff16\" target=\"_blank\">Vilaweb<\/a>\u00a0i\u00a0<a href=\"http:\/\/linternauta.us8.list-manage1.com\/track\/click?u=8ebfe63be3603515c0fc41244&amp;id=6c4f87fc8a&amp;e=d1a46bff16\" target=\"_blank\">ElPuntAvuiTV<\/a>:\u00a0<strong>passejada pel Mobile i coses que em van sorprendre<\/strong>, en versi\u00f3\u00a0<a href=\"http:\/\/linternauta.us8.list-manage.com\/track\/click?u=8ebfe63be3603515c0fc41244&amp;id=0ff8861f6b&amp;e=d1a46bff16\" target=\"_blank\">v\u00eddeo<\/a>,\u00a0<a href=\"http:\/\/linternauta.us8.list-manage.com\/track\/click?u=8ebfe63be3603515c0fc41244&amp;id=804176071d&amp;e=d1a46bff16\" target=\"_blank\">\u00e0udio<\/a>\u00a0i\/o\u00a0<a href=\"http:\/\/linternauta.us8.list-manage.com\/track\/click?u=8ebfe63be3603515c0fc41244&amp;id=4379d19f1e&amp;e=d1a46bff16\" target=\"_blank\">text<\/a><\/p>\n<p>Teniu un recull de tots els articles a\u00a0<a href=\"http:\/\/linternauta.us8.list-manage.com\/track\/click?u=8ebfe63be3603515c0fc41244&amp;id=7a51c7feb5&amp;e=d1a46bff16\" target=\"_blank\">pensalla.cat<\/a><\/p>\n<p>Joan Jofra<br \/>\nTots els diumenges a les 15h a\u00a0<a href=\"http:\/\/linternauta.us8.list-manage.com\/track\/click?u=8ebfe63be3603515c0fc41244&amp;id=86c8e03431&amp;e=d1a46bff16\" target=\"_blank\">ElPuntAvuiTV<\/a><\/td>\n<\/tr>\n<\/tbody>\n<\/table>\n<\/td>\n<\/tr>\n<\/tbody>\n<\/table>\n<table class=\"mcnShareBlock\" border=\"0\" width=\"100%\" cellspacing=\"0\" cellpadding=\"0\">\n<tbody class=\"mcnShareBlockOuter\">\n<tr>\n<td class=\"mcnShareBlockInner\" valign=\"top\">\n<table class=\"mcnShareContentContainer\" border=\"0\" width=\"100%\" cellspacing=\"0\" cellpadding=\"0\">\n<tbody>\n<tr>\n<td align=\"left\"><\/td>\n<\/tr>\n<\/tbody>\n<\/table>\n<\/td>\n<\/tr>\n<\/tbody>\n<\/table>\n<\/td>\n<\/tr>\n<\/tbody>\n<\/table>\n<\/td>\n<\/tr>\n<\/tbody>\n<\/table>\n<\/td>\n<\/tr>\n<tr>\n<td align=\"center\" valign=\"top\">\n<table id=\"templateColumns\" border=\"0\" width=\"100%\" cellspacing=\"0\" cellpadding=\"0\">\n<tbody>\n<tr>\n<td align=\"center\" valign=\"top\">\n<table class=\"templateContainer\" border=\"0\" width=\"600\" cellspacing=\"0\" cellpadding=\"0\">\n<tbody>\n<tr>\n<td class=\"columnsContainer\" align=\"left\" valign=\"top\" width=\"50%\">\n<table class=\"templateColumn\" border=\"0\" width=\"100%\" cellspacing=\"0\" cellpadding=\"0\" align=\"left\">\n<tbody>\n<tr>\n<td class=\"leftColumnContainer\" valign=\"top\">\n<table class=\"mcnCaptionBlock\" border=\"0\" width=\"100%\" cellspacing=\"0\" cellpadding=\"0\">\n<tbody class=\"mcnCaptionBlockOuter\">\n<tr>\n<td class=\"mcnCaptionBlockInner\" valign=\"top\">\n<table class=\"mcnCaptionBottomContent\" border=\"0\" width=\"false\" cellspacing=\"0\" cellpadding=\"0\" align=\"left\">\n<tbody>\n<tr>\n<td class=\"mcnCaptionBottomImageContent\" align=\"center\" valign=\"top\"><a class=\"\" title=\"\" href=\"http:\/\/linternauta.us8.list-manage1.com\/track\/click?u=8ebfe63be3603515c0fc41244&amp;id=e28a1898b6&amp;e=d1a46bff16\" target=\"_blank\"><img data-recalc-dims=\"1\" decoding=\"async\" class=\"mcnImage\" src=\"https:\/\/i0.wp.com\/gallery.mailchimp.com\/8ebfe63be3603515c0fc41244\/images\/1032d422-efe2-4dac-98c8-9ae5096e1188.jpg?w=141&#038;ssl=1\" alt=\"\"  \/><\/a><\/td>\n<\/tr>\n<tr>\n<td class=\"mcnTextContent\" valign=\"top\" width=\"264\">\n<p class=\"p1\"><a href=\"http:\/\/linternauta.us8.list-manage.com\/track\/click?u=8ebfe63be3603515c0fc41244&amp;id=641e41b47d&amp;e=d1a46bff16\" target=\"_blank\"><span class=\"s1\"><strong>Un tomb pel MWC<\/strong><\/span><\/a><\/p>\n<p class=\"p1\"><span class=\"s1\">Aquesta setmana dedico l&#8217;article a explicar la meva versi\u00f3 del\u00a0<a href=\"http:\/\/linternauta.us8.list-manage.com\/track\/click?u=8ebfe63be3603515c0fc41244&amp;id=a8b1031f00&amp;e=d1a46bff16\"><span class=\"s2\">Mobile World Congress<\/span><\/a>\u00a0(MWC), no des del punt de vista estricte de tecnologia, sin\u00f3 de com vaig veure el congr\u00e9s, que no ens ha portat grans novetats disruptives, per\u00f2 si productes que milloren els actuals, com el nou Samsung Galaxy S6 i la introducci\u00f3 de molta tecnologia m\u00f2bil als cotxes.<\/span><\/p>\n<p class=\"p1\"><span class=\"s1\">El primer que veus quan entres al MWC \u00e9s una cosa que hauria d&#8217;haver-hi a tots els llocs p\u00fablics: carregadors! S\u00f3n una mena de caixes fortes petites, per a evitar que te&#8217;l prenguin, on deixes una estona carregant el m\u00f2bil, perqu\u00e8 el tema de les bateries i els m\u00f2bils encara no s&#8217;ha perfeccionat prou.<\/span><\/p>\n<p class=\"p1\"><span class=\"s1\">Des del MWC vaig piular que no m&#8217;importava la tecnologia que hi pugu\u00e9s haver dins un Maserati que hi havia a l&#8217;estand de\u00a0<a href=\"http:\/\/linternauta.us8.list-manage.com\/track\/click?u=8ebfe63be3603515c0fc41244&amp;id=8f8a509837&amp;e=d1a46bff16\"><span class=\"s2\">Qualcomm<\/span><\/a>, que em quedaria amb el Maserati encara que hagu\u00e9s de deixar el meu tel\u00e8fon tirat a terra, per\u00f2 m&#8217;heu de recon\u00e8ixer que s\u00ed que \u00e9s molt important l&#8217;acord entre Samsung i Seat per a &#8216;mobilitzar&#8217; l&#8217;Ibiza i m\u00e9s models de cotxe.<\/span><\/p>\n<p class=\"p1\"><span class=\"s1\">A l&#8217;estand de Ford (s\u00ed, era encara al MWC, no al Sal\u00f3 de l&#8217;Autom\u00f2bil!) hi havia un parell de bicis el\u00e8ctriques que em van cridar l&#8217;atenci\u00f3, i realment hi eren per cridar l&#8217;atenci\u00f3 i fer-te picar. Era un exercici d&#8217;imaginar com podia ser la mobilitat del futur en ciutats molt congestionades combinant camionetes amb capacitat de c\u00e0rrega i bicis que feien servir la camioneta de magatzem amb rodes per a poder repartir les comandes. Les bicis, les havien dissenyades els treballadors de Ford en un concurs-competici\u00f3 intern i l&#8217;empresa hi havia posat els diners per a fabricar el model i presentar-lo al MWC.<\/span><\/p>\n<\/td>\n<\/tr>\n<\/tbody>\n<\/table>\n<\/td>\n<\/tr>\n<\/tbody>\n<\/table>\n<table class=\"mcnFollowBlock\" border=\"0\" width=\"100%\" cellspacing=\"0\" cellpadding=\"0\">\n<tbody class=\"mcnFollowBlockOuter\">\n<tr>\n<td class=\"mcnFollowBlockInner\" align=\"center\" valign=\"top\">\n<table class=\"mcnFollowContentContainer\" border=\"0\" width=\"100%\" cellspacing=\"0\" cellpadding=\"0\">\n<tbody>\n<tr>\n<td align=\"center\"><\/td>\n<\/tr>\n<\/tbody>\n<\/table>\n<\/td>\n<\/tr>\n<\/tbody>\n<\/table>\n<\/td>\n<\/tr>\n<\/tbody>\n<\/table>\n<\/td>\n<td class=\"columnsContainer\" align=\"left\" valign=\"top\" width=\"50%\">\n<table class=\"templateColumn\" border=\"0\" width=\"100%\" cellspacing=\"0\" cellpadding=\"0\" align=\"right\">\n<tbody>\n<tr>\n<td class=\"rightColumnContainer\" valign=\"top\">\n<table class=\"mcnCaptionBlock\" border=\"0\" width=\"100%\" cellspacing=\"0\" cellpadding=\"0\">\n<tbody class=\"mcnCaptionBlockOuter\">\n<tr>\n<td class=\"mcnCaptionBlockInner\" valign=\"top\">\n<table class=\"mcnCaptionBottomContent\" border=\"0\" width=\"false\" cellspacing=\"0\" cellpadding=\"0\" align=\"left\">\n<tbody>\n<tr>\n<td class=\"mcnCaptionBottomImageContent\" align=\"left\" valign=\"top\"><a class=\"\" title=\"\" href=\"http:\/\/linternauta.us8.list-manage.com\/track\/click?u=8ebfe63be3603515c0fc41244&amp;id=c784bf13fd&amp;e=d1a46bff16\" target=\"_blank\"><img data-recalc-dims=\"1\" decoding=\"async\" class=\"mcnImage\" src=\"https:\/\/i0.wp.com\/gallery.mailchimp.com\/8ebfe63be3603515c0fc41244\/images\/bbbf0fd0-ef46-43fa-bf54-e1a9d382dba1.png?w=264&#038;ssl=1\" alt=\"\"  \/><\/a><\/td>\n<\/tr>\n<tr>\n<td class=\"mcnTextContent\" valign=\"top\" width=\"264\">\n<p class=\"p1\"><span class=\"s1\"><strong><a href=\"http:\/\/linternauta.us8.list-manage.com\/track\/click?u=8ebfe63be3603515c0fc41244&amp;id=19b95b9f20&amp;e=d1a46bff16\" target=\"_blank\">Adaptar-se a la mobilitat o morir<\/a><\/strong><\/span><\/p>\n<p><span class=\"s1\"><strong>L&#8217;Internauta d&#8217;aquesta setmana s&#8217;ha fet des del Mobile World Congress, on hem conversat amb Marc Trujillo, de l&#8217;empresa d&#8217;apps Marfeel<\/strong><\/span><\/p>\n<p><span class=\"s1\">&#8216;<a href=\"http:\/\/linternauta.us8.list-manage.com\/track\/click?u=8ebfe63be3603515c0fc41244&amp;id=f6da662e89&amp;e=d1a46bff16\"><span class=\"s2\">L&#8217;internauta<\/span><\/a>&#8216; d&#8217;aquesta setmana ha sortit de la redacci\u00f3 de VilaWeb i s&#8217;ha despla\u00e7at fins el\u00a0<a href=\"http:\/\/linternauta.us8.list-manage.com\/track\/click?u=8ebfe63be3603515c0fc41244&amp;id=b18e7f4511&amp;e=d1a46bff16\"><span class=\"s2\">Mobile World Congress<\/span><\/a>\u00a0(MWC) per parlar amb Marc Trujillo, de\u00a0<a href=\"http:\/\/linternauta.us8.list-manage.com\/track\/click?u=8ebfe63be3603515c0fc41244&amp;id=8111ecac43&amp;e=d1a46bff16\"><span class=\"s2\">Marfeel<\/span><\/a>, una de les moltes empreses barcelonines i catalanes que aquests \u00faltims anys s&#8217;han sumat al sector de la mobilitat aprofitant la\u00a0<a href=\"http:\/\/linternauta.us8.list-manage.com\/track\/click?u=8ebfe63be3603515c0fc41244&amp;id=0533558a26&amp;e=d1a46bff16\"><span class=\"s2\">capitalitat mundial<\/span><\/a>. En el seu cas, l&#8217;objectiu \u00e9s adaptar els continguts web als dispositius m\u00f2bils, siguin tel\u00e8fons intel\u00b7ligents o pissarretes, amb versions espec\u00edficament desenvolupades i no pas com a simples adaptacions a la mida de la pantalla. Conscients que l&#8217;usuari lector tendeix cada vegada m\u00e9s a abandonar l&#8217;ordinador fix pels dispositius m\u00f2bils, especialment la pissarreta (en qu\u00e8 les m\u00e8triques es disparen), Marfeel intenta de tenir cura de desenes de microdetalls per fer m\u00e9s c\u00f2moda l&#8217;experi\u00e8ncia lectora amb les seves versions i ajudar a multiplicar, aix\u00ed, el nombre de temps de lectura i de p\u00e0gines vistes. &#8216;Normalment treballem amb webs i blocs que tenen un m\u00ednim de cent mil visites m\u00f2bils mensuals: els fem la versi\u00f3 m\u00f2bil de la web, hi posem publicitat de Google que gestionem nosaltres i despr\u00e9s repartim els beneficis.&#8217; Amb tan sols dos anys de funcionament, i un de sortida i d&#8217;expansi\u00f3, ja gestiona cent milions d&#8217;usuaris m\u00f2bils el mes a trav\u00e9s de totes les publicacions que s&#8217;hi han unit, cosa que els situa en una posici\u00f3 de for\u00e7a davant el cercador californi\u00e0 i els anunciants. Tot i tenir la seu a la Rambla de Catalunya, la clientela s&#8217;ha internacionalitzat r\u00e0pidament, amb un 45% del mercat als EUA. Sobre les perspectives de futur, Trujillo \u00e9s ben gr\u00e0fic: &#8216;Enguany ens hem estrenat al MWC al Hall 8; esperem que els anys vinents ens anem acostant cap al 3 o el 2, cosa que voldria dir ser una de les grans empreses del sector.&#8217;<\/span><\/p>\n<\/td>\n<\/tr>\n<\/tbody>\n<\/table>\n<\/td>\n<\/tr>\n<\/tbody>\n<\/table>\n<\/td>\n<\/tr>\n<\/tbody>\n<\/table>\n<\/td>\n<\/tr>\n<\/tbody>\n<\/table>\n<\/td>\n<\/tr>\n<\/tbody>\n<\/table>\n<\/td>\n<\/tr>\n<tr>\n<td align=\"center\" valign=\"top\">\n<table id=\"templateFooter\" border=\"0\" width=\"100%\" cellspacing=\"0\" cellpadding=\"0\">\n<tbody>\n<tr>\n<td align=\"center\" valign=\"top\"><\/td>\n<\/tr>\n<\/tbody>\n<\/table>\n<\/td>\n<\/tr>\n<\/tbody>\n<\/table>\n<div style=\"padding-top:0px;\t\r\npadding-right:0px;\r\npadding-bottom:0px;\r\npadding-left:0px;\r\nmargin-top:0px;\r\nmargin-right:0px;\r\nmargin-bottom:0px;\r\nmargin-left:0px;\"><a href=\"https:\/\/twitter.com\/share\" class=\"twitter-share-button\" \r\n\t\t\t\t        data-url=\"https:\/\/pensalla.cat\/?p=536\" \r\n\t\t\t\t        data-via=\"jjofra\"\r\n\t\t\t\t\t    data-text=\"Un tomb pel MWC\"\r\n\t\t\t\t\t    data-related=\"\"\r\n\t\t\t\t\t    data-count=\"none\"\r\n\t\t\t\t\t    data-hashtags=\"\"\r\n\t\t\t\t\t    data-lang=\"autoLANGauto\"\r\n\t\t\t\t\t    data-counturl=\"pensalla.cat\"\r\n\t\t\t\t\t    data-size=\"medium\"\r\n\t\t\t\t\t    data-dnt=\"false\"\t> Tweet <\/a> <\/div>\r\n\t\t                <script>\r\n\t\t\t\t\t    !function(d,s,id) {\r\n\t\t\t\t\t      var js,fjs=d.getElementsByTagName(s)[0];\r\n\t\t\t\t\t      if(!d.getElementById(id)) {\r\n\t\t\t\t\t       js=d.createElement(s);js.id=id;js.src=\"https:\/\/platform.twitter.com\/widgets.js\";fjs.parentNode.insertBefore(js,fjs);\r\n\t\t\t\t\t      }\r\n\t\t\t\t\t    }\r\n\t\t\t\t\t   (document,\"script\",\"twitter-wjs\");\r\n\t\t\t\t\t    <\/script>","protected":false},"excerpt":{"rendered":"<p>Tweet MWC15 Aquesta setmana, a\u00a0l\u2019Internauta\u00a0de\u00a0Vilaweb\u00a0i\u00a0ElPuntAvuiTV:\u00a0passejada pel Mobile i coses que em van sorprendre, en versi\u00f3\u00a0v\u00eddeo,\u00a0\u00e0udio\u00a0i\/o\u00a0text Teniu un recull de tots els articles a\u00a0pensalla.cat Joan Jofra Tots els diumenges a les 15h a\u00a0ElPuntAvuiTV Un tomb pel MWC Aquesta setmana dedico l&#8217;article<span class=\"ellipsis\">&hellip;<\/span><\/p>\n<div class=\"read-more\"><a href=\"https:\/\/pensalla.cat\/?p=536\">Read more <span class=\"screen-reader-text\">Un tomb pel MWC<\/span><span class=\"meta-nav\"> &#8250;<\/span><\/a><\/div>\n<p><!-- end of .read-more --><\/p>\n","protected":false},"author":1,"featured_media":0,"comment_status":"open","ping_status":"open","sticky":false,"template":"","format":"standard","meta":{"_exactmetrics_skip_tracking":false,"_exactmetrics_sitenote_active":false,"_exactmetrics_sitenote_note":"","_exactmetrics_sitenote_category":0,"jetpack_post_was_ever_published":false,"_jetpack_newsletter_access":"","_jetpack_dont_email_post_to_subs":false,"_jetpack_newsletter_tier_id":0,"_jetpack_memberships_contains_paywalled_content":false,"_jetpack_memberships_contains_paid_content":false,"footnotes":"","jetpack_publicize_message":"","jetpack_publicize_feature_enabled":true,"jetpack_social_post_already_shared":true,"jetpack_social_options":{"image_generator_settings":{"template":"highway","default_image_id":0,"font":"","enabled":false},"version":2}},"categories":[3],"tags":[],"class_list":["post-536","post","type-post","status-publish","format-standard","hentry","category-mails"],"aioseo_notices":[],"jetpack_publicize_connections":[],"jetpack_featured_media_url":"","jetpack_sharing_enabled":true,"_links":{"self":[{"href":"https:\/\/pensalla.cat\/index.php?rest_route=\/wp\/v2\/posts\/536","targetHints":{"allow":["GET"]}}],"collection":[{"href":"https:\/\/pensalla.cat\/index.php?rest_route=\/wp\/v2\/posts"}],"about":[{"href":"https:\/\/pensalla.cat\/index.php?rest_route=\/wp\/v2\/types\/post"}],"author":[{"embeddable":true,"href":"https:\/\/pensalla.cat\/index.php?rest_route=\/wp\/v2\/users\/1"}],"replies":[{"embeddable":true,"href":"https:\/\/pensalla.cat\/index.php?rest_route=%2Fwp%2Fv2%2Fcomments&post=536"}],"version-history":[{"count":0,"href":"https:\/\/pensalla.cat\/index.php?rest_route=\/wp\/v2\/posts\/536\/revisions"}],"wp:attachment":[{"href":"https:\/\/pensalla.cat\/index.php?rest_route=%2Fwp%2Fv2%2Fmedia&parent=536"}],"wp:term":[{"taxonomy":"category","embeddable":true,"href":"https:\/\/pensalla.cat\/index.php?rest_route=%2Fwp%2Fv2%2Fcategories&post=536"},{"taxonomy":"post_tag","embeddable":true,"href":"https:\/\/pensalla.cat\/index.php?rest_route=%2Fwp%2Fv2%2Ftags&post=536"}],"curies":[{"name":"wp","href":"https:\/\/api.w.org\/{rel}","templated":true}]}}